{"id":101220,"date":"2023-07-11T08:25:34","date_gmt":"2023-07-11T11:25:34","guid":{"rendered":"https:\/\/grandepremio.com\/br\/noticias\/daniel-ricciardo-assume-volante-rb19-teste-pneus-pirelli-silverstone\/"},"modified":"2023-07-11T08:32:54","modified_gmt":"2023-07-11T11:32:54","slug":"daniel-ricciardo-assume-volante-rb19-teste-pneus-pirelli-silverstone","status":"publish","type":"post","link":"https:\/\/grandepremio.com\/br\/f1\/daniel-ricciardo-assume-volante-rb19-teste-pneus-pirelli-silverstone\/","title":{"rendered":"Ricciardo assume volante do RB19 em teste de pneus da Pirelli em Silverstone"},"content":{"rendered":"\n<p class=\"wp-block-paragraph\">Cinco anos ap\u00f3s a \u00faltima corrida pela <strong>Red Bull<\/strong>, no final da temporada 2018, <strong>Daniel Ricciardo<\/strong> voltou a guiar oficialmente o carro titular da equipe austr\u00edaca nesta ter\u00e7a-feira (11), em <strong>Silverstone<\/strong>, durante a sess\u00e3o de testes de pneus promovida pela <strong>Pirelli<\/strong>. \u00c9 o retorno oficial do australiano \u00e0s pistas desde o rompimento com a <strong>McLaren <\/strong>ao final de 2022.<\/p>\n\n\n\n<p class=\"wp-block-paragraph\">Ricciardo foi resgatado pela base em Milton Keynes para ser piloto de testes e tamb\u00e9m um dos reservas de <strong>Max Verstappen <\/strong>e <strong>Sergio P\u00e9rez<\/strong>. Desde o in\u00edcio do ano, contudo, o veterano tem sido mais acionado para eventos de marketing da Red Bull, fun\u00e7\u00e3o esta que foi muito bem explicada por<strong> Christian Horner<\/strong> na \u00e9poca da contrata\u00e7\u00e3o.<\/p>\n\n\n\n<p class=\"wp-block-paragraph\"><strong>\u25b6\ufe0f&nbsp;Inscreva-se nos dois canais do GRANDE PR\u00caMIO no YouTube:&nbsp;<a href=\"https:\/\/www.youtube.com\/channel\/UC9OlHEgxoaY6QY6nWPoiqQg?sub_confirmation=1\" target=\"_blank\" rel=\"noreferrer noopener\">GP<\/a>&nbsp;|&nbsp;<a href=\"https:\/\/www.youtube.com\/channel\/UC9csiS6q_C3C0FYhyr1rnFA?sub_confirmation=1\" target=\"_blank\" rel=\"noreferrer noopener\">GP2<\/a><\/strong><br><strong>\u25b6\ufe0f&nbsp;<a href=\"https:\/\/www.twitch.tv\/grandepremio\" target=\"_blank\" rel=\"noreferrer noopener\">Conhe\u00e7a o canal do GRANDE PR\u00caMIO na Twitch clicando aqui!<\/a><\/strong><\/p>\n\n\n\n<figure class=\"wp-block-image size-large\"><img decoding=\"async\" src=\"https:\/\/www.grandepremio.com\/br\/wp-content\/uploads\/2023\/07\/SI202307110142-1024x683.jpg\" alt=\"Daniel Ricciardo, Red Bull, F1 2023, Formula 1 Testing At Silverstone\" class=\"wp-image-706933\"\/><figcaption class=\"wp-element-caption\">Daniel Ricciardo (Foto: Red Bull Content Pool)<\/figcaption><\/figure>\n\n\n\n<p class=\"wp-block-paragraph\">S\u00f3 que o jogo come\u00e7ou a virar a favor de Daniel por conta do desempenho ruim do novato Nyck de Vries com a AlphaTauri, equipe B dos taurinos, na primeira metade da temporada. A escala\u00e7\u00e3o de Ricciardo para andar com o RB19 em Silverstone n\u00e3o foi por acaso: o pr\u00f3prio <strong>Helmut Marko<\/strong>, consultor da Red Bull, <a href=\"https:\/\/www.grandepremio.com\/br\/f1\/noticias\/red-bull-fala-manter-opcoes-abertas-lugar-sergio-perez-ja-avalia-daniel-ricciardo\/\" class=\"ek-link\">confirmou que a sess\u00e3o servir\u00e1 para avaliar qual o real ritmo do australiano<\/a>.<\/p>\n\n\n\n<p class=\"wp-block-paragraph\">Sobre a chance de guiar o melhor carro do grid atual, Ricciardo falou ao <em>SpeedCity <\/em>que estava &#8220;pronto e ansioso&#8221; para a miss\u00e3o e ainda desconversou quando foi questionado especificamente sobre a equipe de Faenza: &#8220;Nunca se sabe, nunca se sabe\u2026 ent\u00e3o estou me preparando.&#8221;<\/p>\n\n\n\n<p class=\"wp-block-paragraph\">H\u00e1 tamb\u00e9m outra op\u00e7\u00e3o, ainda que descartada por Horner: a de que a volta repentina \u00e0 AlphaTauri, caso confirmada, apenas ajude a preparar o terreno para o retorno oficial de Ricciardo ao cockpit taurino no lugar de P\u00e9rez, que mais uma vez n\u00e3o conseguiu passar ao <strong>Q3 <\/strong>de uma classifica\u00e7\u00e3o pela quinta corrida consecutiva. Tal troca, no entanto, n\u00e3o passa de especula\u00e7\u00e3o, com o dirigente ingl\u00eas assegurando que a equipe est\u00e1 prestando todo o suporte necess\u00e1rio para Checo reencontrar as boas performances vistas no in\u00edcio do ano.<\/p>\n\n\n\n<p class=\"wp-block-paragraph\">Ricciardo dar\u00e1 sequ\u00eancia \u00e0 sess\u00e3o com a Pirelli nesta quarta-feira.<\/p>\n\n\n\n<figure class=\"wp-block-embed is-type-video is-provider-youtube wp-block-embed-youtube wp-embed-aspect-16-9 wp-has-aspect-ratio\"><div class=\"wp-block-embed__wrapper\">\n<iframe loading=\"lazy\" title=\"Verstappen vence F\u00c1CIL na F1 em Silverstone. NORRIS rouba cena | Paddock GP #337\" width=\"500\" height=\"281\" src=\"https:\/\/www.youtube.com\/embed\/-aMmUH9LQeU?feature=oembed\" frameborder=\"0\" allow=\"accelerometer; autoplay; clipboard-write; encrypted-media; gyroscope; picture-in-picture; web-share\" referrerpolicy=\"strict-origin-when-cross-origin\" allowfullscreen><\/iframe>\n<\/div><\/figure>\n","protected":false},"excerpt":{"rendered":"<p>Daniel Ricciardo retornou oficialmente ao volante do carro titular da Red Bull nesta ter\u00e7a-feira (11), em Silverstone, durante os testes de pneus da Pirelli. O australiano est\u00e1 na mira de Helmut Marko e pode voltar ao grid da F\u00f3rmula 1 no lugar de Nyck de Vries<\/p>\n","protected":false},"author":0,"featured_media":1000706932,"comment_status":"closed","ping_status":"closed","sticky":false,"template":"","format":"standard","meta":{"42wp_featured_image_caption":"","42wp_featured_image_credits":"","42wp_featured_video":"","42wp_featured_image_hidden":false,"42wp_authors_list":[],"footnotes":""},"categories":[2],"tags":[524,26271,5273,211,147,6533,180,30722,1505,1491,28285,30840,897,4361,1126,3632,35630,31927,31447],"42wp_author":[47147],"class_list":["post-101220","post","type-post","status-publish","format-standard","has-post-thumbnail","hentry","category-f1","tag-alphatauri","tag-calendario-f1","tag-classificacao-f1","tag-daniel-ricciardo","tag-f1","tag-f1-2023","tag-formula-1","tag-formula-1-2023","tag-gp-da-inglaterra","tag-grande-premio","tag-grandepremio","tag-horarios-f1","tag-inglaterra","tag-inglaterra-f1","tag-pirelli","tag-silverstone","tag-silverstone-2023","tag-silverstone-f1","tag-temporada-2023-f1","42wp_author-luana-marino"],"_links":{"self":[{"href":"https:\/\/grandepremio.com\/br\/wp-json\/wp\/v2\/posts\/101220","targetHints":{"allow":["GET"]}}],"collection":[{"href":"https:\/\/grandepremio.com\/br\/wp-json\/wp\/v2\/posts"}],"about":[{"href":"https:\/\/grandepremio.com\/br\/wp-json\/wp\/v2\/types\/post"}],"replies":[{"embeddable":true,"href":"https:\/\/grandepremio.com\/br\/wp-json\/wp\/v2\/comments?post=101220"}],"version-history":[{"count":0,"href":"https:\/\/grandepremio.com\/br\/wp-json\/wp\/v2\/posts\/101220\/revisions"}],"wp:featuredmedia":[{"embeddable":true,"href":"https:\/\/grandepremio.com\/br\/wp-json\/wp\/v2\/media\/1000706932"}],"wp:attachment":[{"href":"https:\/\/grandepremio.com\/br\/wp-json\/wp\/v2\/media?parent=101220"}],"wp:term":[{"taxonomy":"category","embeddable":true,"href":"https:\/\/grandepremio.com\/br\/wp-json\/wp\/v2\/categories?post=101220"},{"taxonomy":"post_tag","embeddable":true,"href":"https:\/\/grandepremio.com\/br\/wp-json\/wp\/v2\/tags?post=101220"},{"taxonomy":"42wp_author","embeddable":true,"href":"https:\/\/grandepremio.com\/br\/wp-json\/wp\/v2\/42wp_author?post=101220"}],"curies":[{"name":"wp","href":"https:\/\/api.w.org\/{rel}","templated":true}]}}