{"id":101236,"date":"2023-07-10T10:44:56","date_gmt":"2023-07-10T13:44:56","guid":{"rendered":"https:\/\/grandepremio.com\/br\/noticias\/mercedes-progresso-mclaren-resultado-tempo-maior-tunel-vento\/"},"modified":"2023-07-10T10:52:06","modified_gmt":"2023-07-10T13:52:06","slug":"mercedes-progresso-mclaren-resultado-tempo-maior-tunel-vento","status":"publish","type":"post","link":"https:\/\/grandepremio.com\/br\/f1\/mercedes-progresso-mclaren-resultado-tempo-maior-tunel-vento\/","title":{"rendered":"Mercedes v\u00ea progresso da McLaren resultado de tempo maior em t\u00fanel de vento"},"content":{"rendered":"\n<figure class=\"wp-block-embed is-type-video is-provider-youtube wp-block-embed-youtube wp-embed-aspect-16-9 wp-has-aspect-ratio\"><div class=\"wp-block-embed__wrapper\">\n<iframe loading=\"lazy\" title=\"McLaren a jato prova: F1 2023 seria incr\u00edvel sem Verstappen | GP \u00e0s 10\" width=\"500\" height=\"281\" src=\"https:\/\/www.youtube.com\/embed\/3kvw7QHpTU0?feature=oembed\" frameborder=\"0\" allow=\"accelerometer; autoplay; clipboard-write; encrypted-media; gyroscope; picture-in-picture; web-share\" referrerpolicy=\"strict-origin-when-cross-origin\" allowfullscreen><\/iframe>\n<\/div><\/figure>\n\n\n\n<p class=\"wp-block-paragraph\">A <strong>McLaren <\/strong>deixou o grid inteiro da <strong>F\u00f3rmula 1<\/strong> at\u00f4nito com a \u00f3tima performance de <strong>Lando Norris<\/strong> e <strong>Oscar Piastri<\/strong> no <strong>GP da Inglaterra<\/strong>, por\u00e9m<strong> Toto Wolff<\/strong>,<strong> <\/strong>chefe da Mercedes,<strong> <\/strong>acredita que o progresso visto em <strong>Silverstone <\/strong>\u00e9 resultante das regras atuais da categoria. O regulamento permite que quanto mais distante uma equipe termine da ponta da tabela, maior seja o tempo em t\u00fanel de vento para o desenvolvimento do projeto do ano seguinte.<\/p>\n\n\n\n<p class=\"wp-block-paragraph\">Em 2022, a McLaren foi a quinta colocada, perdendo para a <strong>Alpine <\/strong>e ainda vendo <strong>Mercedes<\/strong>, <strong>Ferrari <\/strong>e <strong>Red Bull <\/strong>ficando \u00e0 frente. A compensa\u00e7\u00e3o, no entanto, \u00e9 que o time de Woking ganhou 10% a mais de t\u00fanel de vento comparado \u00e0 equipe chefiada por Wolff, por exemplo, e \u00e9 justamente esse o ponto que tem feito a diferen\u00e7a, na vis\u00e3o do austr\u00edaco.<\/p>\n\n\n\n<p class=\"wp-block-paragraph\"><strong>\u25b6\ufe0f\u00a0Inscreva-se nos dois canais do GRANDE PR\u00caMIO no YouTube:\u00a0<a href=\"https:\/\/www.youtube.com\/channel\/UC9OlHEgxoaY6QY6nWPoiqQg?sub_confirmation=1\" target=\"_blank\" rel=\"noreferrer noopener\">GP<\/a>\u00a0|\u00a0<a href=\"https:\/\/www.youtube.com\/channel\/UC9csiS6q_C3C0FYhyr1rnFA?sub_confirmation=1\" target=\"_blank\" rel=\"noreferrer noopener\">GP2<\/a><\/strong><br><strong>\u25b6\ufe0f\u00a0<a href=\"https:\/\/www.twitch.tv\/grandepremio\" target=\"_blank\" rel=\"noreferrer noopener\">Conhe\u00e7a o canal do GRANDE PR\u00caMIO na Twitch clicando aqui!<\/a><\/strong><\/p>\n\n\n\n<figure class=\"wp-block-image size-large\"><img decoding=\"async\" src=\"https:\/\/www.grandepremio.com\/br\/wp-content\/uploads\/2023\/07\/f1-2023-austria-corrida-mclaren-landonorris-afp-03-1024x683.jpg\" alt=\"\" class=\"wp-image-706179\"\/><figcaption class=\"wp-element-caption\">Norris chegou a liderar o GP da Inglaterra ap\u00f3s uma excelente largada (Foto: AFP) <\/figcaption><\/figure>\n\n\n\n<p class=\"wp-block-paragraph\">&#8220;Acho que estamos limitados pelo teto or\u00e7ament\u00e1rio e pelas relativas perdas em t\u00fanel de vento e tempo no CFD (sigla em ingl\u00eas para Din\u00e2mica de Fluidos Computacional, que \u00e9 a simula\u00e7\u00e3o feita em computadores) em rela\u00e7\u00e3o ao que a McLaren conseguiu ter&#8221;, avaliou Toto <a href=\"https:\/\/www.grandepremio.com\/br\/f1\/noticias\/max-verstappen-ate-toma-susto-recupera-ponta-desfila-vencer-gp-da-inglaterra\/\" class=\"ek-link\">ap\u00f3s a corrida de domingo (9)<\/a>, vencida por <strong>Max Verstappen <\/strong>e com Norris em segundo, \u00e0 frente de <strong>Lewis Hamilton<\/strong>.<\/p>\n\n\n\n<p class=\"wp-block-paragraph\">&#8220;Eles terminaram mais atr\u00e1s no campeonato e estavam em quinto ou sexto no meio do ano. Portanto, eles tiveram mais tempo de t\u00fanel de vento. E \u00e9 por isso que \u00e9 meio dif\u00edcil&#8221;, reconheceu Wolff ao ser questionado sobre as mudan\u00e7as que ainda vir\u00e3o para o <strong>W14 <\/strong>nas pr\u00f3ximas etapas.<\/p>\n\n\n\n<p class=\"wp-block-paragraph\">O time comandado por <strong>Zak Brown<\/strong> festejou bastante o quase p\u00f3dio duplo \u2014 Piastri ficou em quarto \u2014 e ainda prometeu mais atualiza\u00e7\u00f5es at\u00e9 a parada para as f\u00e9rias de ver\u00e3o europeu. A Mercedes tamb\u00e9m tem mais altera\u00e7\u00f5es em vista, por\u00e9m Toto explicou que n\u00e3o aposta em mudan\u00e7as dr\u00e1sticas na performance ap\u00f3s o baque em terras brit\u00e2nicas. <\/p>\n\n\n\n<p class=\"wp-block-paragraph\">&#8220;Se eu acredito que temos atualiza\u00e7\u00f5es que v\u00e3o mudar essencialmente o carro? N\u00e3o acredito nisso. Mas h\u00e1 alguns pequenos passos que est\u00e3o por vir. E podemos ver que se voc\u00ea encontra 0s1, ou 0s2 ou 0s3, isso j\u00e1 te coloca em uma posi\u00e7\u00e3o diferente no grid&#8221;, completou.<\/p>\n","protected":false},"excerpt":{"rendered":"<p>A McLaren terminou a temporada 2022 em quinto, enquanto a Mercedes foi a terceira colocada. Com isso, o time chefiado por Zak Brown ganhou mais tempo em t\u00fanel de vento comparado \u00e0 equipe de Toto Wolff, e esse \u00e9 o ponto que tem feito a diferen\u00e7a, na vis\u00e3o do austr\u00edaco<\/p>\n","protected":false},"author":0,"featured_media":1000706420,"comment_status":"closed","ping_status":"closed","sticky":false,"template":"","format":"standard","meta":{"42wp_featured_image_caption":"","42wp_featured_image_credits":"","42wp_featured_video":"","42wp_featured_image_hidden":false,"42wp_authors_list":[],"footnotes":""},"categories":[2],"tags":[26271,5273,147,6533,180,30722,1505,1491,28285,30840,897,4361,90,82,3632,35630,31927,31447,150],"42wp_author":[47147],"class_list":["post-101236","post","type-post","status-publish","format-standard","has-post-thumbnail","hentry","category-f1","tag-calendario-f1","tag-classificacao-f1","tag-f1","tag-f1-2023","tag-formula-1","tag-formula-1-2023","tag-gp-da-inglaterra","tag-grande-premio","tag-grandepremio","tag-horarios-f1","tag-inglaterra","tag-inglaterra-f1","tag-mclaren","tag-mercedes","tag-silverstone","tag-silverstone-2023","tag-silverstone-f1","tag-temporada-2023-f1","tag-toto-wolff","42wp_author-luana-marino"],"_links":{"self":[{"href":"https:\/\/grandepremio.com\/br\/wp-json\/wp\/v2\/posts\/101236","targetHints":{"allow":["GET"]}}],"collection":[{"href":"https:\/\/grandepremio.com\/br\/wp-json\/wp\/v2\/posts"}],"about":[{"href":"https:\/\/grandepremio.com\/br\/wp-json\/wp\/v2\/types\/post"}],"replies":[{"embeddable":true,"href":"https:\/\/grandepremio.com\/br\/wp-json\/wp\/v2\/comments?post=101236"}],"version-history":[{"count":0,"href":"https:\/\/grandepremio.com\/br\/wp-json\/wp\/v2\/posts\/101236\/revisions"}],"wp:featuredmedia":[{"embeddable":true,"href":"https:\/\/grandepremio.com\/br\/wp-json\/wp\/v2\/media\/1000706420"}],"wp:attachment":[{"href":"https:\/\/grandepremio.com\/br\/wp-json\/wp\/v2\/media?parent=101236"}],"wp:term":[{"taxonomy":"category","embeddable":true,"href":"https:\/\/grandepremio.com\/br\/wp-json\/wp\/v2\/categories?post=101236"},{"taxonomy":"post_tag","embeddable":true,"href":"https:\/\/grandepremio.com\/br\/wp-json\/wp\/v2\/tags?post=101236"},{"taxonomy":"42wp_author","embeddable":true,"href":"https:\/\/grandepremio.com\/br\/wp-json\/wp\/v2\/42wp_author?post=101236"}],"curies":[{"name":"wp","href":"https:\/\/api.w.org\/{rel}","templated":true}]}}