{"id":101243,"date":"2023-07-10T08:08:28","date_gmt":"2023-07-10T11:08:28","guid":{"rendered":"https:\/\/grandepremio.com\/br\/noticias\/sergio-perez-minimiza-rumores-futuro-red-bull-equipe-sabe-potencial\/"},"modified":"2023-07-10T08:09:17","modified_gmt":"2023-07-10T11:09:17","slug":"sergio-perez-minimiza-rumores-futuro-red-bull-equipe-sabe-potencial","status":"publish","type":"post","link":"https:\/\/grandepremio.com\/br\/f1\/sergio-perez-minimiza-rumores-futuro-red-bull-equipe-sabe-potencial\/","title":{"rendered":"P\u00e9rez minimiza rumores sobre futuro na Red Bull: \u201cEquipe sabe do meu potencial\u201d"},"content":{"rendered":"\n<p class=\"wp-block-paragraph\"><strong>Sergio P\u00e9rez <\/strong>afirmou que \u201cn\u00e3o est\u00e1 preocupado\u201d com os rumores sobre o futuro na Red Bull. 99 pontos atr\u00e1s de <strong>Max Verstappen<\/strong>, companheiro na escuderia dos energ\u00e9ticos, na classifica\u00e7\u00e3o da <strong>F\u00f3rmula 1<\/strong>, o mexicano ressaltou que est\u00e1 focado apenas em colocar a temporada de volta \u00e0s trilhos.<\/p>\n\n\n\n<p class=\"wp-block-paragraph\">P\u00e9rez tem enfrentado dificuldades de performance especialmente na classifica\u00e7\u00e3o. No fim de semana, <strong>Helmut Marko<\/strong>, consultor da equipe dos energ\u00e9ticos, <a href=\"https:\/\/www.grandepremio.com\/br\/f1\/noticias\/red-bull-cobra-sergio-perez-melhor-classificacao-tambem-vamos-trabalhar-nisso\/\" class=\"ek-link\">pressionou por melhora do #11, mas assumiu que a Red Bull tamb\u00e9m precisa avaliar o que est\u00e1 acontecendo<\/a>.<\/p>\n\n\n\n<figure class=\"wp-block-image size-large\"><img decoding=\"async\" src=\"https:\/\/www.grandepremio.com\/br\/wp-content\/uploads\/2023\/07\/SI202307090253_hires_jpeg_24bit_rgb-1024x660.jpg\" alt=\"\" class=\"wp-image-706689\"\/><figcaption class=\"wp-element-caption\">Sergio P\u00e9rez fechou a corrida em Silvertone na sexta coloca\u00e7\u00e3o (Foto:  Mark Thompson\/Getty Images)<\/figcaption><\/figure>\n\n\n\n<p class=\"wp-block-paragraph\"><strong>\u25b6\ufe0f\u00a0Inscreva-se nos dois canais do GRANDE PR\u00caMIO no YouTube:\u00a0<a href=\"https:\/\/www.youtube.com\/channel\/UC9OlHEgxoaY6QY6nWPoiqQg?sub_confirmation=1\" target=\"_blank\" rel=\"noreferrer noopener\">GP<\/a>\u00a0|\u00a0<a href=\"https:\/\/www.youtube.com\/channel\/UC9csiS6q_C3C0FYhyr1rnFA?sub_confirmation=1\" target=\"_blank\" rel=\"noreferrer noopener\">GP2<\/a><\/strong><br><strong>\u25b6\ufe0f\u00a0<a href=\"https:\/\/www.twitch.tv\/grandepremio\" target=\"_blank\" rel=\"noreferrer noopener\">Conhe\u00e7a o canal do GRANDE PR\u00caMIO na Twitch clicando aqui!<\/a><\/strong><\/p>\n\n\n\n<p class=\"wp-block-paragraph\">Depois de largar em 15\u00ba no GP da Inglaterra, <a href=\"https:\/\/www.grandepremio.com\/br\/f1\/noticias\/max-verstappen-ate-toma-susto-recupera-ponta-desfila-vencer-gp-da-inglaterra\/\" class=\"ek-link\">P\u00e9rez avan\u00e7ou at\u00e9 a sexta coloca\u00e7\u00e3o<\/a>, mas entende que poderia ter ido mais longe n\u00e3o fosse um toque com <strong>Esteban Ocon <\/strong>no in\u00edcio da disputa em Silverstone.<\/p>\n\n\n\n<p class=\"wp-block-paragraph\">\u201cNada funcionou hoje. Tive uma \u00f3tima largada, mas a\u00ed fui atingido por Ocon na primeira volta e perdi uma posi\u00e7\u00e3o ao inv\u00e9s de ganhar, ent\u00e3o isso tornou a recupera\u00e7\u00e3o ainda mais dif\u00edcil. Usei demais o pneu naquele primeiro stint, paramos acho que tr\u00eas voltas antes do safety-car, ent\u00e3o n\u00e3o era para ser, mas, no fim, demos tudo e fiz o que foi poss\u00edvel\u201d, seguiu.<\/p>\n\n\n\n<p class=\"wp-block-paragraph\">Apesar de ter conseguido superar Carlos Sainz Jr. e Fernando Alonso na parte final da corrida em Silverstone, P\u00e9rez apontou que era dif\u00edcil seguir os rivais de perto.<\/p>\n\n\n\n<p class=\"wp-block-paragraph\">\u201cFoi realmente dif\u00edcil progredir, especialmente no final, onde todos estavam com os pneus com o mesmo n\u00famero de voltas, n\u00e3o h\u00e1 um delta de pneu, foi muito dif\u00edcil conseguir qualquer progresso, pois seguir em alta velocidade \u00e9 complicado\u201d, avaliou. \u201cSim, isso torna tudo mais dif\u00edcil, quando voc\u00ea quer seguir, s\u00f3 perde downforce, ent\u00e3o fica dif\u00edcil. Acho que com um pouco mais de sorte, poder\u00edamos terminar mais \u00e0 frente\u201d, ponderou.<\/p>\n\n\n\n<p class=\"wp-block-paragraph\">Longe da parte final da classifica\u00e7\u00e3o desde o GP de <strong>Miami<\/strong>, em maio passado, P\u00e9rez reconhece que precisa dar um jeito de melhorar a performance na defini\u00e7\u00e3o do grid para ter mais chances na corrida.<\/p>\n\n\n\n<p class=\"wp-block-paragraph\">\u201cAcho que \u00e9 uma soma d detalhes. Me tornei mais sens\u00edvel ao carro nas \u00faltimas corridas, especialmente aos s\u00e1bados, com pouco combust\u00edvel, algo em que vou trabalhar a partir de amanh\u00e3 no simulador com a equipe\u201d, avisou. \u201cTemos algumas ideias, mas operamos em uma janela muito pequena de detalhes que, sim, quer dizer, n\u00f3s precisamos de um s\u00e1bado forte. O positivo \u00e9 que o ritmo est\u00e1 l\u00e1 no domingo, quando os pontos s\u00e3o distribu\u00eddos, mas temos de entender e ter um fim de semana limpo, pois o ritmo est\u00e1 l\u00e1\u201d, sublinhou.<\/p>\n\n\n\n<p class=\"wp-block-paragraph\">\u201cEstamos progredindo, pois o ritmo est\u00e1 l\u00e1 nos domingos, mas \u00e9 uma quest\u00e3o do fim de semana como um todo. Tivemos alguns fins de semana ruins\u201d, ponderou. \u201cNo fim das contas, s\u00f3 importa onde vamos terminar em Abu Dhabi. Ainda \u00e9 uma temporada longa, acredito completamente que posso colocar a minha temporada nos trilhos\u201d, declarou.<\/p>\n\n\n\n<p class=\"wp-block-paragraph\">Por fim, ao comentar as especula\u00e7\u00f5es em rela\u00e7\u00e3o ao futuro na Red Bull, P\u00e9rez destacou que \u201cn\u00e3o d\u00e1 a m\u00ednima\u201d para os rumores.<\/p>\n\n\n\n<p class=\"wp-block-paragraph\">\u201cEm 13 anos na F1, j\u00e1 vi de tudo. N\u00e3o estou preocupado com nada disso, estou principalmente focado em colocar a minha temporada de voltas aos trilhos e garantir que eu siga curtindo\u201d, defendeu. \u201cTenho apoio total de Helmut [Marko] e Christian [Horner], toda a equipe est\u00e1 me apoiando, sabem o que eu posso fazer, sabem do meu potencial, e est\u00e3o totalmente me apoiando\u201d, encerrou.<\/p>\n\n\n\n<p class=\"wp-block-paragraph\">A\u00a0<a href=\"https:\/\/www.grandepremio.com\/formula-1\/\" target=\"_blank\" rel=\"noreferrer noopener\"><\/a><a href=\"https:\/\/www.grandepremio.com\/formula-1\/\" target=\"_blank\" rel=\"noreferrer noopener\">F\u00f3rmula 1<\/a>\u00a0retorna em duas semanas, entre os dias 21 e 23 de julho, com o\u00a0<strong>GP da Hungria<\/strong>, em\u00a0<strong><a href=\"https:\/\/www.grandepremio.com\/br\/circuito\/hungaroring\/\" target=\"_blank\" rel=\"noreferrer noopener\">Hungaroring<\/a><\/strong>, 11\u00aa etapa da temporada 2023. E o\u00a0<strong>GRANDE PR\u00caMIO<\/strong>\u00a0acompanha tudo.<\/p>\n\n\n\n<figure class=\"wp-block-embed is-type-video is-provider-youtube wp-block-embed-youtube wp-embed-aspect-16-9 wp-has-aspect-ratio\"><div class=\"wp-block-embed__wrapper\">\n<iframe loading=\"lazy\" title=\"F1 2023 na Inglaterra: VERSTAPPEN 1\u00ba, NORRIS 2\u00ba, HAMILTON 3\u00ba: tudo sobre a corrida | Briefing\" width=\"500\" height=\"281\" src=\"https:\/\/www.youtube.com\/embed\/hIH1Pqq7dNw?feature=oembed\" frameborder=\"0\" allow=\"accelerometer; autoplay; clipboard-write; encrypted-media; gyroscope; picture-in-picture; web-share\" referrerpolicy=\"strict-origin-when-cross-origin\" allowfullscreen><\/iframe>\n<\/div><\/figure>\n","protected":false},"excerpt":{"rendered":"<p>99 pontos atr\u00e1s de Max Verstappen na temporada 2023 da F\u00f3rmula 1, Sergio P\u00e9rez deu de ombros em rela\u00e7\u00e3o aos rumores sobre o futuro na Red Bull e assegurou que est\u00e1 focado em colocar a performance de volta nos trilhos<\/p>\n","protected":false},"author":0,"featured_media":1000706688,"comment_status":"closed","ping_status":"closed","sticky":false,"template":"","format":"standard","meta":{"42wp_featured_image_caption":"","42wp_featured_image_credits":"","42wp_featured_video":"","42wp_featured_image_hidden":false,"42wp_authors_list":[],"footnotes":""},"categories":[2],"tags":[147,6533,180,30722,33465,28285,897,33467,204,3132,3632],"42wp_author":[47113],"class_list":["post-101243","post","type-post","status-publish","format-standard","has-post-thumbnail","hentry","category-f1","tag-f1","tag-f1-2023","tag-formula-1","tag-formula-1-2023","tag-formula-1-classificacao-2023","tag-grandepremio","tag-inglaterra","tag-onde-assistir-f1-2023","tag-red-bull","tag-sergio-perez","tag-silverstone","42wp_author-juliana-tesser"],"_links":{"self":[{"href":"https:\/\/grandepremio.com\/br\/wp-json\/wp\/v2\/posts\/101243","targetHints":{"allow":["GET"]}}],"collection":[{"href":"https:\/\/grandepremio.com\/br\/wp-json\/wp\/v2\/posts"}],"about":[{"href":"https:\/\/grandepremio.com\/br\/wp-json\/wp\/v2\/types\/post"}],"replies":[{"embeddable":true,"href":"https:\/\/grandepremio.com\/br\/wp-json\/wp\/v2\/comments?post=101243"}],"version-history":[{"count":0,"href":"https:\/\/grandepremio.com\/br\/wp-json\/wp\/v2\/posts\/101243\/revisions"}],"wp:featuredmedia":[{"embeddable":true,"href":"https:\/\/grandepremio.com\/br\/wp-json\/wp\/v2\/media\/1000706688"}],"wp:attachment":[{"href":"https:\/\/grandepremio.com\/br\/wp-json\/wp\/v2\/media?parent=101243"}],"wp:term":[{"taxonomy":"category","embeddable":true,"href":"https:\/\/grandepremio.com\/br\/wp-json\/wp\/v2\/categories?post=101243"},{"taxonomy":"post_tag","embeddable":true,"href":"https:\/\/grandepremio.com\/br\/wp-json\/wp\/v2\/tags?post=101243"},{"taxonomy":"42wp_author","embeddable":true,"href":"https:\/\/grandepremio.com\/br\/wp-json\/wp\/v2\/42wp_author?post=101243"}],"curies":[{"name":"wp","href":"https:\/\/api.w.org\/{rel}","templated":true}]}}