{"id":101261,"date":"2023-07-09T16:54:54","date_gmt":"2023-07-09T19:54:54","guid":{"rendered":"https:\/\/grandepremio.com\/br\/noticias\/carlos-sainz-lamenta-ve-corrida-destruida-safety-car-inglaterra-pior-momento\/"},"modified":"2023-07-09T16:55:05","modified_gmt":"2023-07-09T19:55:05","slug":"carlos-sainz-lamenta-ve-corrida-destruida-safety-car-inglaterra-pior-momento","status":"publish","type":"post","link":"https:\/\/grandepremio.com\/br\/f1\/carlos-sainz-lamenta-ve-corrida-destruida-safety-car-inglaterra-pior-momento\/","title":{"rendered":"Sainz lamenta e v\u00ea corrida destru\u00edda por safety-car na Inglaterra: &#8220;No pior momento&#8221;"},"content":{"rendered":"\n<p class=\"wp-block-paragraph\"><strong>Carlos Sainz<\/strong> se tornou um passageiro <a href=\"https:\/\/www.grandepremio.com\/br\/f1\/noticias\/max-verstappen-ate-toma-susto-recupera-ponta-desfila-vencer-gp-da-inglaterra\/\" class=\"ek-link\"><strong>durante o GP da Inglaterra<\/strong><\/a>, realizado na manh\u00e3 deste domingo (9). O titular da <strong>Ferrari<\/strong> viu o ritmo de corrida desaparecer depois da primeira parada nos boxes e fechou o dia apenas na d\u00e9cima coloca\u00e7\u00e3o depois de ter se classificado em quinto. De acordo com o espanhol, o safety-car foi um fator que contribuiu para a queda no pelot\u00e3o.<\/p>\n\n\n\n<p class=\"wp-block-paragraph\">Sainz teve um bom primeiro stint com os pneus m\u00e9dios, e conseguiu suportar a press\u00e3o de <strong>Lewis Hamilton<\/strong> numa briga que valia o sexto lugar. No entanto, depois de ir para os boxes na volta 26 e colocar os pneus duros, o #55 voltou para a pista em 12\u00ba e com pouco ritmo para atacar os rivais. Para piorar, no giro 33 a <a href=\"https:\/\/www.grandepremio.com\/br\/f1\/noticias\/kevin-magnussen-haas-chamas-para-problemas-motor-durante-gp-inglaterra\/\" class=\"ek-link\"><strong>Haas de Kevin Magnussen pegou fogo, parou na pista, e acabou for\u00e7ando o acionamento a entrada do safety-car<\/strong>.<\/a><\/p>\n\n\n\n<p class=\"wp-block-paragraph\"><strong>\u25b6\ufe0f&nbsp;Inscreva-se nos dois canais do GRANDE PR\u00caMIO no YouTube:&nbsp;<a href=\"https:\/\/www.youtube.com\/channel\/UC9OlHEgxoaY6QY6nWPoiqQg?sub_confirmation=1\" target=\"_blank\" rel=\"noreferrer noopener\">GP<\/a>&nbsp;|&nbsp;<a href=\"https:\/\/www.youtube.com\/channel\/UC9csiS6q_C3C0FYhyr1rnFA?sub_confirmation=1\" target=\"_blank\" rel=\"noreferrer noopener\">GP2<\/a><\/strong><br><strong>\u25b6\ufe0f&nbsp;<a href=\"https:\/\/www.twitch.tv\/grandepremio\" target=\"_blank\" rel=\"noreferrer noopener\">Conhe\u00e7a o canal do GRANDE PR\u00caMIO na Twitch clicando aqui!<\/a><\/strong><\/p>\n\n\n\n<figure class=\"wp-block-image size-large\"><img decoding=\"async\" src=\"https:\/\/www.grandepremio.com\/br\/wp-content\/uploads\/2023\/07\/f1-2023-austria-treinoslivres-ferrari-carlossainz-afp-03-1024x683.jpg\" alt=\"\" class=\"wp-image-705470\"\/><figcaption class=\"wp-element-caption\">Sainz almejava um p\u00f3dio, mas fechou o dia apenas em d\u00e9cimo em Silverstone (Foto: AFP)<\/figcaption><\/figure>\n\n\n\n<p class=\"wp-block-paragraph\">Nessa altura, Sainz j\u00e1 era s\u00e9timo, mas os rivais \u2014 que se valeram da bandeira amarela para ir aos boxes \u2014 acabaram se aproximando e engoliram o espanhol, que mal conseguia se defender. O titular da Ferrari lamentou o ocorrido.<\/p>\n\n\n\n<p class=\"wp-block-paragraph\">\u201cAcho que n\u00e3o fomos t\u00e3o r\u00e1pidos quanto o esperado. A <strong>McLaren<\/strong> foi mais r\u00e1pida do que n\u00f3s, a <strong>Mercedes<\/strong> tamb\u00e9m foi mais r\u00e1pida. Isso j\u00e1 nos coloca um pouco atr\u00e1s. Ent\u00e3o, honestamente, estendi meu stint de pneu m\u00e9dio e de duro, e estava avan\u00e7ando no pelot\u00e3o, estava indo bem. Mas o safety-car acabou aparecendo no pior momento poss\u00edvel para mim\u201d, disse Sainz.<\/p>\n\n\n\n<p class=\"wp-block-paragraph\">Quando o carro de seguran\u00e7a entrou na pista, <strong>Charles Leclerc<\/strong> voltou para os pits para fazer uma nova troca de pneus, mas o mesmo n\u00e3o aconteceu com Carlos. O #55 explicou o motivo.<\/p>\n\n\n\n<p class=\"wp-block-paragraph\">\u201cEu n\u00e3o tinha pneus m\u00e9dios novos e todos os macios tinham sido usados. Ent\u00e3o arriscamos ficar de fora com o pneu duro, mas n\u00e3o compensou\u201d, finalizou.<\/p>\n\n\n\n<p class=\"wp-block-paragraph\">A\u00a0<a href=\"https:\/\/www.grandepremio.com\/formula-1\/\" target=\"_blank\" rel=\"noreferrer noopener\">F\u00f3rmula 1<\/a>\u00a0retorna em duas semanas, entre os dias 21 e 23 de julho, com o\u00a0<strong>GP da Hungria<\/strong>, em\u00a0<strong><a href=\"https:\/\/www.grandepremio.com\/br\/circuito\/hungaroring\/\" target=\"_blank\" rel=\"noreferrer noopener\">Hungaroring<\/a><\/strong>, 11\u00aa etapa da temporada 2023. E o\u00a0<strong>GRANDE PR\u00caMIO<\/strong>\u00a0acompanha tudo.<\/p>\n\n\n\n<figure class=\"wp-block-embed is-type-video is-provider-youtube wp-block-embed-youtube wp-embed-aspect-16-9 wp-has-aspect-ratio\"><div class=\"wp-block-embed__wrapper\">\n<iframe loading=\"lazy\" title=\"F1 2023 na Inglaterra: VERSTAPPEN 1\u00ba, NORRIS 2\u00ba, HAMILTON 3\u00ba: tudo sobre a corrida | Briefing\" width=\"500\" height=\"281\" src=\"https:\/\/www.youtube.com\/embed\/hIH1Pqq7dNw?feature=oembed\" frameborder=\"0\" allow=\"accelerometer; autoplay; clipboard-write; encrypted-media; gyroscope; picture-in-picture; web-share\" referrerpolicy=\"strict-origin-when-cross-origin\" allowfullscreen><\/iframe>\n<\/div><figcaption class=\"wp-element-caption\">\ud83d\udd34F1 2023 na Inglaterra: VERSTAPPEN 1\u00ba, NORRIS 2\u00ba, HAMILTON 3\u00ba: tudo sobre a corrida | Briefing<\/figcaption><\/figure>\n","protected":false},"excerpt":{"rendered":"<p>Carlos Sainz despencou de quinto para d\u00e9cimo no GP da Inglaterra, depois de ver sua estrat\u00e9gia de corrida arruinada pela entrada do safety-car na pista<\/p>\n","protected":false},"author":0,"featured_media":1000706222,"comment_status":"closed","ping_status":"closed","sticky":false,"template":"","format":"standard","meta":{"42wp_featured_image_caption":"","42wp_featured_image_credits":"","42wp_featured_video":"","42wp_featured_image_hidden":false,"42wp_authors_list":[],"footnotes":""},"categories":[2],"tags":[546,563,147,207,219,28285,33737,3632,35630,31927],"42wp_author":[47149],"class_list":["post-101261","post","type-post","status-publish","format-standard","has-post-thumbnail","hentry","category-f1","tag-carlos-sainz","tag-carlos-sainz-jr","tag-f1","tag-ferrari","tag-grande-prmio","tag-grandepremio","tag-sf-23","tag-silverstone","tag-silverstone-2023","tag-silverstone-f1","42wp_author-bernardo-castro"],"_links":{"self":[{"href":"https:\/\/grandepremio.com\/br\/wp-json\/wp\/v2\/posts\/101261","targetHints":{"allow":["GET"]}}],"collection":[{"href":"https:\/\/grandepremio.com\/br\/wp-json\/wp\/v2\/posts"}],"about":[{"href":"https:\/\/grandepremio.com\/br\/wp-json\/wp\/v2\/types\/post"}],"replies":[{"embeddable":true,"href":"https:\/\/grandepremio.com\/br\/wp-json\/wp\/v2\/comments?post=101261"}],"version-history":[{"count":0,"href":"https:\/\/grandepremio.com\/br\/wp-json\/wp\/v2\/posts\/101261\/revisions"}],"wp:featuredmedia":[{"embeddable":true,"href":"https:\/\/grandepremio.com\/br\/wp-json\/wp\/v2\/media\/1000706222"}],"wp:attachment":[{"href":"https:\/\/grandepremio.com\/br\/wp-json\/wp\/v2\/media?parent=101261"}],"wp:term":[{"taxonomy":"category","embeddable":true,"href":"https:\/\/grandepremio.com\/br\/wp-json\/wp\/v2\/categories?post=101261"},{"taxonomy":"post_tag","embeddable":true,"href":"https:\/\/grandepremio.com\/br\/wp-json\/wp\/v2\/tags?post=101261"},{"taxonomy":"42wp_author","embeddable":true,"href":"https:\/\/grandepremio.com\/br\/wp-json\/wp\/v2\/42wp_author?post=101261"}],"curies":[{"name":"wp","href":"https:\/\/api.w.org\/{rel}","templated":true}]}}