{"id":101263,"date":"2023-07-09T16:44:07","date_gmt":"2023-07-09T19:44:07","guid":{"rendered":"https:\/\/grandepremio.com\/br\/noticias\/fernando-alonso-diz-consciente-podio-estava-distante-silverstone-faltou-ritmo\/"},"modified":"2023-07-09T16:44:17","modified_gmt":"2023-07-09T19:44:17","slug":"fernando-alonso-diz-consciente-podio-estava-distante-silverstone-faltou-ritmo","status":"publish","type":"post","link":"https:\/\/grandepremio.com\/br\/f1\/fernando-alonso-diz-consciente-podio-estava-distante-silverstone-faltou-ritmo\/","title":{"rendered":"Alonso se diz consciente que p\u00f3dio estava distante em Silverstone: \u201cFaltou ritmo\u201d"},"content":{"rendered":"\n<p class=\"wp-block-paragraph\"><strong>Silverstone <\/strong>n\u00e3o foi o melhor circuito para mostrar o desempenho da <strong>Aston Martin<\/strong>. A corrida de casa da equipe inglesa foi dif\u00edcil desde o in\u00edcio, embora <strong>Fernando Alonso<\/strong> tenha conseguido cruzar a linha de chegada do<strong> <a href=\"https:\/\/www.grandepremio.com\/br\/f1\/noticias\/max-verstappen-ate-toma-susto-recupera-ponta-desfila-vencer-gp-da-inglaterra\/\" class=\"ek-link\">GP da Inglaterra<\/a><\/strong> em s\u00e9timo lugar. Segundo o espanhol, foi um resultado melhor do que o esperado, j\u00e1 que teve de se defender de <strong>Pierre Gasly<\/strong> e <strong>Alexander Albon<\/strong> ao longo da corrida.<\/p>\n\n\n\n<p class=\"wp-block-paragraph\">Embora a prova tenha sido complicada, Alonso tinha consci\u00eancia de que o p\u00f3dio em Silverstone era quase uma utopia. O <strong>AMR23 <\/strong>chegou atr\u00e1s dos <strong>Mercedes<\/strong>, <strong>McLaren <\/strong>e <strong>Red Bull<\/strong>, com uma dist\u00e2ncia superior a <strong>17s <\/strong>de<strong> Max Verstappen<\/strong>, que venceu a prova, mesmo com uma relargada p\u00f3s-safety-car a 14 voltas do fim.\u00a0<\/p>\n\n\n\n<p class=\"wp-block-paragraph\"><strong>\u25b6\ufe0f&nbsp;Inscreva-se nos dois canais do GRANDE PR\u00caMIO no YouTube:&nbsp;<a href=\"https:\/\/www.youtube.com\/channel\/UC9OlHEgxoaY6QY6nWPoiqQg?sub_confirmation=1\" target=\"_blank\" rel=\"noreferrer noopener\">GP<\/a>&nbsp;|&nbsp;<a href=\"https:\/\/www.youtube.com\/channel\/UC9csiS6q_C3C0FYhyr1rnFA?sub_confirmation=1\" target=\"_blank\" rel=\"noreferrer noopener\">GP2<\/a><\/strong><br><strong>\u25b6\ufe0f&nbsp;<a href=\"https:\/\/www.twitch.tv\/grandepremio\" target=\"_blank\" rel=\"noreferrer noopener\">Conhe\u00e7a o canal do GRANDE PR\u00caMIO na Twitch clicando aqui!<\/a><\/strong><\/p>\n\n\n\n<p class=\"wp-block-paragraph\">&#8220;Fomos lentos o fim de semana todo, em todas as sess\u00f5es nos faltou ritmo. Desde o in\u00edcio, nos primeiros treinos, est\u00e1vamos conscientes disso&#8221;, comentou o espanhol ap\u00f3s a corrida.<\/p>\n\n\n\n<p class=\"wp-block-paragraph\">Ainda assim, a estrat\u00e9gia de Alonso foi eficaz com a chegada do safety-car na volta 33. O bom ritmo do bicampe\u00e3o mundial com um pneu bastante desgastado fez a diferen\u00e7a no final da corrida: &#8220;<strong>Lewis [Hamilton]<\/strong> e Gasly estavam mais r\u00e1pidos do que n\u00f3s no in\u00edcio. Depois, tamb\u00e9m o <strong>Checo [P\u00e9rez]<\/strong> estava. Tentamos segurar com os pneus m\u00e9dios, at\u00e9 nos beneficiamos do safety-car e colocamos os pneus macios para terminar a corrida com o mesmo composto que os advers\u00e1rios&#8221;, explicou.<\/p>\n\n\n\n<figure class=\"wp-block-image size-large\"><img decoding=\"async\" src=\"https:\/\/www.grandepremio.com\/br\/wp-content\/uploads\/2023\/07\/f1-2023-austria-corrida-astonmartin-fernandoalonso-01-1024x682.jpg\" alt=\"\" class=\"wp-image-706220\"\/><figcaption class=\"wp-element-caption\">Alonso acredita que o desempenho ruim da Aston Martin n\u00e3o \u00e9 algo para se preocupar (Foto: Aston Martin)<\/figcaption><\/figure>\n\n\n\n<p class=\"wp-block-paragraph\">Segundo o #14, n\u00e3o h\u00e1 desespero na Aston Martin, porque j\u00e1 sabiam que n\u00e3o haveria muitas oportunidades em Silverstone: &#8220;O s\u00e9timo lugar \u00e9 melhor do que esper\u00e1vamos, temos de ser positivos. Nosso resultado \u00e9 melhor do que nosso ritmo de corrida&#8221;.\u00a0<\/p>\n\n\n\n<p class=\"wp-block-paragraph\">Alonso, pelo r\u00e1dio ap\u00f3s a corrida, n\u00e3o estava particularmente aflito: &#8220;N\u00e3o se preocupem, teremos fins de semana melhores&#8221;.<\/p>\n\n\n\n<p class=\"wp-block-paragraph\">Por outro lado, olhando para o campeonato de construtores e a busca pelo vice-campeonato, a corrida n\u00e3o foi de forma alguma desastrosa para a equipe brit\u00e2nica, de acordo com o espanhol.&nbsp;<\/p>\n\n\n\n<p class=\"wp-block-paragraph\">&#8220;Vejam como a <strong>Ferrari <\/strong>se saiu. Estavam voando em todas as sess\u00f5es e terminaram em nono e d\u00e9cimo. Temos de ser consistentes, aguentar e aproveitar nossas for\u00e7as&#8221;, concluiu.<\/p>\n\n\n\n<p class=\"wp-block-paragraph\">A&nbsp;<a href=\"https:\/\/www.grandepremio.com\/formula-1\/\" target=\"_blank\" rel=\"noreferrer noopener\">F\u00f3rmula 1<\/a>&nbsp;retorna em duas semanas, entre os dias 21 e 23 de julho, com o&nbsp;<strong>GP da Hungria<\/strong>, em&nbsp;<strong><a href=\"https:\/\/www.grandepremio.com\/br\/circuito\/hungaroring\/\" target=\"_blank\" rel=\"noreferrer noopener\">Hungaroring<\/a><\/strong>, 11\u00aa etapa da temporada 2023. E o&nbsp;<strong>GRANDE PR\u00caMIO<\/strong>&nbsp;acompanha tudo.<\/p>\n\n\n\n<figure class=\"wp-block-embed is-type-video is-provider-youtube wp-block-embed-youtube wp-embed-aspect-16-9 wp-has-aspect-ratio\"><div class=\"wp-block-embed__wrapper\">\n<iframe loading=\"lazy\" title=\"F1 2023 na Inglaterra: VERSTAPPEN 1\u00ba, NORRIS 2\u00ba, HAMILTON 3\u00ba: tudo sobre a corrida | Briefing\" width=\"500\" height=\"281\" src=\"https:\/\/www.youtube.com\/embed\/hIH1Pqq7dNw?feature=oembed\" frameborder=\"0\" allow=\"accelerometer; autoplay; clipboard-write; encrypted-media; gyroscope; picture-in-picture; web-share\" referrerpolicy=\"strict-origin-when-cross-origin\" allowfullscreen><\/iframe>\n<\/div><\/figure>\n","protected":false},"excerpt":{"rendered":"<p>Fernando Alonso afirmou que Aston Martin sabia que lutar pelas tr\u00eas primeiras posi\u00e7\u00f5es seria muito dif\u00edcil e que a coloca\u00e7\u00e3o de chegada foi melhor que o desempenho do carro<\/p>\n","protected":false},"author":0,"featured_media":1000705647,"comment_status":"closed","ping_status":"closed","sticky":false,"template":"","format":"standard","meta":{"42wp_featured_image_caption":"","42wp_featured_image_credits":"","42wp_featured_video":"","42wp_featured_image_hidden":false,"42wp_authors_list":[],"footnotes":""},"categories":[2],"tags":[309,30820,85,147,176,207,1505,35644,31875,219,1491,30103,28285,87,82,204],"42wp_author":[47157],"class_list":["post-101263","post","type-post","status-publish","format-standard","has-post-thumbnail","hentry","category-f1","tag-aston-martin","tag-aston-martin-f1","tag-frmula-1","tag-f1","tag-fernando-alonso","tag-ferrari","tag-gp-da-inglaterra","tag-gp-da-inglaterra-2023","tag-gp-da-inglaterra-de-formula-1","tag-grande-prmio","tag-grande-premio","tag-grande-premio-f1","tag-grandepremio","tag-lewis-hamilton","tag-mercedes","tag-red-bull","42wp_author-jonas-souza"],"_links":{"self":[{"href":"https:\/\/grandepremio.com\/br\/wp-json\/wp\/v2\/posts\/101263","targetHints":{"allow":["GET"]}}],"collection":[{"href":"https:\/\/grandepremio.com\/br\/wp-json\/wp\/v2\/posts"}],"about":[{"href":"https:\/\/grandepremio.com\/br\/wp-json\/wp\/v2\/types\/post"}],"replies":[{"embeddable":true,"href":"https:\/\/grandepremio.com\/br\/wp-json\/wp\/v2\/comments?post=101263"}],"version-history":[{"count":0,"href":"https:\/\/grandepremio.com\/br\/wp-json\/wp\/v2\/posts\/101263\/revisions"}],"wp:featuredmedia":[{"embeddable":true,"href":"https:\/\/grandepremio.com\/br\/wp-json\/wp\/v2\/media\/1000705647"}],"wp:attachment":[{"href":"https:\/\/grandepremio.com\/br\/wp-json\/wp\/v2\/media?parent=101263"}],"wp:term":[{"taxonomy":"category","embeddable":true,"href":"https:\/\/grandepremio.com\/br\/wp-json\/wp\/v2\/categories?post=101263"},{"taxonomy":"post_tag","embeddable":true,"href":"https:\/\/grandepremio.com\/br\/wp-json\/wp\/v2\/tags?post=101263"},{"taxonomy":"42wp_author","embeddable":true,"href":"https:\/\/grandepremio.com\/br\/wp-json\/wp\/v2\/42wp_author?post=101263"}],"curies":[{"name":"wp","href":"https:\/\/api.w.org\/{rel}","templated":true}]}}