{"id":101293,"date":"2023-07-09T07:07:05","date_gmt":"2023-07-09T10:07:05","guid":{"rendered":"https:\/\/grandepremio.com\/br\/noticias\/victor-martins-dribla-punicao-vence-corrida-2-tumultuada-formula-2-inglaterra\/"},"modified":"2023-07-09T14:16:11","modified_gmt":"2023-07-09T17:16:11","slug":"victor-martins-dribla-punicao-vence-corrida-2-tumultuada-formula-2-inglaterra","status":"publish","type":"post","link":"https:\/\/grandepremio.com\/br\/f2\/victor-martins-dribla-punicao-vence-corrida-2-tumultuada-formula-2-inglaterra\/","title":{"rendered":"Martins dribla puni\u00e7\u00e3o e vence corrida 2 tumultuada da F\u00f3rmula 2 na Inglaterra"},"content":{"rendered":"\n<p class=\"wp-block-paragraph\"><strong>Victor Martins <\/strong>garantiu a vit\u00f3ria na corrida principal da <strong>F\u00f3rmula 2<\/strong> na <strong>Inglaterra<\/strong>. O piloto da <strong>ART <\/strong>precisou superar uma puni\u00e7\u00e3o de 5s para assegurar o topo do p\u00f3dio em <strong>Silverstone <\/strong>neste domingo (9).<\/p>\n\n\n\n<p class=\"wp-block-paragraph\">Saindo da pole, Martins perdeu a lideran\u00e7a apenas brevemente na hora da largada, mas vinha em prova dominante antes da primeira de tr\u00eas interven\u00e7\u00f5es do <strong>safety-car<\/strong>. A grande rival, contudo, foi a pena aplicada pelos comiss\u00e1rios da <strong>FIA <\/strong>(Federa\u00e7\u00e3o Internacional de <strong>Automobilismo<\/strong>) por ter escapado da pista e ganho vantagem.<\/p>\n\n\n\n<figure class=\"wp-block-image size-large\"><img decoding=\"async\" src=\"https:\/\/www.grandepremio.com\/br\/wp-content\/uploads\/2023\/05\/Fu-vIiLXwAsMRbW-1024x683.jpg\" alt=\"Victor Martins F2 2023 Baku Azerbaij\u00e3o ART\" class=\"wp-image-678400\"\/><figcaption class=\"wp-element-caption\">Victor Martins descontou o tempo da puni\u00e7\u00e3o para vencer em Silverstone (Foto: ART)<\/figcaption><\/figure>\n\n\n\n<p class=\"wp-block-paragraph\"><strong>\u25b6\ufe0f&nbsp;Inscreva-se nos dois canais do GRANDE PR\u00caMIO no YouTube:&nbsp;<a href=\"https:\/\/www.youtube.com\/channel\/UC9OlHEgxoaY6QY6nWPoiqQg?sub_confirmation=1\" target=\"_blank\" rel=\"noreferrer noopener\">GP<\/a>&nbsp;|&nbsp;<a href=\"https:\/\/www.youtube.com\/channel\/UC9csiS6q_C3C0FYhyr1rnFA?sub_confirmation=1\" target=\"_blank\" rel=\"noreferrer noopener\">GP2<\/a><\/strong><br><strong>\u25b6\ufe0f&nbsp;<a href=\"https:\/\/www.twitch.tv\/grandepremio\" target=\"_blank\" rel=\"noreferrer noopener\">Conhe\u00e7a o canal do GRANDE PR\u00caMIO na Twitch clicando aqui!<\/a><\/strong><\/p>\n\n\n\n<p class=\"wp-block-paragraph\">Ciente do acr\u00e9scimo de 5s ao tempo de prova, Martins engatou uma volta r\u00e1pida atr\u00e1s da outra no trecho final da disputa, garantindo a margem necess\u00e1ria em rela\u00e7\u00e3o a <strong>Zane Maloney <\/strong>para ficar com a vit\u00f3ria. <strong>Theo Pourchaire<\/strong> completou o p\u00f3dio.<\/p>\n\n\n\n<p class=\"wp-block-paragraph\"><strong>Jack Doohan<\/strong> ficou em quarto, diante de <strong>Ayumu Iwasa<\/strong> e <strong>Jehan Daruvala<\/strong>. <strong>Enzo Fittipaldi <\/strong>cruzou a linha final em oitavo, mas subiu para s\u00e9timo depois de uma puni\u00e7\u00e3o p\u00f3s-corrida para Oliver Bearman, que assim ficou atr\u00e1s do brasileiro, com <strong>Arthur Leclerc<\/strong> e <strong>Jak Crawford <\/strong>fechando o top-10.<\/p>\n\n\n\n<p class=\"wp-block-paragraph\">Apesar do abandono deste domingo,<strong> Frederik Vesti <\/strong>segue na lideran\u00e7a do campeonato com 135 pontos, seis a mais do que Pourchaire. Iwasa \u00e9 o terceiro, diante de Bearman e Martins. A pr\u00f3xima etapa da F2 acontece em duas semanas, na <strong>Hungria<\/strong>.<\/p>\n\n\n\n<h3 class=\"wp-block-heading\" id=\"h-saiba-como-foi-a-corrida-principal-da-formula-2-em-silverstone\"><strong>Saiba como foi a corrida principal da F\u00f3rmula 2 em Silverstone:<\/strong><\/h3>\n\n\n\n<p class=\"wp-block-paragraph\">Depois de uma corrida sprint disputada na chuva, a F\u00f3rmula 2 achou pista \u00famida para as 29 voltas da prova deste domingo (9). A temperatura estava em 15,6\u00b0C, com o asfalto chegando a 21,8\u00b0C. A umidade relativa do ar estava na casa dos 87%.<\/p>\n\n\n\n<p class=\"wp-block-paragraph\">Dono da pole-position em Silverstone, Victor Martins ainda tentou defender a lideran\u00e7a, mas Ayumu Iwasa saiu melhor e tomou a ponta ainda nos primeiros metros. O #6, por\u00e9m, reagiu prontamente e tratou de recuperar o comando quase que de imediato. <strong>Oliver Bearman <\/strong>saiu bem e vinha em terceiro, diante de Enzo Fittipaldi.<\/p>\n\n\n\n<p class=\"wp-block-paragraph\">Uma vez na ponta, Martins tratou de abrir vantagem, fechando a primeira volta com 1s2 de vantagem para Iwasa. Terceiro, Bearman vinha pressionado por Fittipaldi, que era acompanhado por Jack Doohan.<\/p>\n\n\n\n<p class=\"wp-block-paragraph\">No giro seguinte, Martins apareceu com 2s de frente para Iwasa, que n\u00e3o indicava rea\u00e7\u00e3o, mas tampouco vinha amea\u00e7ado, j\u00e1 Bearman tinha mais de 1s1 de atraso.<\/p>\n\n\n\n<p class=\"wp-block-paragraph\">Hauger vinha apenas em \u00faltimo depois de rodar na largada da corrida principal na Inglaterra.<\/p>\n\n\n\n<p class=\"wp-block-paragraph\">Na passagem seguinte, a margem de Martins tinha saltado para 3s2. Enquanto isso, Doohan pressionava Fittipaldi pela quarta coloca\u00e7\u00e3o em Silverstone.<\/p>\n\n\n\n<p class=\"wp-block-paragraph\">Dono de um ritmo fort\u00edssimo, Martins foi abrindo mais e mais vantagem, se aproximando dos 4s de frente para Iwasa apenas na quinta volta da disputa. Atr\u00e1s, Doohan conseguiu passar Fittipaldi com uma manobra por fora na Stowe para subir para a quarta coloca\u00e7\u00e3o.<\/p>\n\n\n\n<p class=\"wp-block-paragraph\">Quem tamb\u00e9m avan\u00e7ou foi Zane Maloney, que tomou o s\u00e9timo posto de Vista na curva 3.<\/p>\n\n\n\n<p class=\"wp-block-paragraph\">Na volta 7, os pit-stops come\u00e7aram, com Fittipaldi e Vesti abrindo os trabalhos. O safety-car, por\u00e9m, entrou em cena ap\u00f3s <strong>Amaury Cordeel <\/strong>rodar e ficar parado na pista na <strong>Stowe<\/strong>.<\/p>\n\n\n\n<p class=\"wp-block-paragraph\">Com a interven\u00e7\u00e3o do carro de seguran\u00e7a, o pelot\u00e3o foi aos boxes executar a parada obrigat\u00f3ria. Assim, Hadjar, que n\u00e3o tinha parado, surgiu na lideran\u00e7a na volta 8, diante de Leclerc, Martins, Novalak, Correa, Boschung, Iwasa, Bearman, Doohan e Maloney. Fittipaldi vinha em 14\u00ba.<\/p>\n\n\n\n<p class=\"wp-block-paragraph\">No entanto, Hadjar, Leclerc, Novalak, Correa e Boschung seguiam na pista com pneus duros e ainda com o pit-stop pendente.<\/p>\n\n\n\n<p class=\"wp-block-paragraph\">O safety-car deixou a pista no fim da volta 10, reiniciando a corrida para as 19 voltas restantes. Na relargada, Hadjar estilingou bem e logo abriu vantagem em rela\u00e7\u00e3o ao irm\u00e3o de Charles, sustentando a ponta.<\/p>\n\n\n\n<p class=\"wp-block-paragraph\">Logo em seguida, por\u00e9m, <strong>Frederik Viesti <\/strong>diminuiu a velocidade e parou na reta. Hauger apareceu com danos na asa dianteira e Stanek tamb\u00e9m surgiu parado, motivando uma bandeira amarela no setor e, depois, uma nova entrada do safety-car.<\/p>\n\n\n\n<p class=\"wp-block-paragraph\">No replay, foi poss\u00edvel ver que <strong>Dennis Hauger <\/strong>entrou na traseira de Vesti na freada da <strong>Vale<\/strong>, com o piloto da Prema atingindo Stanek na sequ\u00eancia.<\/p>\n\n\n\n<p class=\"wp-block-paragraph\">Quem tamb\u00e9m teve problemas na relargada foi Doohan, que escapou \u2014 e muito \u2014 da pista, mas conseguiu voltar em 11\u00ba.<\/p>\n\n\n\n<p class=\"wp-block-paragraph\">Vesti e Hauger conseguiram ir aos boxes para uma troca de asa dianteira e de pneus, enquanto Stanek abandonou a disputa. O caminho do #7 da Prema, por\u00e9m, foi breve, j\u00e1 que ele parou na pista pouco depois com a suspens\u00e3o quebrada.<\/p>\n\n\n\n<p class=\"wp-block-paragraph\">A FIA anunciou na sequ\u00eancia que Iwasa e Stanek estavam sob investiga\u00e7\u00e3o por terem ultrapassado sob safety-car.<\/p>\n\n\n\n<p class=\"wp-block-paragraph\">Foi s\u00f3 no fim da 14\u00aa volta que o safety-car deixou a pista. Na segunda relargada, Hadjar escapou mais uma vez, de cara abrindo vantagem em rela\u00e7\u00e3o a Leclerc. Martins era o terceiro, diante de Novalak e Correa.<\/p>\n\n\n\n<p class=\"wp-block-paragraph\">Pouco depois, Fittipaldi saiu da pista e despencou para 17\u00ba, \u00e0 frente de Nissany e Crawford.<\/p>\n\n\n\n<p class=\"wp-block-paragraph\">Na volta 17, a FIA puniu Martins com 5s por ter ganho vantagem ao escapar da pista.<\/p>\n\n\n\n<p class=\"wp-block-paragraph\">Logo sem seguida, <strong>Kush Maini <\/strong>e <strong>Ralph Boschung <\/strong>se encontraram na pista e acabaram parados na Vale, for\u00e7ando uma nova interven\u00e7\u00e3o do safety-car.<\/p>\n\n\n\n<p class=\"wp-block-paragraph\">Assim, os pilotos todos foram aos boxes para um novo pit-stop.<\/p>\n\n\n\n<p class=\"wp-block-paragraph\">Pelo replay, foi poss\u00edvel ver que Maloney e Iwasa tiveram um entrevero, com Ayumu definindo o lance como \u201ccompletamente ilegal\u201d.<\/p>\n\n\n\n<p class=\"wp-block-paragraph\">Foi s\u00f3 no fim da 19\u00aa volta que o safety-car deixou a pista. Martins, ent\u00e3o, for\u00e7ou o ritmo para de cara abrir 0s655 de margem para Maloney. Mais atr\u00e1s, Novalak tentou uma manobra para cima de Iwasa, mas n\u00e3o conseguiu consolidar.<\/p>\n\n\n\n<p class=\"wp-block-paragraph\">Com uma puni\u00e7\u00e3o de 5s, Martins foi for\u00e7ando ritmo para tentar abrir a margem necess\u00e1ria para anular o efeito da san\u00e7\u00e3o. Restando oito voltas para o fim, Victor tinha 1s5 de frente para Maloney, que vinha num pelot\u00e3o com Leclerc e Pourchaire.<\/p>\n\n\n\n<p class=\"wp-block-paragraph\">A prova deste domingo vinha muito agitada para os comiss\u00e1rios, que al\u00e9m de incidentes na pista, tamb\u00e9m tiveram de verificar situa\u00e7\u00f5es como excesso de velocidade no pit-lane.<\/p>\n\n\n\n<p class=\"wp-block-paragraph\">Enquanto isso, Doohan passou Iwasa para tomar o quinto posto. Na ponta, Martin sustentava 3s6 de frente para Maloney, que j\u00e1 tinha sido informado para subir o ritmo para tentar aproveitar a puni\u00e7\u00e3o.<\/p>\n\n\n\n<p class=\"wp-block-paragraph\">Na volta 24, Pourchaire tentou por dentro para passar Leclerc, mas n\u00e3o passou. Dois giros mais tarde, Martins chegou a 4s9 de margem na lideran\u00e7a, bastante perto de descontar a puni\u00e7\u00e3o.<\/p>\n\n\n\n<p class=\"wp-block-paragraph\">Pourchaire conseguiu passar Leclerc para assumir a segunda coloca\u00e7\u00e3o. Arthur, contudo, acabou escapando da pista pouco depois na Brooklands, facilitando a aproxima\u00e7\u00e3o de Iwasa.<\/p>\n\n\n\n<p class=\"wp-block-paragraph\">Na ponta, Martins abriu mais de 5s de vantagem para Maloney, diferen\u00e7a que teria de manter at\u00e9 o final.<\/p>\n\n\n\n<p class=\"wp-block-paragraph\">Pelo r\u00e1dio, a equipe pressionava Maloney a rodar mais r\u00e1pido, mas a margem de Martins seguia subindo.<\/p>\n\n\n\n<p class=\"wp-block-paragraph\">Victor abriu a volta final em Silverstone com 6s2 de vantagem para Maloney, caminhando tranquilo para garantir a vit\u00f3ria.<\/p>\n\n\n\n<h3 class=\"wp-block-heading\">F\u00f3rmula 2 2023, Inglaterra, Silverstone, Corrida 2, Final:<\/h3>\n\n\n\n<figure class=\"wp-block-table\"><table><tbody><tr><td>1<\/td><td>V MARTINS<\/td><td>ART<\/td><td>58:54.389<\/td><td><strong>29 VOLTAS<\/strong><\/td><\/tr><tr><td>2<\/td><td>Z MALONEY<\/td><td>Carlin<\/td><td>+2.051<\/td><td>&nbsp;<\/td><\/tr><tr><td>3<\/td><td>T POURCHAIRE<\/td><td>ART<\/td><td>+4.749<\/td><td>&nbsp;<\/td><\/tr><tr><td>4<\/td><td>J DOOHAN<\/td><td>Virtuosi<\/td><td>+6.637<\/td><td>&nbsp;<\/td><\/tr><tr><td>5<\/td><td>A IWASA<\/td><td>DAMS<\/td><td>+12.611<\/td><td>&nbsp;<\/td><\/tr><tr><td>6<\/td><td>J DARUVALA<\/td><td>MP<\/td><td>+18.933<\/td><td>&nbsp;<\/td><\/tr><tr><td>7<\/td><td>E FITTIPALDI<\/td><td>Carlin<\/td><td>+18.963<\/td><td>&nbsp;<\/td><\/tr><tr><td>8<\/td><td>O BEARMAN<\/td><td>Prema<\/td><td>+23.220<\/td><td>&nbsp;<\/td><\/tr><tr><td>9<\/td><td>A LECLERC<\/td><td>DAMS<\/td><td>+24.155<\/td><td>&nbsp;<\/td><\/tr><tr><td>10<\/td><td>J CRAWFORD<\/td><td>Hitech<\/td><td>+24.543<\/td><td>&nbsp;<\/td><\/tr><tr><td>11<\/td><td>J CORREA<\/td><td>Van Amersfoort<\/td><td>+27.958<\/td><td>&nbsp;<\/td><\/tr><tr><td>12<\/td><td>C NOVALAK<\/td><td>Trident<\/td><td>+30.610<\/td><td>&nbsp;<\/td><\/tr><tr><td>13<\/td><td>B BENAVIDES<\/td><td>PHM<\/td><td>+30.973<\/td><td>&nbsp;<\/td><\/tr><tr><td>14<\/td><td>D HAUGER<\/td><td>MP<\/td><td>+32.950<\/td><td>&nbsp;<\/td><\/tr><tr><td>15<\/td><td>I HADJAR<\/td><td>Hitech<\/td><td>+34.573<\/td><td>&nbsp;<\/td><\/tr><tr><td>16<\/td><td>R VERSCHOOR<\/td><td>Van Amersfoort<\/td><td>+34.629<\/td><td>&nbsp;<\/td><\/tr><tr><td>17<\/td><td>R NISSANY<\/td><td>PHM<\/td><td>+39.770<\/td><td>&nbsp;<\/td><\/tr><tr><td>18<\/td><td>R BOSCHUNG<\/td><td>Campos<\/td><td>NC<\/td><td>&nbsp;<\/td><\/tr><tr><td>19<\/td><td>K MAINI<\/td><td>Campos<\/td><td>NC<\/td><td>&nbsp;<\/td><\/tr><tr><td>20<\/td><td>F VESTI<\/td><td>Prema<\/td><td>NC<\/td><td>&nbsp;<\/td><\/tr><tr><td>21<\/td><td>R STANEK<\/td><td>Trident<\/td><td>NC<\/td><td>&nbsp;<\/td><\/tr><tr><td>22<\/td><td>A CORDEEL<\/td><td>Virtuosi<\/td><td>NC<\/td><td>&nbsp;<\/td><\/tr><\/tbody><\/table><\/figure>\n\n\n\n<figure class=\"wp-block-embed is-type-video is-provider-youtube wp-block-embed-youtube wp-embed-aspect-16-9 wp-has-aspect-ratio\"><div class=\"wp-block-embed__wrapper\">\n<iframe loading=\"lazy\" title=\"\u00daltima chance para o t\u00edtulo da F2 2023: A fase europeia chegou! | GP \u00e0s 10\" width=\"500\" height=\"281\" src=\"https:\/\/www.youtube.com\/embed\/TK_5wF9DKYA?feature=oembed\" frameborder=\"0\" allow=\"accelerometer; autoplay; clipboard-write; encrypted-media; gyroscope; picture-in-picture; web-share\" referrerpolicy=\"strict-origin-when-cross-origin\" allowfullscreen><\/iframe>\n<\/div><\/figure>\n\n\n\n<p class=\"wp-block-paragraph\"><\/p>\n","protected":false},"excerpt":{"rendered":"<p>Victor Martins precisou descontar uma puni\u00e7\u00e3o de 5s, mas recebeu a bandeirada com uma larga vantagem em rela\u00e7\u00e3o a Zane Maloney para assegurar o triunfo em Silverstone. Theo Pourchaire completou o p\u00f3dio, com Enzo Fittipaldi em s\u00e9timo<\/p>\n","protected":false},"author":0,"featured_media":1000706022,"comment_status":"closed","ping_status":"closed","sticky":false,"template":"","format":"standard","meta":{"42wp_featured_image_caption":"","42wp_featured_image_credits":"","42wp_featured_video":"","42wp_featured_image_hidden":false,"42wp_authors_list":[],"footnotes":""},"categories":[9],"tags":[30624,6086,33170,29654,3158,30246,25741,1581,409,111,29651,32048,2208,32407,1318,1491,28285,35029,596,2971,107,32107,4606,29923,32749,349,2205,26543,799,31651,33171,25479,2204,33975,486,30312,28107],"42wp_author":[47113],"class_list":["post-101293","post","type-post","status-publish","format-standard","has-post-thumbnail","hentry","category-f2","tag-amaury-cordeel","tag-art","tag-brad-benavides","tag-calendario-f2","tag-campos","tag-classificacao-f2","tag-clement-novalak","tag-dennis-hauger","tag-enzo-fittipaldi","tag-f2","tag-f2-2022","tag-f2-2023","tag-formula-2","tag-formula-2-2023","tag-frederik-vesti","tag-grande-premio","tag-grandepremio","tag-horarios-f2","tag-jack-doohan","tag-jehan-daruvala","tag-juan-manuel-correa","tag-kush-maini","tag-mp","tag-oliver-bearman","tag-phm","tag-prema","tag-ralph-boschung","tag-roman-stanek","tag-roy-nissany","tag-temporada-2022-f2","tag-temporada-2023-f2","tag-theo-pourchaire","tag-trident","tag-van-amersfoot","tag-victor-martins","tag-virtuosi","tag-zane-maloney","42wp_author-juliana-tesser"],"_links":{"self":[{"href":"https:\/\/grandepremio.com\/br\/wp-json\/wp\/v2\/posts\/101293","targetHints":{"allow":["GET"]}}],"collection":[{"href":"https:\/\/grandepremio.com\/br\/wp-json\/wp\/v2\/posts"}],"about":[{"href":"https:\/\/grandepremio.com\/br\/wp-json\/wp\/v2\/types\/post"}],"replies":[{"embeddable":true,"href":"https:\/\/grandepremio.com\/br\/wp-json\/wp\/v2\/comments?post=101293"}],"version-history":[{"count":0,"href":"https:\/\/grandepremio.com\/br\/wp-json\/wp\/v2\/posts\/101293\/revisions"}],"wp:featuredmedia":[{"embeddable":true,"href":"https:\/\/grandepremio.com\/br\/wp-json\/wp\/v2\/media\/1000706022"}],"wp:attachment":[{"href":"https:\/\/grandepremio.com\/br\/wp-json\/wp\/v2\/media?parent=101293"}],"wp:term":[{"taxonomy":"category","embeddable":true,"href":"https:\/\/grandepremio.com\/br\/wp-json\/wp\/v2\/categories?post=101293"},{"taxonomy":"post_tag","embeddable":true,"href":"https:\/\/grandepremio.com\/br\/wp-json\/wp\/v2\/tags?post=101293"},{"taxonomy":"42wp_author","embeddable":true,"href":"https:\/\/grandepremio.com\/br\/wp-json\/wp\/v2\/42wp_author?post=101293"}],"curies":[{"name":"wp","href":"https:\/\/api.w.org\/{rel}","templated":true}]}}