{"id":101303,"date":"2023-07-08T18:22:49","date_gmt":"2023-07-08T21:22:49","guid":{"rendered":"https:\/\/grandepremio.com\/br\/noticias\/johan-kristoffersson-mikaela-ahlin-kottulinsky-vence-primeira-etapa-extreme-e-sardenha\/"},"modified":"2023-07-08T18:27:20","modified_gmt":"2023-07-08T21:27:20","slug":"johan-kristoffersson-mikaela-ahlin-kottulinsky-vence-primeira-etapa-extreme-e-sardenha","status":"publish","type":"post","link":"https:\/\/grandepremio.com\/br\/formula-e\/johan-kristoffersson-mikaela-ahlin-kottulinsky-vence-primeira-etapa-extreme-e-sardenha\/","title":{"rendered":"Kristoffersson\/\u00c5hlin-Kottulinsky vence primeira etapa da Extreme E na Sardenha"},"content":{"rendered":"\n<p class=\"wp-block-paragraph\"><strong>Johan Kristoffersson<\/strong> e <strong>Mikaela \u00c5hlin-Kottulinsky <\/strong>venceram a primeira etapa da Sardenha da <strong>Extreme E<\/strong>, pela <strong>Rosberg X Racing (RXR) <\/strong>neste s\u00e1bado (8). Ap\u00f3s sofrerem um toque que mandou o carro da equipe para o fundo do pelot\u00e3o logo no come\u00e7o da prova, a dupla se recuperou e conseguiu chegar \u00e0 segunda posi\u00e7\u00e3o. Ap\u00f3s uma puni\u00e7\u00e3o sofrida pela <strong>Ganassi<\/strong> de <strong>RJ Anderson<\/strong> e <strong>Amanda Sorensen<\/strong>, Kristoffersson e \u00c5hlin-Kottulinsky<strong> <\/strong>foram promovidos ao primeiro lugar<strong>.<\/strong><\/p>\n\n\n\n<p class=\"wp-block-paragraph\">A segunda posi\u00e7\u00e3o ficou com <strong>Matthias Ekstr\u00f6m<\/strong> e <strong>Laia Sanz<\/strong>, da <strong>Acciona<\/strong>, enquanto Anderson e Sorensen acabaram em terceiro ap\u00f3s a penaliza\u00e7\u00e3o de 15,7 segundos (15 segundos mais o tempo ganho) por deixar a zona de troca de pilotos antecipadamente, o que tirou a primeira vit\u00f3ria da equipe desde a corrida da Sardenha do ano passado.<\/p>\n\n\n\n<p class=\"wp-block-paragraph\">A largada foi tensa, com os carros da <strong>Andretti<\/strong>, Ganassi e Rosberg se envolvendo em um incidente logo no in\u00edcio. O carro da equipe de<strong> Nico Rosberg<\/strong> foi for\u00e7ado para fora da pista \u00e0 direita, enquanto a equipe Ganassi assumiu a lideran\u00e7a na primeira curva.\u00a0<\/p>\n\n\n\n<p class=\"wp-block-paragraph\"><strong>\u25b6\ufe0f&nbsp;Inscreva-se nos dois canais do GRANDE PR\u00caMIO no YouTube:&nbsp;<a href=\"https:\/\/www.youtube.com\/channel\/UC9OlHEgxoaY6QY6nWPoiqQg?sub_confirmation=1\" target=\"_blank\" rel=\"noreferrer noopener\">GP<\/a>&nbsp;|&nbsp;<a href=\"https:\/\/www.youtube.com\/channel\/UC9csiS6q_C3C0FYhyr1rnFA?sub_confirmation=1\" target=\"_blank\" rel=\"noreferrer noopener\">GP2<\/a><\/strong><br><strong>\u25b6\ufe0f&nbsp;<a href=\"https:\/\/www.twitch.tv\/grandepremio\" target=\"_blank\" rel=\"noreferrer noopener\">Conhe\u00e7a o canal do GRANDE PR\u00caMIO na Twitch clicando aqui!<\/a><\/strong><\/p>\n\n\n\n<p class=\"wp-block-paragraph\">As outras duas equipes na final estavam um pouco atr\u00e1s das posi\u00e7\u00f5es do p\u00f3dio, com <strong>S\u00e9bastien Loeb<\/strong>, da <strong>Abt Cupra<\/strong>, sendo prejudicado por um furo de pneu, o que permitiu que <strong>Ekstr\u00f6m<\/strong> ultrapassasse facilmente pela <strong>Acciona Sainz<\/strong>.<\/p>\n\n\n\n<figure class=\"wp-block-image size-full\"><img decoding=\"async\" src=\"https:\/\/www.grandepremio.com\/br\/wp-content\/uploads\/2023\/07\/Extreme-E-1.jpg\" alt=\"\" class=\"wp-image-705938\"\/><figcaption class=\"wp-element-caption\">Kristofferson e Ahlin-Kottulinski celebram a primeira vit\u00f3ria da RXR no ano (Foto: Andrew Ferraro\/LAT Images)<\/figcaption><\/figure>\n\n\n\n<p class=\"wp-block-paragraph\">A segunda metade da corrida contou apenas com as pilotos femininas, e com Sorensen mantendo uma vantagem clara, a aten\u00e7\u00e3o se voltou para a batalha pelo segundo lugar, com <strong>Catie Munnings<\/strong>, da Andretti, tentando segurar Ahlin-Kottulinsky, que continuava a recupera\u00e7\u00e3o iniciada por Kristoffersson. No entanto, a batalha foi de curta dura\u00e7\u00e3o, pois um contato entre os dois resultou em um capotamento lento de Munnings, tirando-a da corrida.<\/p>\n\n\n\n<p class=\"wp-block-paragraph\">A promo\u00e7\u00e3o para o segundo lugar acabou se transformando em vit\u00f3ria devido \u00e0 penalidade da Ganassi, revertendo a situa\u00e7\u00e3o do ano passado, em que a Ganassi se beneficiou de uma penalidade para a Rosberg para conquistar sua primeira vit\u00f3ria na categoria na primeira corrida da rodada dupla da Sardenha.<\/p>\n\n\n\n<p class=\"wp-block-paragraph\">J\u00e1 a Veloce Racing, l\u00edder do campeonato, teve dificuldades. A dupla formada por <strong>Kevin Hansen<\/strong> e <strong>Molly Taylor<\/strong> sofreu um furo no pneu e n\u00e3o conseguiu recuperar mais o terreno perdido. A equipe conseguiu ainda um bom resultado na Redemption Race, vencendo \u00e0 frente de <strong>Tanner Foust<\/strong> e <strong>Emma Gilmour<\/strong>, da <strong>NEOM McLaren<\/strong>, e <strong>Timo Scheider<\/strong> e <strong>Lia Block<\/strong>, da <strong>Carl Cox Racing<\/strong>.\u00a0<\/p>\n\n\n\n<p class=\"wp-block-paragraph\">Quem lidera o campeonato agora \u00e9 a Acciona com 90 pontos, seguida pela Veloce com 88 e a Rosberg com 78 tentos. A corrida dois na Sardenha acontece neste domingo (9), \u00e0s 7h da manh\u00e3 pelo hor\u00e1rio de Bras\u00edlia (GMT-3).<\/p>\n\n\n\n<figure class=\"wp-block-embed is-type-video is-provider-youtube wp-block-embed-youtube wp-embed-aspect-16-9 wp-has-aspect-ratio\"><div class=\"wp-block-embed__wrapper\">\n<iframe loading=\"lazy\" title=\"VERSTAPPEN POLE, NORRIS e PIASTRI surpreendem. Grid de largada F1 2023 Inglaterra | Briefing\" width=\"500\" height=\"281\" src=\"https:\/\/www.youtube.com\/embed\/GcJ3b9xZ04U?feature=oembed\" frameborder=\"0\" allow=\"accelerometer; autoplay; clipboard-write; encrypted-media; gyroscope; picture-in-picture; web-share\" referrerpolicy=\"strict-origin-when-cross-origin\" allowfullscreen><\/iframe>\n<\/div><\/figure>\n","protected":false},"excerpt":{"rendered":"<p>Equipe de Nico Rosberg voltou a vencer na competi\u00e7\u00e3o de carros el\u00e9tricos ap\u00f3s quase um ano do \u00faltimo triunfo. Ganassi sofreu puni\u00e7\u00e3o e caiu para terceiro<\/p>\n","protected":false},"author":0,"featured_media":1000705937,"comment_status":"closed","ping_status":"closed","sticky":false,"template":"","format":"standard","meta":{"42wp_featured_image_caption":"","42wp_featured_image_credits":"","42wp_featured_video":"","42wp_featured_image_hidden":false,"42wp_authors_list":[],"footnotes":""},"categories":[19],"tags":[1405,840,1491,33855,254],"42wp_author":[47157],"class_list":["post-101303","post","type-post","status-publish","format-standard","has-post-thumbnail","hentry","category-formula-e","tag-extreme-e","tag-formula-e","tag-grande-premio","tag-grande-premio-fe","tag-nico-rosberg","42wp_author-jonas-souza"],"_links":{"self":[{"href":"https:\/\/grandepremio.com\/br\/wp-json\/wp\/v2\/posts\/101303","targetHints":{"allow":["GET"]}}],"collection":[{"href":"https:\/\/grandepremio.com\/br\/wp-json\/wp\/v2\/posts"}],"about":[{"href":"https:\/\/grandepremio.com\/br\/wp-json\/wp\/v2\/types\/post"}],"replies":[{"embeddable":true,"href":"https:\/\/grandepremio.com\/br\/wp-json\/wp\/v2\/comments?post=101303"}],"version-history":[{"count":0,"href":"https:\/\/grandepremio.com\/br\/wp-json\/wp\/v2\/posts\/101303\/revisions"}],"wp:featuredmedia":[{"embeddable":true,"href":"https:\/\/grandepremio.com\/br\/wp-json\/wp\/v2\/media\/1000705937"}],"wp:attachment":[{"href":"https:\/\/grandepremio.com\/br\/wp-json\/wp\/v2\/media?parent=101303"}],"wp:term":[{"taxonomy":"category","embeddable":true,"href":"https:\/\/grandepremio.com\/br\/wp-json\/wp\/v2\/categories?post=101303"},{"taxonomy":"post_tag","embeddable":true,"href":"https:\/\/grandepremio.com\/br\/wp-json\/wp\/v2\/tags?post=101303"},{"taxonomy":"42wp_author","embeddable":true,"href":"https:\/\/grandepremio.com\/br\/wp-json\/wp\/v2\/42wp_author?post=101303"}],"curies":[{"name":"wp","href":"https:\/\/api.w.org\/{rel}","templated":true}]}}