{"id":101317,"date":"2023-07-08T14:37:03","date_gmt":"2023-07-08T17:37:03","guid":{"rendered":"https:\/\/grandepremio.com\/br\/noticias\/fernando-alonso-ve-aston-martin-nao-muito-rapida-inglaterra-pede-tatica-defensiva\/"},"modified":"2023-07-08T15:06:59","modified_gmt":"2023-07-08T18:06:59","slug":"fernando-alonso-ve-aston-martin-nao-muito-rapida-inglaterra-pede-tatica-defensiva","status":"publish","type":"post","link":"https:\/\/grandepremio.com\/br\/f1\/fernando-alonso-ve-aston-martin-nao-muito-rapida-inglaterra-pede-tatica-defensiva\/","title":{"rendered":"Alonso v\u00ea Aston Martin &#8220;n\u00e3o muito r\u00e1pida&#8221; na Inglaterra e pede &#8220;t\u00e1tica defensiva&#8221;"},"content":{"rendered":"\n<p class=\"wp-block-paragraph\">Pela segunda semana seguida, a <strong>Aston Martin<\/strong> se v\u00ea em situa\u00e7\u00e3o muito diferente daquela anima\u00e7\u00e3o da maior parte da temporada 2023 at\u00e9 agora. Na <strong><a href=\"https:\/\/www.grandepremio.com\/br\/f1\/noticias\/max-verstappen-ignora-chove-para-silverstone-conquista-pole-gp-da-inglaterra\/\" class=\"ek-link\">classifica\u00e7\u00e3o para o GP da Inglaterra<\/a><\/strong>, realizada neste s\u00e1bado (8), <strong>Fernando Alonso<\/strong> descolou somente a nona posi\u00e7\u00e3o, com <strong>Lance Stroll<\/strong> eliminado no Q2 e em 13\u00ba. Segundo o bicampe\u00e3o, o motivo \u00e9 espec\u00edfico de pistas como a da Inglaterra e a da \u00c1ustria, na semana anterior.<\/p>\n\n\n\n<p class=\"wp-block-paragraph\"><strong>\u25b6\ufe0f\u00a0Inscreva-se nos dois canais do GRANDE PR\u00caMIO no YouTube:\u00a0<a href=\"https:\/\/www.youtube.com\/channel\/UC9OlHEgxoaY6QY6nWPoiqQg?sub_confirmation=1\" target=\"_blank\" rel=\"noreferrer noopener\">GP<\/a>\u00a0|\u00a0<a href=\"https:\/\/www.youtube.com\/channel\/UC9csiS6q_C3C0FYhyr1rnFA?sub_confirmation=1\" target=\"_blank\" rel=\"noreferrer noopener\">GP2<\/a><\/strong><br><strong>\u25b6\ufe0f\u00a0<a href=\"https:\/\/www.twitch.tv\/grandepremio\" target=\"_blank\" rel=\"noreferrer noopener\">Conhe\u00e7a o canal do GRANDE PR\u00caMIO na Twitch clicando aqui!<\/a><\/strong><\/p>\n\n\n\n<p class=\"wp-block-paragraph\">Alonso apontou que o grid mostra a realidade do rendimento da Aston Martin em compara\u00e7\u00e3o a equipes como <strong>McLaren<\/strong> e at\u00e9 <strong>Williams<\/strong> em Silverstone e pediu para que o time ingl\u00eas n\u00e3o tente ser arrojado demais no domingo: apenas garanta pontos.<\/p>\n\n\n\n<p class=\"wp-block-paragraph\">Mas n\u00e3o se trata de uma queda brusca de rendimento da Aston Martin para o resto do ano, Alonso garante. Apenas que o <strong>AMR23<\/strong> n\u00e3o casa bem com curvas de alta velocidade, algo que tem muito em Silverstone e Spielberg.<\/p>\n\n\n\n<figure class=\"wp-block-image size-large\"><img decoding=\"async\" src=\"https:\/\/www.grandepremio.com\/br\/wp-content\/uploads\/2023\/07\/f1-2023-austria-classificacao-astonmartin-fernandoalonso-03-1024x683.jpg\" alt=\"\" class=\"wp-image-705648\"\/><figcaption class=\"wp-element-caption\">Fernando Alonso e Lance Stroll largam longe das primeiras posi\u00e7\u00f5es na Inglaterra (Foto: Aston Martin)<\/figcaption><\/figure>\n\n\n\n<p class=\"wp-block-paragraph\">&#8220;N\u00e3o foi um bom dia com um nono lugar e um 13\u00ba&#8221;, admitiu. &#8220;Precisamos de uma estrat\u00e9gia defensiva e tentar marcar alguns pontos no fim de semana em vez de querer entrar na briga por muitos pontos. N\u00e3o fomos muito r\u00e1pidos no fim de semana at\u00e9 agora&#8221;, opinou.<\/p>\n\n\n\n<p class=\"wp-block-paragraph\">&#8220;A McLaren estava forte na \u00c1ustria foi forte ano passado. A Williams foi bem na \u00c1ustria tamb\u00e9m, assim como tinha sido ano passado em Monza e aqui em Silverstone. E todos esses largam perto de mim. \u00c9 [uma quest\u00e3o] espec\u00edfica de pista, mas a tend\u00eancia que est\u00e1 aparecendo \u00e9 que precisamos de p\u00f3dios e muitos pontos quando tivermos num bom fim de semana&#8221;, seguiu.<\/p>\n\n\n\n<p class=\"wp-block-paragraph\">&#8220;Ser\u00e1 uma temporada inteira de altos e baixos. Come\u00e7amos fortes e, at\u00e9 duas corridas atr\u00e1s, \u00e9ramos fortes. Alguns de nossos rivais trouxeram atualiza\u00e7\u00f5es que tamb\u00e9m s\u00e3o espec\u00edficas de pista para pista&#8221;, falou.<\/p>\n\n\n\n<p class=\"wp-block-paragraph\">&#8220;Faremos as contas em Abu Dhabi, porque se tentarmos tirar conclus\u00f5es a cada s\u00e1bado e a cada domingo, ser\u00e1 uma loucura em circuitos que s\u00e3o melhores para umas equipes ou para outras. Tentamos entender bem o carro, e parece que sofremos um pouco nas \u00faltimas tr\u00eas em curvas r\u00e1pidas. Somos melhores nas curvas lentas, como na Hungria. Vamos lutar pelo p\u00f3dio outra vez em duas semanas. Temos de manter a calma&#8221;, finalizou.<\/p>\n\n\n\n<p class=\"wp-block-paragraph\">O\u00a0<strong>GRANDE PR\u00caMIO\u00a0<\/strong>acompanha todas as atividades da <strong><a href=\"https:\/\/www.grandepremio.com\/formula-1\/\" target=\"_blank\" rel=\"noreferrer noopener\">F\u00f3rmula 1<\/a><\/strong> 2023\u00a0<a href=\"https:\/\/www.grandepremio.com\/br\/ao-vivo\/\" target=\"_blank\" rel=\"noreferrer noopener\"><strong>AO VIVO<\/strong>\u00a0e\u00a0<strong>EM\u00a0<\/strong><\/a><strong><a href=\"https:\/\/www.grandepremio.com\/br\/ao-vivo\/\" target=\"_blank\" rel=\"noreferrer noopener\">TEMPO REAL<\/a><\/strong>. No domingo, a largada est\u00e1 marcada para as 11h (de Bras\u00edlia, GMT-3). O\u00a0<strong>GP<\/strong>\u00a0transmite em\u00a0<strong>segunda tela<\/strong>\u00a0em parceria com a\u00a0<strong>Voz do Esporte<\/strong>.<\/p>\n\n\n\n<figure class=\"wp-block-embed is-type-video is-provider-youtube wp-block-embed-youtube wp-embed-aspect-16-9 wp-has-aspect-ratio\"><div class=\"wp-block-embed__wrapper\">\n<iframe loading=\"lazy\" title=\"VERSTAPPEN POLE, NORRIS e PIASTRI surpreendem. Grid de largada F1 2023 Inglaterra | Briefing\" width=\"500\" height=\"281\" src=\"https:\/\/www.youtube.com\/embed\/GcJ3b9xZ04U?feature=oembed\" frameborder=\"0\" allow=\"accelerometer; autoplay; clipboard-write; encrypted-media; gyroscope; picture-in-picture; web-share\" referrerpolicy=\"strict-origin-when-cross-origin\" allowfullscreen><\/iframe>\n<\/div><figcaption class=\"wp-element-caption\">\ud83d\udd34Grid de largada F1 2023 Inglaterra: VERSTAPPEN POLE, NORRIS e PIASTRI surpreendem | Briefing<\/figcaption><\/figure>\n","protected":false},"excerpt":{"rendered":"<p>Fernando Alonso admitiu que o carro da Aston Martin rende pouco em Silverstone e explicou o motivo: curvas r\u00e1pidas demais<\/p>\n","protected":false},"author":0,"featured_media":1000705674,"comment_status":"closed","ping_status":"closed","sticky":false,"template":"","format":"standard","meta":{"42wp_featured_image_caption":"","42wp_featured_image_credits":"","42wp_featured_video":"","42wp_featured_image_hidden":false,"42wp_authors_list":[],"footnotes":""},"categories":[2],"tags":[309,6533,31870,25745,31850,176,30722,1505,35635,1491,30103,28285,90,30559,215],"42wp_author":[47120],"class_list":["post-101317","post","type-post","status-publish","format-standard","has-post-thumbnail","hentry","category-f1","tag-aston-martin","tag-f1-2023","tag-f1-gra-bretanha","tag-f1-inglaterra","tag-f1-silverstone","tag-fernando-alonso","tag-formula-1-2023","tag-gp-da-inglaterra","tag-gp-em-silverstone","tag-grande-premio","tag-grande-premio-f1","tag-grandepremio","tag-mclaren","tag-mike-krack","tag-williams","42wp_author-pedro-henrique-marum"],"_links":{"self":[{"href":"https:\/\/grandepremio.com\/br\/wp-json\/wp\/v2\/posts\/101317","targetHints":{"allow":["GET"]}}],"collection":[{"href":"https:\/\/grandepremio.com\/br\/wp-json\/wp\/v2\/posts"}],"about":[{"href":"https:\/\/grandepremio.com\/br\/wp-json\/wp\/v2\/types\/post"}],"replies":[{"embeddable":true,"href":"https:\/\/grandepremio.com\/br\/wp-json\/wp\/v2\/comments?post=101317"}],"version-history":[{"count":0,"href":"https:\/\/grandepremio.com\/br\/wp-json\/wp\/v2\/posts\/101317\/revisions"}],"wp:featuredmedia":[{"embeddable":true,"href":"https:\/\/grandepremio.com\/br\/wp-json\/wp\/v2\/media\/1000705674"}],"wp:attachment":[{"href":"https:\/\/grandepremio.com\/br\/wp-json\/wp\/v2\/media?parent=101317"}],"wp:term":[{"taxonomy":"category","embeddable":true,"href":"https:\/\/grandepremio.com\/br\/wp-json\/wp\/v2\/categories?post=101317"},{"taxonomy":"post_tag","embeddable":true,"href":"https:\/\/grandepremio.com\/br\/wp-json\/wp\/v2\/tags?post=101317"},{"taxonomy":"42wp_author","embeddable":true,"href":"https:\/\/grandepremio.com\/br\/wp-json\/wp\/v2\/42wp_author?post=101317"}],"curies":[{"name":"wp","href":"https:\/\/api.w.org\/{rel}","templated":true}]}}