{"id":101324,"date":"2023-07-08T13:37:37","date_gmt":"2023-07-08T16:37:37","guid":{"rendered":"https:\/\/grandepremio.com\/br\/noticias\/oscar-piastri-vibra-foguete-mclaren-mega-resultado-grid-inglaterra\/"},"modified":"2023-07-08T13:37:46","modified_gmt":"2023-07-08T16:37:46","slug":"oscar-piastri-vibra-foguete-mclaren-mega-resultado-grid-inglaterra","status":"publish","type":"post","link":"https:\/\/grandepremio.com\/br\/f1\/oscar-piastri-vibra-foguete-mclaren-mega-resultado-grid-inglaterra\/","title":{"rendered":"Piastri vibra com &#8220;foguete&#8221; da McLaren e &#8220;mega resultado&#8221; no grid da Inglaterra"},"content":{"rendered":"\n<p class=\"wp-block-paragraph\"><strong>Oscar Piastri<\/strong> viveu o melhor dia dele at\u00e9 agora na <strong>F\u00f3rmula 1<\/strong>: na <strong><a href=\"https:\/\/www.grandepremio.com\/br\/f1\/noticias\/max-verstappen-ignora-chove-para-silverstone-conquista-pole-gp-da-inglaterra\/\" class=\"ek-link\">classifica\u00e7\u00e3o para o GP da Inglaterra<\/a><\/strong>, realizada neste s\u00e1bado (8), em Silverstone, o australiano ficou na terceira coloca\u00e7\u00e3o. Piastri saiu da pista animado e felicitou todo o trabalho da McLaren com um <strong>MCL60<\/strong> que caracterizou como \u2018foguete\u2019.<\/p>\n\n\n\n<p class=\"wp-block-paragraph\"><strong>\u25b6\ufe0f&nbsp;Inscreva-se nos dois canais do GRANDE PR\u00caMIO no YouTube:&nbsp;<a href=\"https:\/\/www.youtube.com\/channel\/UC9OlHEgxoaY6QY6nWPoiqQg?sub_confirmation=1\" target=\"_blank\" rel=\"noreferrer noopener\">GP<\/a>&nbsp;|&nbsp;<a href=\"https:\/\/www.youtube.com\/channel\/UC9csiS6q_C3C0FYhyr1rnFA?sub_confirmation=1\" target=\"_blank\" rel=\"noreferrer noopener\">GP2<\/a><\/strong><br><strong>\u25b6\ufe0f&nbsp;<a href=\"https:\/\/www.twitch.tv\/grandepremio\" target=\"_blank\" rel=\"noreferrer noopener\">Conhe\u00e7a o canal do GRANDE PR\u00caMIO na Twitch clicando aqui!<\/a><\/strong><\/p>\n\n\n\n<p class=\"wp-block-paragraph\">A equipe inglesa ainda colocou <strong>Lando Norris<\/strong> em segundo, atr\u00e1s de <strong>Max Verstappen<\/strong> que, mais uma vez, fez a pole. Piastri, substituto do compatriota <strong>Daniel Ricciardo<\/strong> na McLaren para a temporada de 2023, ainda n\u00e3o havia realizado um desempenho t\u00e3o bom como este. Ficou apenas <strong>0s372<\/strong> do holand\u00eas da <strong>Red Bull<\/strong>.<\/p>\n\n\n\n<p class=\"wp-block-paragraph\">\u201cMuito, muito, muito feliz. Que sess\u00e3o de classifica\u00e7\u00e3o, quase sa\u00edmos no Q1 e depois o carro era um foguete no Q2 e Q3. Gigante resultado para a equipe tamb\u00e9m. Ter n\u00f3s dois entre os tr\u00eas primeiros \u00e9 um mega resultado e agora s\u00f3 temos de tentar ficar nestas posi\u00e7\u00f5es amanh\u00e3\u201d, comemorou.<\/p>\n\n\n\n<p class=\"wp-block-paragraph\">A performance de sexta-feira da McLaren n\u00e3o parecia dar dicas da equipe estar entre os tr\u00eas primeiros, j\u00e1 que andou sempre pr\u00f3ximo da d\u00e9cima posi\u00e7\u00e3o tanto no TL1 quanto no TL2.\u00a0<\/p>\n\n\n\n<figure class=\"wp-block-image size-large\"><img decoding=\"async\" src=\"https:\/\/www.grandepremio.com\/br\/wp-content\/uploads\/2023\/07\/f1-2023-austria-classificacao-mclaren-landonorris-afp-03-1024x683.jpg\" alt=\"\" class=\"wp-image-705714\"\/><figcaption class=\"wp-element-caption\">Norris, Verstappen e Piastri largar\u00e3o nas tr\u00eas primeiras posi\u00e7\u00f5es em Silverstone (Foto: AFP) <\/figcaption><\/figure>\n\n\n\n<p class=\"wp-block-paragraph\">\u201cOntem tivemos um dia um pouco dif\u00edcil, mas sab\u00edamos que \u00e9ramos mais r\u00e1pidos do que pareciamos. Fizemos um trabalho melhor hoje. Com as condi\u00e7\u00f5es que tivemos, a gente se saiu bem o tempo todo. Tivemos alguns momentos como esse no final de semana, mas conseguir isso no Q3 foi um mega resultado\u201d, analisou Piastri.<\/p>\n\n\n\n<p class=\"wp-block-paragraph\">O piloto de 22 anos ainda comentou sobre a evolu\u00e7\u00e3o que a equipe trouxe para seu carro em Silverstone. Norris j\u00e1 havia contado com atualiza\u00e7\u00f5es no <strong><a href=\"https:\/\/www.grandepremio.com\/br\/f1\/noticias\/max-verstappen-domina-vence-gp-da-austria-festival-de-punicoes-charles-leclerc-2o\/\" class=\"ek-link\">GP da \u00c1ustria<\/a><\/strong> na \u00faltima semana. \u201cN\u00f3s dois agora temos as novas pe\u00e7as em nossos carros e eles est\u00e3o funcionando muito bem\u201d, explicou.<\/p>\n\n\n\n<p class=\"wp-block-paragraph\">Piastri marcou seus primeiros pontos na F\u00f3rmula 1 diante de sua torcida no <strong><a href=\"https:\/\/www.grandepremio.com\/br\/f1\/noticias\/max-verstappen-recupera-ataque-mercedes-vence-caotico-gp-da-australia-formula-1\/\" class=\"ek-link\">GP da Austr\u00e1lia<\/a> <\/strong>terminando em oitavo. Ap\u00f3s isso, o #81 completou a corrida em 10\u00ba no <strong><a href=\"https:\/\/www.grandepremio.com\/br\/f1\/noticias\/max-verstappen-resiste-pista-molhada-vence-gp-de-monaco-formula-1-incendiado-chuva\/\" class=\"ek-link\">GP de M\u00f4naco<\/a><\/strong>, e ficou perto dos pontos no <strong><a href=\"https:\/\/www.grandepremio.com\/br\/f1\/noticias\/sergio-perez-aproveita-efeito-borboleta-bate-max-verstappen-vence-gp-do-azerbaijao-formula-1\/\" class=\"ek-link\">Azerbaij\u00e3o<\/a><\/strong> e no <strong><a href=\"https:\/\/www.grandepremio.com\/br\/f1\/noticias\/max-verstappen-vence-gp-do-canada-empata-ayrton-senna-f1-fernando-alonso-lewis-hamilton-vao-podio\/\" class=\"ek-link\">Canad\u00e1<\/a><\/strong>, terminando em 11\u00ba nas duas provas. Depois de n\u00e3o completar o <strong><a href=\"https:\/\/www.grandepremio.com\/br\/f1\/noticias\/max-verstappen-aniquila-concorrencia-vence-gp-do-bahrein-formula-1-fernando-alonso-vai-podio\/\" class=\"ek-link\">GP do Bahrein<\/a><\/strong> na abertura da temporada devido a problemas el\u00e9tricos, Piastri mostrou not\u00e1vel consist\u00eancia at\u00e9 agora, terminando todas as oito corridas seguintes.<\/p>\n\n\n\n<figure class=\"wp-block-embed is-type-video is-provider-youtube wp-block-embed-youtube wp-embed-aspect-16-9 wp-has-aspect-ratio\"><div class=\"wp-block-embed__wrapper\">\n<iframe loading=\"lazy\" title=\"VERSTAPPEN POLE, NORRIS e PIASTRI surpreendem. Grid de largada F1 2023 Inglaterra | Briefing\" width=\"500\" height=\"281\" src=\"https:\/\/www.youtube.com\/embed\/GcJ3b9xZ04U?feature=oembed\" frameborder=\"0\" allow=\"accelerometer; autoplay; clipboard-write; encrypted-media; gyroscope; picture-in-picture; web-share\" referrerpolicy=\"strict-origin-when-cross-origin\" allowfullscreen><\/iframe>\n<\/div><\/figure>\n\n\n\n<p class=\"wp-block-paragraph\">O&nbsp;<strong>GRANDE PR\u00caMIO&nbsp;<\/strong>acompanha todas as atividades da<strong><a target=\"_blank\" href=\"https:\/\/www.grandepremio.com\/formula-1\/\" rel=\"noreferrer noopener\">F\u00f3rmula 1<\/a><\/strong>2023&nbsp;<a target=\"_blank\" href=\"https:\/\/www.grandepremio.com\/br\/ao-vivo\/\" rel=\"noreferrer noopener\"><strong>AO VIVO<\/strong>&nbsp;e&nbsp;<strong>EM TEMPO REAL<\/strong><\/a>. No domingo, a largada est\u00e1 marcada para as 11h (de Bras\u00edlia, GMT-3). O&nbsp;<strong>GP<\/strong>&nbsp;transmite em&nbsp;<strong>segunda tela<\/strong>&nbsp;em parceria com a&nbsp;<strong>Voz do Esporte<\/strong>.<\/p>\n","protected":false},"excerpt":{"rendered":"<p>Oscar Piastri comemora resultado da McLaren e aponta que o carro estava super r\u00e1pido na classifica\u00e7\u00e3o em Silverstone<\/p>\n","protected":false},"author":0,"featured_media":1000705625,"comment_status":"closed","ping_status":"closed","sticky":false,"template":"","format":"standard","meta":{"42wp_featured_image_caption":"","42wp_featured_image_credits":"","42wp_featured_video":"","42wp_featured_image_hidden":false,"42wp_authors_list":[],"footnotes":""},"categories":[2],"tags":[147,1505,35644,25733,219,1491,30103,90,2916],"42wp_author":[47157],"class_list":["post-101324","post","type-post","status-publish","format-standard","has-post-thumbnail","hentry","category-f1","tag-f1","tag-gp-da-inglaterra","tag-gp-da-inglaterra-2023","tag-gp-da-inglaterra-de-f1","tag-grande-prmio","tag-grande-premio","tag-grande-premio-f1","tag-mclaren","tag-oscar-piastri","42wp_author-jonas-souza"],"_links":{"self":[{"href":"https:\/\/grandepremio.com\/br\/wp-json\/wp\/v2\/posts\/101324","targetHints":{"allow":["GET"]}}],"collection":[{"href":"https:\/\/grandepremio.com\/br\/wp-json\/wp\/v2\/posts"}],"about":[{"href":"https:\/\/grandepremio.com\/br\/wp-json\/wp\/v2\/types\/post"}],"replies":[{"embeddable":true,"href":"https:\/\/grandepremio.com\/br\/wp-json\/wp\/v2\/comments?post=101324"}],"version-history":[{"count":0,"href":"https:\/\/grandepremio.com\/br\/wp-json\/wp\/v2\/posts\/101324\/revisions"}],"wp:featuredmedia":[{"embeddable":true,"href":"https:\/\/grandepremio.com\/br\/wp-json\/wp\/v2\/media\/1000705625"}],"wp:attachment":[{"href":"https:\/\/grandepremio.com\/br\/wp-json\/wp\/v2\/media?parent=101324"}],"wp:term":[{"taxonomy":"category","embeddable":true,"href":"https:\/\/grandepremio.com\/br\/wp-json\/wp\/v2\/categories?post=101324"},{"taxonomy":"post_tag","embeddable":true,"href":"https:\/\/grandepremio.com\/br\/wp-json\/wp\/v2\/tags?post=101324"},{"taxonomy":"42wp_author","embeddable":true,"href":"https:\/\/grandepremio.com\/br\/wp-json\/wp\/v2\/42wp_author?post=101324"}],"curies":[{"name":"wp","href":"https:\/\/api.w.org\/{rel}","templated":true}]}}