{"id":101327,"date":"2023-07-08T13:11:29","date_gmt":"2023-07-08T16:11:29","guid":{"rendered":"https:\/\/grandepremio.com\/br\/noticias\/mclaren-anima-diz-que-seria-legal-sentir-cheiro-podio-gp-da-inglaterra\/"},"modified":"2023-07-08T13:20:07","modified_gmt":"2023-07-08T16:20:07","slug":"mclaren-anima-diz-que-seria-legal-sentir-cheiro-podio-gp-da-inglaterra","status":"publish","type":"post","link":"https:\/\/grandepremio.com\/br\/f1\/mclaren-anima-diz-que-seria-legal-sentir-cheiro-podio-gp-da-inglaterra\/","title":{"rendered":"McLaren se anima e diz que &#8220;seria legal sentir cheiro do p\u00f3dio&#8221; no GP da Inglaterra"},"content":{"rendered":"\n<p class=\"wp-block-paragraph\">Que dia para a <strong>McLaren<\/strong>! A <strong><a href=\"https:\/\/www.grandepremio.com\/br\/f1\/noticias\/max-verstappen-ignora-chove-para-silverstone-conquista-pole-gp-da-inglaterra\/\" class=\"ek-link\">classifica\u00e7\u00e3o do GP da Inglaterra<\/a><\/strong> de <strong>F\u00f3rmula 1<\/strong>, realizada neste s\u00e1bado (8), terminou com dois pilotos da McLaren nas tr\u00eas primeiras coloca\u00e7\u00f5es. O diretor-executivo do time ingl\u00eas, <strong>Zak Brown<\/strong>, terminou bastante animado e falando nas chances de p\u00f3dio do domingo em Silverstone.<\/p>\n\n\n\n<p class=\"wp-block-paragraph\">\u00c9 verdade que <strong>Max Verstappen<\/strong> larga na pole, mas <strong>Lando Norris<\/strong> completa a primeira fila e <strong>Oscar Piastri<\/strong>, por sua vez, fez o terceiro tempo. Brown se animou e disse at\u00e9 qual o n\u00edvel do abra\u00e7o que daria em Norris, lembrando do que aconteceu quando o ingl\u00eas fez a pole do GP da R\u00fassia de 2021.<\/p>\n\n\n\n<p class=\"wp-block-paragraph\"><strong>\u25b6\ufe0f\u00a0Inscreva-se nos dois canais do GRANDE PR\u00caMIO no YouTube:\u00a0<a href=\"https:\/\/www.youtube.com\/channel\/UC9OlHEgxoaY6QY6nWPoiqQg?sub_confirmation=1\" target=\"_blank\" rel=\"noreferrer noopener\">GP<\/a>\u00a0|\u00a0<a href=\"https:\/\/www.youtube.com\/channel\/UC9csiS6q_C3C0FYhyr1rnFA?sub_confirmation=1\" target=\"_blank\" rel=\"noreferrer noopener\">GP2<\/a><\/strong><br><strong>\u25b6\ufe0f\u00a0<a href=\"https:\/\/www.twitch.tv\/grandepremio\" target=\"_blank\" rel=\"noreferrer noopener\">Conhe\u00e7a o canal do GRANDE PR\u00caMIO na Twitch clicando aqui!<\/a><\/strong><\/p>\n\n\n\n<figure class=\"wp-block-image size-large\"><img decoding=\"async\" src=\"https:\/\/www.grandepremio.com\/br\/wp-content\/uploads\/2023\/07\/f1-2023-austria-classificacao-mclaren-landonorris-afp-03-1024x683.jpg\" alt=\"\" class=\"wp-image-705714\"\/><figcaption class=\"wp-element-caption\">Norris, Verstappen e Piastri largar\u00e3o nas tr\u00eas primeiras posi\u00e7\u00f5es em Silverstone (Foto: AFP) <\/figcaption><\/figure>\n\n\n\n<p class=\"wp-block-paragraph\">&#8220;Ainda n\u00e3o encontrei com Lando, mas da \u00faltima vez, quebrei uma costela dele&#8221;, brincou. &#8220;O resultado \u00e9 fruto do bom trabalho de Andrea [Stella, chefe da equipe] e todos aqui na pista e na f\u00e1brica, al\u00e9m dos pilotos. Esse \u00e9 um ponto alto, mas vamos ver o que acontece amanh\u00e3. Validar essa melhora numa segunda pista e com um segundo carro mostra que estamos na briga&#8221;, afirmou.<\/p>\n\n\n\n<p class=\"wp-block-paragraph\">&#8220;Nosso ritmo de corrida estava bem forte [na simula\u00e7\u00e3o de] ontem. Estou confiante com o ritmo de corrida, ainda que nosso ritmo de classifica\u00e7\u00e3o venha sendo melhor. Seria legal sentir o cheio do p\u00f3dio amanh\u00e3&#8221;, falou.<\/p>\n\n\n\n<p class=\"wp-block-paragraph\">&#8220;Com o teto or\u00e7ament\u00e1rio, estamos vendo o qu\u00e3o competitivo o campeonato \u00e9 do primeiro ao \u00faltimo carro. E tamb\u00e9m foi incr\u00edvel ver como Albon tem sido competitivo com a Williams&#8221;, apontou.<\/p>\n\n\n\n<p class=\"wp-block-paragraph\">O\u00a0<strong>GRANDE PR\u00caMIO\u00a0<\/strong>acompanha todas as atividades da<strong>\u00a0<a href=\"https:\/\/www.grandepremio.com\/formula-1\/\" target=\"_blank\" rel=\"noreferrer noopener\">F\u00f3rmula 1<\/a>\u00a0<\/strong>2023\u00a0<a href=\"https:\/\/www.grandepremio.com\/br\/ao-vivo\/\"><strong>AO VIVO<\/strong>\u00a0e\u00a0<strong>EM\u00a0<\/strong><\/a><strong><a href=\"https:\/\/www.grandepremio.com\/br\/ao-vivo\/\" target=\"_blank\" rel=\"noreferrer noopener\"><\/a><a href=\"https:\/\/www.grandepremio.com\/br\/ao-vivo\/\" target=\"_blank\" rel=\"noreferrer noopener\">TEMPO REAL<\/a><\/strong>. No domingo, a largada est\u00e1 marcada para as 11h (de Bras\u00edlia, GMT-3). O\u00a0<strong>GP<\/strong>\u00a0transmite em\u00a0<strong>segunda tela<\/strong>\u00a0em parceria com a\u00a0<strong>Voz do Esporte<\/strong>.<\/p>\n\n\n\n<figure class=\"wp-block-embed is-type-video is-provider-youtube wp-block-embed-youtube wp-embed-aspect-16-9 wp-has-aspect-ratio\"><div class=\"wp-block-embed__wrapper\">\n<iframe loading=\"lazy\" title=\"VERSTAPPEN POLE, NORRIS e PIASTRI surpreendem. Grid de largada F1 2023 Inglaterra | Briefing\" width=\"500\" height=\"281\" src=\"https:\/\/www.youtube.com\/embed\/GcJ3b9xZ04U?feature=oembed\" frameborder=\"0\" allow=\"accelerometer; autoplay; clipboard-write; encrypted-media; gyroscope; picture-in-picture; web-share\" referrerpolicy=\"strict-origin-when-cross-origin\" allowfullscreen><\/iframe>\n<\/div><figcaption class=\"wp-element-caption\">\ud83d\udd34Grid de largada F1 2023 Inglaterra: VERSTAPPEN POLE, NORRIS e PIASTRI surpreendem | Briefing<\/figcaption><\/figure>\n","protected":false},"excerpt":{"rendered":"<p>Zak Brown, diretor-executivo da McLaren, terminou o dia todo animado com o top-3 duplo e falou at\u00e9 no abra\u00e7o que daria em Lando Norris<\/p>\n","protected":false},"author":0,"featured_media":1000705444,"comment_status":"closed","ping_status":"closed","sticky":false,"template":"","format":"standard","meta":{"42wp_featured_image_caption":"","42wp_featured_image_credits":"","42wp_featured_video":"","42wp_featured_image_hidden":false,"42wp_authors_list":[],"footnotes":""},"categories":[2],"tags":[6533,30722,1505,35635,1491,30103,28285,547,90,2916,19348,580],"42wp_author":[47120],"class_list":["post-101327","post","type-post","status-publish","format-standard","has-post-thumbnail","hentry","category-f1","tag-f1-2023","tag-formula-1-2023","tag-gp-da-inglaterra","tag-gp-em-silverstone","tag-grande-premio","tag-grande-premio-f1","tag-grandepremio","tag-lando-norris","tag-mclaren","tag-oscar-piastri","tag-podio","tag-zak-brown","42wp_author-pedro-henrique-marum"],"_links":{"self":[{"href":"https:\/\/grandepremio.com\/br\/wp-json\/wp\/v2\/posts\/101327","targetHints":{"allow":["GET"]}}],"collection":[{"href":"https:\/\/grandepremio.com\/br\/wp-json\/wp\/v2\/posts"}],"about":[{"href":"https:\/\/grandepremio.com\/br\/wp-json\/wp\/v2\/types\/post"}],"replies":[{"embeddable":true,"href":"https:\/\/grandepremio.com\/br\/wp-json\/wp\/v2\/comments?post=101327"}],"version-history":[{"count":0,"href":"https:\/\/grandepremio.com\/br\/wp-json\/wp\/v2\/posts\/101327\/revisions"}],"wp:featuredmedia":[{"embeddable":true,"href":"https:\/\/grandepremio.com\/br\/wp-json\/wp\/v2\/media\/1000705444"}],"wp:attachment":[{"href":"https:\/\/grandepremio.com\/br\/wp-json\/wp\/v2\/media?parent=101327"}],"wp:term":[{"taxonomy":"category","embeddable":true,"href":"https:\/\/grandepremio.com\/br\/wp-json\/wp\/v2\/categories?post=101327"},{"taxonomy":"post_tag","embeddable":true,"href":"https:\/\/grandepremio.com\/br\/wp-json\/wp\/v2\/tags?post=101327"},{"taxonomy":"42wp_author","embeddable":true,"href":"https:\/\/grandepremio.com\/br\/wp-json\/wp\/v2\/42wp_author?post=101327"}],"curies":[{"name":"wp","href":"https:\/\/api.w.org\/{rel}","templated":true}]}}