{"id":101356,"date":"2023-07-07T16:23:12","date_gmt":"2023-07-07T19:23:12","guid":{"rendered":"https:\/\/grandepremio.com\/br\/noticias\/alexander-albon-vento-forte-como-determinante-para-top-5-williams-no-tl2-pior-para-outros\/"},"modified":"2023-07-07T21:19:21","modified_gmt":"2023-07-08T00:19:21","slug":"alexander-albon-vento-forte-como-determinante-para-top-5-williams-no-tl2-pior-para-outros","status":"publish","type":"post","link":"https:\/\/grandepremio.com\/br\/f1\/alexander-albon-vento-forte-como-determinante-para-top-5-williams-no-tl2-pior-para-outros\/","title":{"rendered":"Albon v\u00ea vento forte como determinante para top-5 da Williams: &#8220;\u00c9 pior para os outros&#8221;"},"content":{"rendered":"\n<p class=\"wp-block-paragraph\">Os ventos de Silverstone sopraram a favor da Williams no <a href=\"https:\/\/www.grandepremio.com\/br\/f1\/noticias\/max-verstappen-bate-carlos-sainz-por-pouco-lidera-tl2-formula-1-inglaterra-mercedes-sofre\/\" class=\"ek-link\">TL2 do GP da Inglaterra<\/a>. Nesta sexta-feira (7), o FW45 performou de maneira competitiva com <strong>Alexander Albon <\/strong>em terceiro e <strong>Logan Sargeant <\/strong>em quinto lugar. Apesar estar contente com os resultados, Albon se mostrou cauteloso para a classifica\u00e7\u00e3o e a corrida e apontou a forte corrente de ar no templo do automobilismo como determinante para a conquista dos surpreendentes resultados no segundo treino livre.<\/p>\n\n\n\n<p class=\"wp-block-paragraph\">Com o design especial em comemora\u00e7\u00e3o aos <a href=\"https:\/\/www.grandepremio.com\/br\/f1\/noticias\/williams-comemora-800-corridas-gp-da-inglaterra-pintura-azul-branca\/\" class=\"ek-link\">800 GPs na hist\u00f3ria da F1<\/a>, a Williams viveu seus tempos de auge t\u00e9cnico no TL2 do GP da Inglaterra. Os carros #23 e #2 se mostraram competitivos durante os 60 minutos de atividade em pista e terminaram dentro do top-5 da sess\u00e3o. &#8220;Eu estaria mentindo se dissesse que n\u00e3o \u00e9 surpreendente&#8221;, admitiu Albon, em entrevista coletiva ap\u00f3s os treinos livres.<\/p>\n\n\n\n<p class=\"wp-block-paragraph\"><strong>\u25b6\ufe0f&nbsp;Inscreva-se nos dois canais do GRANDE PR\u00caMIO no YouTube:&nbsp;<\/strong><a href=\"https:\/\/www.youtube.com\/channel\/UC9OlHEgxoaY6QY6nWPoiqQg?sub_confirmation=1\" target=\"_blank\" rel=\"noreferrer noopener\"><strong>GP&nbsp;|&nbsp;GP2<\/strong><br><strong>\u25b6\ufe0f&nbsp;Conhe\u00e7a o canal do GRANDE PR\u00caMIO na Twitch clicando aq<\/strong><\/a><strong><a href=\"https:\/\/www.youtube.com\/channel\/UC9OlHEgxoaY6QY6nWPoiqQg?sub_confirmation=1\" target=\"_blank\" rel=\"noreferrer noopener\">ui!<\/a><\/strong><\/p>\n\n\n\n<figure class=\"wp-block-image size-large\"><img decoding=\"async\" src=\"https:\/\/www.grandepremio.com\/br\/wp-content\/uploads\/2023\/07\/f1-2023-austria-treinoslivres-williams-logansargeant-01-1024x683.jpg\" alt=\"\" class=\"wp-image-705088\"\/><figcaption class=\"wp-element-caption\">Logan Sargeant foi o quinto no TL2 em Silverstone (Foto: Williams)<\/figcaption><\/figure>\n\n\n\n<p class=\"wp-block-paragraph\">Ainda segundo o tailand\u00eas, apesar do pacote de atualiza\u00e7\u00f5es melhorar o desempenho do FW45 em curvas de alta velocidade, como \u00e9 o caso do tra\u00e7ado de Silverstone, as fortes rajadas de vento podem ter influenciado no resultado na sess\u00e3o em compara\u00e7\u00e3o com <strong>Aston Martin<\/strong> e <strong>Mercedes<\/strong>. <\/p>\n\n\n\n<p class=\"wp-block-paragraph\">&#8220;\u00c9 estranho porque, sem parecer muito pessimista, n\u00e3o pareceu \u00f3timo para n\u00f3s, mas claramente deve parecer pior para os outros&#8221;, avaliou. &#8220;O vento \u00e9 um verdadeiro inc\u00f4modo, realmente afeta o equil\u00edbrio do carro. Mas parece que estamos lidando com isso muito melhor do que todos os outros&#8221;, completou.<\/p>\n\n\n\n<p class=\"wp-block-paragraph\">Apesar da performance deix\u00e1-lo animado para classifica\u00e7\u00e3o e corrida, Albon afirmou que tudo pode ser diferente caso o vento se comporte de outra maneira no s\u00e1bado e domingo em Silverstone. &#8220;Sinceramente, se falarmos sobre equil\u00edbrio, cada curva \u00e9 diferente aqui porque o vento est\u00e1 atingindo o carro de diferentes maneiras. Ent\u00e3o voc\u00ea tem o que chamamos de carro muito &#8216;desconectado'&#8221;, disse.<\/p>\n\n\n\n<p class=\"wp-block-paragraph\">&#8220;H\u00e1 muito para fazer, mas tamb\u00e9m \u00e9 muito dif\u00edcil, por exemplo, a curva tr\u00eas \u00e9 de sa\u00edda de traseira e a curva quatro \u00e9 sa\u00edda de frente. Voc\u00ea n\u00e3o pode realmente atacar essas curvas e fazer ajustes no carro porque as velocidades das curvas s\u00e3o as mesmas e voc\u00ea apenas tem um vento de frente e depois um vento de traseira. Ent\u00e3o \u00e9 tudo sobre compromisso nesse circuito.&#8221;, completou.<\/p>\n\n\n\n<figure class=\"wp-block-image size-large\"><img decoding=\"async\" src=\"https:\/\/www.grandepremio.com\/br\/wp-content\/uploads\/2023\/07\/f1-2023-austria-treinoslivres-williams-alexanderalbon-01-1024x683.jpg\" alt=\"\" class=\"wp-image-704945\"\/><figcaption class=\"wp-element-caption\">Alexander Albon na Williams de pintura especial (Foto: Williams)<\/figcaption><\/figure>\n\n\n\n<p class=\"wp-block-paragraph\">Diante desse cen\u00e1rio inst\u00e1vel, Albon se mostrou cauteloso para classifica\u00e7\u00e3o e corrida. &#8220;Mas \u00e9 uma inc\u00f3gnita. Honestamente, nosso ritmo em simula\u00e7\u00f5es de corrida tamb\u00e9m foi forte considerando que est\u00e1vamos com pneus duros. Temos que manter os p\u00e9s no ch\u00e3o e focar em n\u00f3s mesmos. Mas \u00e9 algo estranho terminar as voltas e se ver entre os tr\u00eas primeiros.&#8221;<\/p>\n\n\n\n<p class=\"wp-block-paragraph\">Com o quinto tempo, Sargeant seguiu a mesma linha de racioc\u00ednio de Albon ap\u00f3s o TL2. &#8220;Foi uma sexta-feira decente em Silverstone, apesar de ser bastante complicada com altas temperaturas e ventos fortes, o que tornou a volta muito imprevis\u00edvel. Fizemos um bom trabalho para lidar com isso, mas ainda h\u00e1 algumas melhorias a serem feitas antes de amanh\u00e3. De qualquer forma, foi um \u00f3timo dia pilotando nessa pista incr\u00edvel e estou ansioso pelo dia de amanh\u00e3&#8221;, concluiu.<\/p>\n\n\n\n<p class=\"wp-block-paragraph\">O <strong>GRANDE PR\u00caMIO<\/strong> acompanha todas as atividades da F\u00f3rmula 1 2023 AO VIVO e <a href=\"https:\/\/www.grandepremio.com\/br\/ao-vivo\/\" class=\"ek-link\">EM TEMPO REAL<\/a>. Amanh\u00e3, o terceiro e \u00faltimo treino livre est\u00e1 marcado para as 7h30 (de Bras\u00edlia, GMT-3), enquanto a classifica\u00e7\u00e3o \u00e9 a partir das 11h. No s\u00e1bado e no domingo, h\u00e1 tamb\u00e9m a segunda tela, em parceria com a Voz do Esporte.<\/p>\n\n\n\n<figure class=\"wp-block-embed is-type-video is-provider-youtube wp-block-embed-youtube wp-embed-aspect-16-9 wp-has-aspect-ratio\"><div class=\"wp-block-embed__wrapper\">\n<iframe loading=\"lazy\" title=\"Trocar Leclerc ou Sainz: A solu\u00e7\u00e3o para a sofr\u00eancia da Ferrari? | GP \u00e0s 10\" width=\"500\" height=\"281\" src=\"https:\/\/www.youtube.com\/embed\/ypbBHV_2MLU?feature=oembed\" frameborder=\"0\" allow=\"accelerometer; autoplay; clipboard-write; encrypted-media; gyroscope; picture-in-picture; web-share\" referrerpolicy=\"strict-origin-when-cross-origin\" allowfullscreen><\/iframe>\n<\/div><\/figure>\n","protected":false},"excerpt":{"rendered":"<p>Ap\u00f3s terceiro lugar, Alexander Albon mostrou cautela visando o GP da Inglaterra ao avaliar o surpreendente resultado na segunda sess\u00e3o de treinos livres<\/p>\n","protected":false},"author":0,"featured_media":1000705123,"comment_status":"closed","ping_status":"closed","sticky":false,"template":"","format":"standard","meta":{"42wp_featured_image_caption":"","42wp_featured_image_credits":"","42wp_featured_video":"","42wp_featured_image_hidden":false,"42wp_authors_list":[],"footnotes":""},"categories":[2],"tags":[147,6533,1505,28285,32667,33636,3632,215],"42wp_author":[47145],"class_list":["post-101356","post","type-post","status-publish","format-standard","has-post-thumbnail","hentry","category-f1","tag-f1","tag-f1-2023","tag-gp-da-inglaterra","tag-grandepremio","tag-grandepremio-f1","tag-sargeant","tag-silverstone","tag-williams","42wp_author-alessandro-pinheiro"],"_links":{"self":[{"href":"https:\/\/grandepremio.com\/br\/wp-json\/wp\/v2\/posts\/101356","targetHints":{"allow":["GET"]}}],"collection":[{"href":"https:\/\/grandepremio.com\/br\/wp-json\/wp\/v2\/posts"}],"about":[{"href":"https:\/\/grandepremio.com\/br\/wp-json\/wp\/v2\/types\/post"}],"replies":[{"embeddable":true,"href":"https:\/\/grandepremio.com\/br\/wp-json\/wp\/v2\/comments?post=101356"}],"version-history":[{"count":0,"href":"https:\/\/grandepremio.com\/br\/wp-json\/wp\/v2\/posts\/101356\/revisions"}],"wp:featuredmedia":[{"embeddable":true,"href":"https:\/\/grandepremio.com\/br\/wp-json\/wp\/v2\/media\/1000705123"}],"wp:attachment":[{"href":"https:\/\/grandepremio.com\/br\/wp-json\/wp\/v2\/media?parent=101356"}],"wp:term":[{"taxonomy":"category","embeddable":true,"href":"https:\/\/grandepremio.com\/br\/wp-json\/wp\/v2\/categories?post=101356"},{"taxonomy":"post_tag","embeddable":true,"href":"https:\/\/grandepremio.com\/br\/wp-json\/wp\/v2\/tags?post=101356"},{"taxonomy":"42wp_author","embeddable":true,"href":"https:\/\/grandepremio.com\/br\/wp-json\/wp\/v2\/42wp_author?post=101356"}],"curies":[{"name":"wp","href":"https:\/\/api.w.org\/{rel}","templated":true}]}}