{"id":101357,"date":"2023-07-07T15:08:25","date_gmt":"2023-07-07T18:08:25","guid":{"rendered":"https:\/\/grandepremio.com\/br\/noticias\/max-verstappen-ve-desempenho-geral-muito-forte-dia-positivo-treinos-inglaterra\/"},"modified":"2023-07-07T15:08:34","modified_gmt":"2023-07-07T18:08:34","slug":"max-verstappen-ve-desempenho-geral-muito-forte-dia-positivo-treinos-inglaterra","status":"publish","type":"post","link":"https:\/\/grandepremio.com\/br\/f1\/max-verstappen-ve-desempenho-geral-muito-forte-dia-positivo-treinos-inglaterra\/","title":{"rendered":"Verstappen v\u00ea &#8220;desempenho geral muito forte&#8221; em dia &#8220;positivo&#8221; de treinos na Inglaterra"},"content":{"rendered":"\n<p class=\"wp-block-paragraph\">Mudam as pistas, mas n\u00e3o muda quem lidera as sess\u00f5es na <strong>F\u00f3rmula 1<\/strong>. <strong>Max Verstappen<\/strong> encerrou a sexta-feira (7) de treinos livres para o <strong>GP da Inglaterra<\/strong> como o piloto mais r\u00e1pido. O holand\u00eas da <strong>Red Bull<\/strong> comandou a tabela de tempos tanto no <strong>TL1 <\/strong>quanto no <strong>TL2 <\/strong>e, assim, afirmou que o fim de semana come\u00e7ou com muita satisfa\u00e7\u00e3o com o desempenho do carro, mesmo com <strong>Carlos Sainz <\/strong>fazendo um tempo bem pr\u00f3ximo ao do <strong>#1<\/strong>.<\/p>\n\n\n\n<p class=\"wp-block-paragraph\">O bicampe\u00e3o mundial fez um tempo 0s022 mais r\u00e1pido que o espanhol da <strong>Ferrari<\/strong>, com 1min28s078. Com isso, a <strong>Red Bull <\/strong>se confirmou como a refer\u00eancia de tempos, tamb\u00e9m gra\u00e7as \u00e0s algumas mudan\u00e7as feitas entre as duas sess\u00f5es desta sexta.<\/p>\n\n\n\n<p class=\"wp-block-paragraph\">&#8220;Acho que, no geral, o carro teve um desempenho realmente bom. Fiquei muito feliz com isso. O desempenho geral foi forte em ambas as sess\u00f5es e conseguimos completar nossos programas, e o ritmo de corrida tamb\u00e9m foi bom. Ent\u00e3o, foi muito positivo&#8221;, disse Verstappen ap\u00f3s a segunda sess\u00e3o de treinos livres.&nbsp;<\/p>\n\n\n\n<p class=\"wp-block-paragraph\"><strong>\u25b6\ufe0f&nbsp;Inscreva-se nos dois canais do GRANDE PR\u00caMIO no YouTube:&nbsp;<a href=\"https:\/\/www.youtube.com\/channel\/UC9OlHEgxoaY6QY6nWPoiqQg?sub_confirmation=1\" target=\"_blank\" rel=\"noreferrer noopener\">GP<\/a>&nbsp;|&nbsp;<a href=\"https:\/\/www.youtube.com\/channel\/UC9csiS6q_C3C0FYhyr1rnFA?sub_confirmation=1\" target=\"_blank\" rel=\"noreferrer noopener\">GP2<\/a><\/strong><br><strong>\u25b6\ufe0f&nbsp;<a href=\"https:\/\/www.twitch.tv\/grandepremio\" target=\"_blank\" rel=\"noreferrer noopener\">Conhe\u00e7a o canal do GRANDE PR\u00caMIO na Twitch clicando aqui!<\/a><\/strong><\/p>\n\n\n\n<p class=\"wp-block-paragraph\">A <strong>F1 <\/strong>teve um in\u00edcio de dia bastante complexo, principalmente devido a pista estar bem escorregadia, algo relatado n\u00e3o somente por Verstappen, mas tamb\u00e9m por outros pilotos. &#8220;Acho que estava bastante escorregadio no in\u00edcio, mas isso se deve \u00e0s altas press\u00f5es que estamos usando nos pneus. Claramente \u00e9 igual para todos, mas torna tudo um pouco mais dif\u00edcil em curvas de baixa velocidade\u201d, afirmou o holand\u00eas.<\/p>\n\n\n\n<figure class=\"wp-block-image size-large\"><img decoding=\"async\" src=\"https:\/\/www.grandepremio.com\/br\/wp-content\/uploads\/2023\/07\/f1-2023-austria-treinoslivres-redbull-maxverstappen-02-1024x683.jpg\" alt=\"\" class=\"wp-image-704905\"\/><figcaption class=\"wp-element-caption\">Max Verstappen j\u00e1 come\u00e7ou mostrando o favoritismo na Inglaterra (Foto: Red Bull Content Pool)<\/figcaption><\/figure>\n\n\n\n<p class=\"wp-block-paragraph\">No s\u00e1bado, \u00e9 quase certa a previs\u00e3o de chuva na terceira sess\u00e3o de treinos livres, enquanto a situa\u00e7\u00e3o para a classifica\u00e7\u00e3o \u00e9 mais incerta. Questionado sobre poss\u00edveis desafios no restante do fim de semana, Max aponta justamente a previs\u00e3o do tempo como poss\u00edvel problema. &#8220;Amanh\u00e3, \u00e9 claro, h\u00e1 quest\u00f5es tamb\u00e9m com o clima. Do nosso lado queremos melhorar um pouco o carro, mas, no geral, hoje foi um dia forte\u201d, completou.<\/p>\n\n\n\n<p class=\"wp-block-paragraph\">O\u00a0<strong>GRANDE PR\u00caMIO\u00a0<\/strong>acompanha todas as atividades da<strong>\u00a0<\/strong><a href=\"https:\/\/www.grandepremio.com\/formula-1\/\" target=\"_blank\" rel=\"noreferrer noopener\">F\u00f3rmula 1<\/a>\u00a02023\u00a0<a href=\"https:\/\/www.grandepremio.com\/br\/ao-vivo\/\"><strong>AO VIVO<\/strong>\u00a0e\u00a0<strong>EM\u00a0<\/strong><\/a><strong><a href=\"https:\/\/www.grandepremio.com\/br\/ao-vivo\/\" target=\"_blank\" rel=\"noreferrer noopener\"><\/a><a href=\"https:\/\/www.grandepremio.com\/br\/ao-vivo\/\" target=\"_blank\" rel=\"noreferrer noopener\">TEMPO REAL<\/a><\/strong>. Amanh\u00e3, o terceiro e \u00faltimo treino livre est\u00e1 marcado para as 7h30 (de Bras\u00edlia, GMT-3), enquanto a classifica\u00e7\u00e3o \u00e9 a partir das 11h. No s\u00e1bado e no domingo, h\u00e1 tamb\u00e9m a segunda tela, em parceria com a\u00a0<strong>Voz do Esporte<\/strong>.<\/p>\n\n\n\n<figure class=\"wp-block-embed is-type-video is-provider-youtube wp-block-embed-youtube wp-embed-aspect-16-9 wp-has-aspect-ratio\"><div class=\"wp-block-embed__wrapper\">\n<iframe loading=\"lazy\" title=\"F1 2023 na Inglaterra: VERSTAPPEN lidera treinos livres. Albon IMPRESSIONA! | Briefing\" width=\"500\" height=\"281\" src=\"https:\/\/www.youtube.com\/embed\/qk80T1p00CM?feature=oembed\" frameborder=\"0\" allow=\"accelerometer; autoplay; clipboard-write; encrypted-media; gyroscope; picture-in-picture; web-share\" referrerpolicy=\"strict-origin-when-cross-origin\" allowfullscreen><\/iframe>\n<\/div><\/figure>\n","protected":false},"excerpt":{"rendered":"<p>Max Verstappen encerrou a sexta-feira em Silverstone como o piloto mais r\u00e1pido e, apesar da falta de ader\u00eancia da pista em alguns momentos, ficou satisfeito com desempenho<\/p>\n","protected":false},"author":0,"featured_media":1000705100,"comment_status":"closed","ping_status":"closed","sticky":false,"template":"","format":"standard","meta":{"42wp_featured_image_caption":"","42wp_featured_image_credits":"","42wp_featured_video":"","42wp_featured_image_hidden":false,"42wp_authors_list":[],"footnotes":""},"categories":[2],"tags":[147,1505,35644,25733,31875,24836,1491,30103,203,204,3632,35630],"42wp_author":[47157],"class_list":["post-101357","post","type-post","status-publish","format-standard","has-post-thumbnail","hentry","category-f1","tag-f1","tag-gp-da-inglaterra","tag-gp-da-inglaterra-2023","tag-gp-da-inglaterra-de-f1","tag-gp-da-inglaterra-de-formula-1","tag-grande-premio-2","tag-grande-premio","tag-grande-premio-f1","tag-max-verstappen","tag-red-bull","tag-silverstone","tag-silverstone-2023","42wp_author-jonas-souza"],"_links":{"self":[{"href":"https:\/\/grandepremio.com\/br\/wp-json\/wp\/v2\/posts\/101357","targetHints":{"allow":["GET"]}}],"collection":[{"href":"https:\/\/grandepremio.com\/br\/wp-json\/wp\/v2\/posts"}],"about":[{"href":"https:\/\/grandepremio.com\/br\/wp-json\/wp\/v2\/types\/post"}],"replies":[{"embeddable":true,"href":"https:\/\/grandepremio.com\/br\/wp-json\/wp\/v2\/comments?post=101357"}],"version-history":[{"count":0,"href":"https:\/\/grandepremio.com\/br\/wp-json\/wp\/v2\/posts\/101357\/revisions"}],"wp:featuredmedia":[{"embeddable":true,"href":"https:\/\/grandepremio.com\/br\/wp-json\/wp\/v2\/media\/1000705100"}],"wp:attachment":[{"href":"https:\/\/grandepremio.com\/br\/wp-json\/wp\/v2\/media?parent=101357"}],"wp:term":[{"taxonomy":"category","embeddable":true,"href":"https:\/\/grandepremio.com\/br\/wp-json\/wp\/v2\/categories?post=101357"},{"taxonomy":"post_tag","embeddable":true,"href":"https:\/\/grandepremio.com\/br\/wp-json\/wp\/v2\/tags?post=101357"},{"taxonomy":"42wp_author","embeddable":true,"href":"https:\/\/grandepremio.com\/br\/wp-json\/wp\/v2\/42wp_author?post=101357"}],"curies":[{"name":"wp","href":"https:\/\/api.w.org\/{rel}","templated":true}]}}