{"id":101359,"date":"2023-07-07T14:55:57","date_gmt":"2023-07-07T17:55:57","guid":{"rendered":"https:\/\/grandepremio.com\/br\/noticias\/confira-declaracoes-pilotos-sexta-feira-gp-inglaterra-f1-2023\/"},"modified":"2023-07-07T16:40:19","modified_gmt":"2023-07-07T19:40:19","slug":"confira-declaracoes-pilotos-sexta-feira-gp-inglaterra-f1-2023","status":"publish","type":"post","link":"https:\/\/grandepremio.com\/br\/f1\/confira-declaracoes-pilotos-sexta-feira-gp-inglaterra-f1-2023\/","title":{"rendered":"Confira declara\u00e7\u00f5es dos pilotos ap\u00f3s sexta-feira do GP da Inglaterra de F1 2023"},"content":{"rendered":"\n<p class=\"wp-block-paragraph\"><a href=\"https:\/\/www.grandepremio.com\/br\/f1\/noticias\/max-verstappen-bate-carlos-sainz-por-pouco-lidera-tl2-formula-1-inglaterra-mercedes-sofre\/\" class=\"ek-link\"><strong>Max Verstappen<\/strong> foi o mais r\u00e1pido no primeiro dia de treinos para o GP da <strong>Inglaterra <\/strong>de <strong>F\u00f3rmula 1<\/strong><\/a>. O holand\u00eas cravou 1min28s078 na melhor volta do treino livre 2 em <strong>Silverstone <\/strong>e fechou a sexta-feira (7) com 0s022 de margem para <strong>Carlos Sainz Jr.,<\/strong> o segundo colocado. <strong>Alex Albon <\/strong>fecha o top-3.<\/p>\n\n\n\n<p class=\"wp-block-paragraph\">0s264 mais lento que o companheiro de equipe, <strong>Sergio P\u00e9rez <\/strong>ficou em quarto, com <strong>Logan Sargeant<\/strong>, <strong>Lance Stroll<\/strong>, <strong>Nico H\u00fclkenberg<\/strong>, <strong>Pierre Gasly<\/strong>, <strong>Oscar Piastri <\/strong>e <strong>Fernando Alonso <\/strong>fechando o top-10 na Inglaterra.<\/p>\n\n\n\n<figure class=\"wp-block-image size-large\"><img decoding=\"async\" src=\"https:\/\/www.grandepremio.com\/br\/wp-content\/uploads\/2023\/07\/f1-2023-austria-treinoslivres-redbull-maxverstappen-05-1-1024x731.jpg\" alt=\"\" class=\"wp-image-705101\"\/><figcaption class=\"wp-element-caption\">Max Verstappen (Foto: Red Bull Content Pool)<\/figcaption><\/figure>\n\n\n\n<p class=\"wp-block-paragraph\"><strong>\u25b6\ufe0f&nbsp;Inscreva-se nos dois canais do GRANDE PR\u00caMIO no YouTube:&nbsp;<a href=\"https:\/\/www.youtube.com\/channel\/UC9OlHEgxoaY6QY6nWPoiqQg?sub_confirmation=1\" target=\"_blank\" rel=\"noreferrer noopener\">GP<\/a>&nbsp;|&nbsp;<a href=\"https:\/\/www.youtube.com\/channel\/UC9csiS6q_C3C0FYhyr1rnFA?sub_confirmation=1\" target=\"_blank\" rel=\"noreferrer noopener\">GP2<\/a><\/strong><br><strong>\u25b6\ufe0f&nbsp;<a href=\"https:\/\/www.twitch.tv\/grandepremio\" target=\"_blank\" rel=\"noreferrer noopener\">Conhe\u00e7a o canal do GRANDE PR\u00caMIO na Twitch clicando aqui!<\/a><\/strong><\/p>\n\n\n\n<p class=\"wp-block-paragraph\"><strong>Guanyu Zhou<\/strong> ficou em 11\u00ba, escoltado por <strong>George Russell<\/strong>, <strong>Esteban Ocon <\/strong>e <strong>Lando Norris<\/strong>. <strong>Lewis Hamilton <\/strong>virou 1s205 atr\u00e1s de Verstappen e ficou em 15\u00ba, seguido por <strong>Valtteri Bottas<\/strong>, <strong>Kevin Magnussen<\/strong>, <strong>Yuki Tsunoda <\/strong>e <strong>Nyck De Vries<\/strong>. <strong>Charles Leclerc <\/strong>n\u00e3o rodou na \u00faltima sess\u00e3o e ficou em \u00faltimo.<\/p>\n\n\n\n<h3 class=\"wp-block-heading\" id=\"h-confira-as-declaracoes-dos-pilotos-apos-sexta-feira-de-treinos-na-inglaterra\"><strong>Confira as declara\u00e7\u00f5es dos pilotos ap\u00f3s sexta-feira de treinos na Inglaterra:<\/strong><\/h3>\n\n\n\n<p class=\"wp-block-paragraph\"><strong>Max Verstappen, l\u00edder:<\/strong> <strong><a href=\"https:\/\/www.grandepremio.com\/br\/f1\/noticias\/max-verstappen-ve-desempenho-geral-muito-forte-dia-positivo-treinos-inglaterra\/\" class=\"ek-link\">Verstappen v\u00ea \u201cdesempenho geral muito forte\u201d em dia \u201cpositivo\u201d de treinos na Inglaterra<\/a><\/strong><\/p>\n\n\n\n<p class=\"wp-block-paragraph\"><strong>Carlos Sainz Jr., segundo:<\/strong> &#8220;Foi uma sexta-feira desafiadora aqui em Silverstone. O TL1 foi bastante complicado por causa do vento e das condi\u00e7\u00f5es da pista, mas completamos um bom programa e acho que isso nos ajudou a fazer um bom progresso no TL2. Precisamos continuar trabalhando no gerenciamento de pneus e no ritmo de corrida. Este deve ser o nosso principal ponto de foco amanh\u00e3, pois hoje pudemos ver que em uma volta n\u00e3o fomos t\u00e3o ruins. No geral, estamos muito felizes com hoje, mas \u00e9 claro que ainda h\u00e1 algum trabalho para fazer.&#8221;<\/p>\n\n\n\n<p class=\"wp-block-paragraph\"><strong>Alex Albon, terceiro:<\/strong> <a href=\"https:\/\/www.grandepremio.com\/br\/f1\/noticias\/alexander-albon-vento-forte-como-determinante-para-top-5-williams-no-tl2-pior-para-outros\/\" class=\"ek-link\">Albon v\u00ea vento forte como determinante para top-5 da Williams no TL2: \u201c\u00c9 pior para os outros\u201d<\/a><\/p>\n\n\n\n<p class=\"wp-block-paragraph\"><strong>Sergio P\u00e9rez, quarto: <\/strong><a href=\"https:\/\/www.grandepremio.com\/br\/f1\/noticias\/sergio-perez-celebra-bom-carro-treinos-ja-projeta-luta-pole-gp-inglaterra\/\" class=\"ek-link\">P\u00e9rez celebra &#8220;bom carro&#8221; em treinos e j\u00e1 projeta &#8220;luta por pole&#8221; do GP da Inglaterra<\/a><\/p>\n\n\n\n<p class=\"wp-block-paragraph\"><strong>Logan Sargeant, quinto:<\/strong> &#8220;Foi uma sexta-feira decente em Silverstone, apesar de ser bastante complicada com altas temperaturas e ventos fortes, tornando tudo\u00a0 muito imprevis\u00edvel ao longo da volta. Fizemos um bom trabalho para resolver isso, mas ainda h\u00e1 algumas melhorias a serem feitas antes de amanh\u00e3. De qualquer forma, foi um \u00f3timo dia pilotando nesta pista incr\u00edvel e estou ansioso por amanh\u00e3.&#8221;<\/p>\n\n\n\n<figure class=\"wp-block-image size-large\"><img decoding=\"async\" src=\"https:\/\/www.grandepremio.com\/br\/wp-content\/uploads\/2023\/07\/f1-2023-austria-treinoslivres-mercedes-lewishamilton-afp-04-1024x683.jpg\" alt=\"\" class=\"wp-image-705142\"\/><figcaption class=\"wp-element-caption\">Lewis Hamilton (Foto: AFP) <\/figcaption><\/figure>\n\n\n\n<p class=\"wp-block-paragraph\"><strong>Lance Stroll, sexto:<\/strong> \u201cFoi \u00f3timo ir \u00e0 pista em Silverstone hoje, n\u00e3o h\u00e1 lugar igual. Fizemos algumas altera\u00e7\u00f5es na configura\u00e7\u00e3o ap\u00f3s o primeiro treino livre e o carro estava mais forte na segunda sess\u00e3o. Ainda h\u00e1 algumas coisas para trabalhar hoje \u00e0 noite, mas o ritmo parecia bom, ent\u00e3o estou me sentindo positivo. Vamos ver o que o amanh\u00e3 trar\u00e1, pois parece que a temperatura vai cair e pode haver alguma chuva na regi\u00e3o. Podemos ter uma classifica\u00e7\u00e3o interessante pela frente!<\/p>\n\n\n\n<p class=\"wp-block-paragraph\"><strong>Nico H\u00fclkenberg, s\u00e9timo:<\/strong> \u201c\u00c9 r\u00e1pido aqui, super din\u00e2mico e tamb\u00e9m a dire\u00e7\u00e3o do vento estava boa hoje ao passar por todos os trechos de alta velocidade. \u00c9 impressionante a velocidade e a mudan\u00e7a de dire\u00e7\u00e3o e as for\u00e7as pelas quais passamos. Foi um dia bom hoje, o stint longo n\u00e3o foi t\u00e3o ruim, mas eu estava quase sempre sozinho, ent\u00e3o n\u00e3o \u00e9 totalmente representativo para o domingo. Estamos tentando chegar um pouco mais longe nas corridas longas e encontrar um pouco mais de ritmo, gerenciamento de pneus e ver o que podemos fazer. Acho que o ritmo de uma volta parecia bom, mas precisamos nos concentrar no que podemos fazer melhor na corrida para extrair o m\u00e1ximo.&#8221;<\/p>\n\n\n\n<p class=\"wp-block-paragraph\">Pierre Gasly, oitavo: \u201cEm primeiro lugar, \u00e9 muito prazeroso pilotar em um circuito t\u00e3o incr\u00edvel na frente de tantos f\u00e3s. Mesmo em uma sexta-feira, as arquibancadas estavam cheias em cada curva, e isso \u00e9 realmente bom de ver. Na pista, foi um dia s\u00f3lido para n\u00f3s, sem problemas reais, e seguimos nosso plano de treinos conforme esperado. Certamente acredito que h\u00e1 mais por vir, logo estou ansioso para o treino de amanh\u00e3 para continuar testando coisas e encontrar melhorias antes da classifica\u00e7\u00e3o.<\/p>\n\n\n\n<p class=\"wp-block-paragraph\"><strong>Oscar Piastri, nono:<\/strong> \u201cEu diria que foi um dia bastante produtivo. Ainda precisamos fazer algum trabalho para colocar o carro no ponto ideal, mas acho que no geral foi bastante s\u00f3lido. Teremos de ver o que podemos ajustar para amanh\u00e3. <strong>O tempo est\u00e1 desempenhando um papel importante, ent\u00e3o veremos o que podemos fazer amanh\u00e3, mas no geral, n\u00e3o foi uma sexta-feira ruim, um bom primeiro dia com o carro atualizado.<\/strong><\/p>\n\n\n\n<p class=\"wp-block-paragraph\"><strong>Fernando Alonso, d\u00e9cimo:<\/strong> <a href=\"https:\/\/www.grandepremio.com\/br\/f1\/noticias\/fernando-alonso-diz-vento-complicou-dia-treinos-inglaterra-garante-ha-mais-por-vir\/\" class=\"ek-link\">Alonso diz que vento complicou dia, mas garante que \u201ch\u00e1 mais por vir\u201d na Inglaterra<\/a><\/p>\n\n\n\n<p class=\"wp-block-paragraph\"><strong>Guanyu Zhou, 11\u00ba: <\/strong>\u201cAs atualiza\u00e7\u00f5es que trouxemos para a Inglaterra parecem estar funcionando como esper\u00e1vamos; claro, \u00e9 dif\u00edcil fazer previs\u00f5es com base nos treinos: descobriremos onde realmente estamos apenas quando a classifica\u00e7\u00e3o come\u00e7ar. Hoje foi tudo sobre entender essas novas pe\u00e7as e testar diferentes configura\u00e7\u00f5es. Lutei um pouco com o equil\u00edbrio, mas, no geral, acho que 11\u00ba \u00e9 um resultado decente &#8211; e se conseguirmos ajustar cada detalhe, estou confiante de que seremos capazes de extrair muito mais do nosso carro. Hoje a noite todo o nosso trabalho ser\u00e1 revisar os dados que coletamos hoje e analis\u00e1-los para dar mais um passo adiante amanh\u00e3.&#8221;<\/p>\n\n\n\n<figure class=\"wp-block-image size-large\"><img decoding=\"async\" src=\"https:\/\/www.grandepremio.com\/br\/wp-content\/uploads\/2023\/07\/f1-2023-austria-treinoslivres-astonmartin-fernandoalonso-afp-03-1024x683.jpg\" alt=\"\" class=\"wp-image-705130\"\/><figcaption class=\"wp-element-caption\">Fernando Alonso (Foto: AFP)<\/figcaption><\/figure>\n\n\n\n<p class=\"wp-block-paragraph\"><strong>George Russell, 12\u00ba:<\/strong> &#8220;Definitivamente n\u00e3o \u00e9 a nossa melhor sexta-feira. Acho que as condi\u00e7\u00f5es ser\u00e3o diferentes amanh\u00e3. Temos de descobrir o que estava acontecendo porque o ritmo no TL1 parecia razo\u00e1vel no [pneu] m\u00e9dio. Achamos que ia melhorar se us\u00e1ssemos o macio. Mas no TL2 n\u00e3o est\u00e1vamos em lugar nenhum. Precisamos entender isso. Definitivamente fizemos algumas mudan\u00e7as do TL1 para o TL2. Mas talvez isso n\u00e3o tenha sido suficiente para equilibrar as condi\u00e7\u00f5es. Foi definitivamente uma tarde dif\u00edcil. Est\u00e1 ventando muito no momento, todo mundo est\u00e1 falando sobre isso. As condi\u00e7\u00f5es s\u00e3o um verdadeiro desafio, ent\u00e3o n\u00e3o h\u00e1 muito a dizer sobre a atualiza\u00e7\u00e3o. Mas saberemos com certeza onde estamos na classifica\u00e7\u00e3o.\u201d<\/p>\n\n\n\n<p class=\"wp-block-paragraph\"><strong>Esteban Ocon, 13\u00ba: <\/strong>\u201c\u00c9 bom voltar a pilotar nesse circuito ic\u00f4nico. Silverstone sempre tem um fluxo [de ar] t\u00e3o bom e \u00e9 incr\u00edvel atacar algumas dessas combina\u00e7\u00f5es de curvas fant\u00e1sticas com total acelera\u00e7\u00e3o. Em termos do nosso dia de hoje, acho que aprendemos muito com as duas sess\u00f5es de treinos livres e adquirimos alguns bons dados para determinar a dire\u00e7\u00e3o que precisamos seguir na configura\u00e7\u00e3o do carro para amanh\u00e3. As condi\u00e7\u00f5es clim\u00e1ticas provavelmente ser\u00e3o diferentes para a classifica\u00e7\u00e3o e talvez at\u00e9 para a corrida, ent\u00e3o isso \u00e9 algo que todas as equipes ficar\u00e3o de olho com certeza. Temos muito trabalho pela frente antes de amanh\u00e3, mas estou confiante de que estaremos em boa forma.&#8221;<\/p>\n\n\n\n<p class=\"wp-block-paragraph\"><strong>Lando Norris, 14\u00ba: <\/strong>\u201cUm dia um pouco complicado. Lutei um pouco com o equil\u00edbrio e a confian\u00e7a do carro. N\u00e3o foi o melhor come\u00e7o, mas ainda temos muito tempo para trabalhar nisso. Provavelmente n\u00e3o estamos no mesmo n\u00edvel que est\u00e1vamos na \u00c1ustria, mas sabemos que podemos tirar mais proveito do carro.&#8221;<\/p>\n\n\n\n<p class=\"wp-block-paragraph\">Lewis Hamilton, 15\u00ba: <a href=\"https:\/\/www.grandepremio.com\/br\/f1\/noticias\/lewis-hamilton-expressa-frustracao-desempenho-silverstone-carro-dificil-pilotar\/\" class=\"ek-link\">Hamilton mostra frustra\u00e7\u00e3o com desempenho na Inglaterra: \u201cCarro dif\u00edcil de pilotar\u201d<\/a><\/p>\n\n\n\n<p class=\"wp-block-paragraph\"><strong>Valtteri Bottas, 16\u00ba: <\/strong>\u201c Hoje, assim como na maioria das sextas-feiras, foi tudo sobre aprendizado. As atualiza\u00e7\u00f5es que trouxemos aqui parecem ter nos dado um pouco mais de downforce; \u00e9 um passo em frente, mas n\u00e3o somos a \u00fanica equipa que trouxe pe\u00e7as novas este fim de semana e, mais uma vez, vimos como as equipes do meio do pelot\u00e3o est\u00e3o pr\u00f3ximas. Acho que ainda h\u00e1 algum trabalho a fazer durante a noite para otimizar ainda mais este pacote, a fim de encontrar aquele desempenho extra que pode fazer a diferen\u00e7a. Amanh\u00e3 ser\u00e1 crucial fazer uma classifica\u00e7\u00e3o perfeita, para nos colocarmos em uma posi\u00e7\u00e3o favor\u00e1vel no grid e esperamos entrar na disputa por pontos no domingo.&#8221;<\/p>\n\n\n\n<figure class=\"wp-block-image size-large\"><img decoding=\"async\" src=\"https:\/\/www.grandepremio.com\/br\/wp-content\/uploads\/2023\/07\/f1-2023-austria-treinoslivres-mclaren-oscarpiastri-03-1-1024x683.jpg\" alt=\"\" class=\"wp-image-705082\"\/><figcaption class=\"wp-element-caption\">Oscar Piastri (Foto: McLaren)<\/figcaption><\/figure>\n\n\n\n<p class=\"wp-block-paragraph\">Kevin Magnussen, 17\u00ba: \u201c\u00c9 normal focar no acerto e nos pneus na sexta-feira. Acho que parec\u00edamos um pouco fracos hoje, mas, novamente, Nico fez um tempo de volta muito bom. H\u00e1 algo que podemos aprender com isso, espero. Sabemos que nosso carro geralmente pode fazer uma volta boa, mas depois sofre na corrida. Acho que meu foco est\u00e1 realmente no final do dia, mais no ritmo de corrida e no desempenho dos pneus.&#8221;<\/p>\n\n\n\n<p class=\"wp-block-paragraph\">Yuki Tsunoda, 18\u00ba: \u201cCom um n\u00famero t\u00e3o grande de pe\u00e7as novas que introduzimos, leva tempo para entend\u00ea-las. Definitivamente, vimos algumas melhorias em algumas \u00e1reas, e usaremos a noite de hoje para analisar os dados que coletamos hoje. Se eu conseguir chegar ao Q2 amanh\u00e3 e estiver pr\u00f3ximo do 11\u00ba lugar, ficarei feliz. \u00c9 claro que seria ainda melhor estar no Q3, mas primeiro temos de garantir a classifica\u00e7\u00e3o para o Q2. Esse \u00e9 o meu objetivo no momento.&#8221;<\/p>\n\n\n\n<p class=\"wp-block-paragraph\">Nyck De Vries, 19\u00ba: \u201cNo TL1 realmente parecia ok, o TL2 foi um pouco mais dif\u00edcil. N\u00e3o somos os \u00fanicos que trouxemos atualiza\u00e7\u00f5es, descobriremos amanh\u00e3 onde estamos quando todos juntarem e derem o melhor para a classifica\u00e7\u00e3o.&#8221;<\/p>\n\n\n\n<p class=\"wp-block-paragraph\"><strong>Charles Leclerc, 20\u00ba:<\/strong> &#8220;Embora a sensa\u00e7\u00e3o no carro tenha sido boa com pouco combust\u00edvel, ainda temos algum trabalho a fazer para melhorar nosso ritmo de corrida. Esperamos dar alguns passos em frente at\u00e9 amanh\u00e3, embora as condi\u00e7\u00f5es sejam muito diferentes, pois esperamos que chova. \u00c9 uma pena que eu n\u00e3o tenha participado do TL2 porque faltam algumas simula\u00e7\u00f5es de corrida para domingo, mas vamos trabalhar para maximizar o que temos na prepara\u00e7\u00e3o para a classifica\u00e7\u00e3o e a corrida de qualquer maneira.&#8221;<\/p>\n\n\n\n<p class=\"wp-block-paragraph\">O&nbsp;<strong>GRANDE PR\u00caMIO&nbsp;<\/strong>acompanha todas as atividades da<strong>&nbsp;<\/strong><a href=\"https:\/\/www.grandepremio.com\/formula-1\/\" target=\"_blank\" rel=\"noreferrer noopener\">F\u00f3rmula 1<\/a>&nbsp;2023&nbsp;<a href=\"https:\/\/www.grandepremio.com\/br\/ao-vivo\/\"><strong>AO VIVO<\/strong>&nbsp;e&nbsp;<strong>EM&nbsp;<\/strong><\/a><strong><a href=\"https:\/\/www.grandepremio.com\/br\/ao-vivo\/\" target=\"_blank\" rel=\"noreferrer noopener\"><\/a><a href=\"https:\/\/www.grandepremio.com\/br\/ao-vivo\/\" target=\"_blank\" rel=\"noreferrer noopener\">TEMPO REAL<\/a><\/strong>. Amanh\u00e3, o terceiro e \u00faltimo treino livre para o GP da Inglaterra est\u00e1 marcado para as 7h30 (de Bras\u00edlia, GMT-3), enquanto a classifica\u00e7\u00e3o \u00e9 a partir das 11h. No s\u00e1bado e no domingo, h\u00e1 tamb\u00e9m a segunda tela, em parceria com a&nbsp;<strong>Voz do Esporte<\/strong>.<\/p>\n\n\n\n<figure class=\"wp-block-embed is-type-video is-provider-youtube wp-block-embed-youtube wp-embed-aspect-16-9 wp-has-aspect-ratio\"><div class=\"wp-block-embed__wrapper\">\n<iframe loading=\"lazy\" title=\"F1 2023 na Inglaterra: VERSTAPPEN lidera treinos livres. Albon IMPRESSIONA! | Briefing\" width=\"500\" height=\"281\" src=\"https:\/\/www.youtube.com\/embed\/qk80T1p00CM?feature=oembed\" frameborder=\"0\" allow=\"accelerometer; autoplay; clipboard-write; encrypted-media; gyroscope; picture-in-picture; web-share\" referrerpolicy=\"strict-origin-when-cross-origin\" allowfullscreen><\/iframe>\n<\/div><\/figure>\n","protected":false},"excerpt":{"rendered":"<p>Max Verstappen liderou a sexta-feira (7) em Silverstone com 1min28s078, s\u00f3 0s022 mais r\u00e1pido do que Carlos Sainz Jr., o segundo colocado. Alex Albon fechou o top-3<\/p>\n","protected":false},"author":0,"featured_media":1000705100,"comment_status":"closed","ping_status":"closed","sticky":false,"template":"","format":"standard","meta":{"42wp_featured_image_caption":"","42wp_featured_image_credits":"","42wp_featured_video":"","42wp_featured_image_hidden":false,"42wp_authors_list":[],"footnotes":""},"categories":[2],"tags":[147,6533,180,30722,33465,28285,897,33467,3632],"42wp_author":[47109],"class_list":["post-101359","post","type-post","status-publish","format-standard","has-post-thumbnail","hentry","category-f1","tag-f1","tag-f1-2023","tag-formula-1","tag-formula-1-2023","tag-formula-1-classificacao-2023","tag-grandepremio","tag-inglaterra","tag-onde-assistir-f1-2023","tag-silverstone","42wp_author-redacao-gp"],"_links":{"self":[{"href":"https:\/\/grandepremio.com\/br\/wp-json\/wp\/v2\/posts\/101359","targetHints":{"allow":["GET"]}}],"collection":[{"href":"https:\/\/grandepremio.com\/br\/wp-json\/wp\/v2\/posts"}],"about":[{"href":"https:\/\/grandepremio.com\/br\/wp-json\/wp\/v2\/types\/post"}],"replies":[{"embeddable":true,"href":"https:\/\/grandepremio.com\/br\/wp-json\/wp\/v2\/comments?post=101359"}],"version-history":[{"count":0,"href":"https:\/\/grandepremio.com\/br\/wp-json\/wp\/v2\/posts\/101359\/revisions"}],"wp:featuredmedia":[{"embeddable":true,"href":"https:\/\/grandepremio.com\/br\/wp-json\/wp\/v2\/media\/1000705100"}],"wp:attachment":[{"href":"https:\/\/grandepremio.com\/br\/wp-json\/wp\/v2\/media?parent=101359"}],"wp:term":[{"taxonomy":"category","embeddable":true,"href":"https:\/\/grandepremio.com\/br\/wp-json\/wp\/v2\/categories?post=101359"},{"taxonomy":"post_tag","embeddable":true,"href":"https:\/\/grandepremio.com\/br\/wp-json\/wp\/v2\/tags?post=101359"},{"taxonomy":"42wp_author","embeddable":true,"href":"https:\/\/grandepremio.com\/br\/wp-json\/wp\/v2\/42wp_author?post=101359"}],"curies":[{"name":"wp","href":"https:\/\/api.w.org\/{rel}","templated":true}]}}