{"id":101360,"date":"2023-07-07T14:40:18","date_gmt":"2023-07-07T17:40:18","guid":{"rendered":"https:\/\/grandepremio.com\/br\/noticias\/red-bull-desgaste-pneus-fator-interessante-briga-ferrari-silverstone\/"},"modified":"2023-07-07T14:42:05","modified_gmt":"2023-07-07T17:42:05","slug":"red-bull-desgaste-pneus-fator-interessante-briga-ferrari-silverstone","status":"publish","type":"post","link":"https:\/\/grandepremio.com\/br\/f1\/red-bull-desgaste-pneus-fator-interessante-briga-ferrari-silverstone\/","title":{"rendered":"Red Bull v\u00ea desgaste de pneus como &#8220;fator interessante&#8221; em briga com Ferrari"},"content":{"rendered":"\n<p class=\"wp-block-paragraph\">A <strong>Red Bull <\/strong>seguiu dando as cartas no primeiro dia de atividades do GP da <strong>Inglaterra<\/strong>. Nesta sexta-feira (7), <strong>Max Verstappen<\/strong> foi o <a href=\"https:\/\/www.grandepremio.com\/br\/f1\/noticias\/max-verstappen-bate-carlos-sainz-por-pouco-lidera-tl2-formula-1-inglaterra-mercedes-sofre\/\" class=\"ek-link\">mais r\u00e1pido no TL2<\/a>, assim como aconteceu na primeira sess\u00e3o de treinos livres em <strong>Silverstone<\/strong>. Mesmo com o bicampe\u00e3o no topo, <strong>Christian Horner <\/strong>alertou sobre aproxima\u00e7\u00e3o de <strong>Carlos Sainz<\/strong>, da <strong>Ferrari<\/strong>, que ficou apenas 0s022 do melhor tempo, e tamb\u00e9m sobre o elevado n\u00edvel desgaste dos novos compostos mais duros da gama da <strong>Pirelli<\/strong>.<\/p>\n\n\n\n<p class=\"wp-block-paragraph\">O TL2 do GP da Inglaterra serviu de laborat\u00f3rio para as equipes entenderem a funcionalidade dos pneus C1, C2 e C3, antes utilizados como testes no GP da <strong>Espanha<\/strong>. Se avalia\u00e7\u00e3o da empresa italiana foi positiva ap\u00f3s as avalia\u00e7\u00f5es em <strong>Barcelona<\/strong>, o desgaste elevado em Silvertone, principalmente com os compostos mais macios (C3), despertou uma certa inseguran\u00e7a na Red Bull para a classifica\u00e7\u00e3o e corrida, mesmo ap\u00f3s o melhor tempo de Vertappen e o quarto de <strong>S\u00e9rgio P\u00e9rez<\/strong>.<\/p>\n\n\n\n<p class=\"wp-block-paragraph\">&#8220;Foi um dia muito positivo. Esses pneus est\u00e3o um pouco diferentes. Eles t\u00eam uma nova constru\u00e7\u00e3o aqui, ent\u00e3o acabamos de aprender sobre eles. \u00c9 poss\u00edvel ver que h\u00e1 bastante desgaste, especialmente nos compostos mais macios. Todos os pilotos est\u00e3o percebendo isso&#8221;, avaliou Horner.<\/p>\n\n\n\n<p class=\"wp-block-paragraph\"><strong>\u25b6\ufe0f&nbsp;Inscreva-se nos dois canais do GRANDE PR\u00caMIO no YouTube:&nbsp;<\/strong><a href=\"https:\/\/www.youtube.com\/channel\/UC9OlHEgxoaY6QY6nWPoiqQg?sub_confirmation=1\" target=\"_blank\" rel=\"noreferrer noopener\"><strong>GP&nbsp;|&nbsp;GP2<\/strong><br><strong>\u25b6\ufe0f&nbsp;Conhe\u00e7a o canal do GRANDE PR\u00caMIO na Twitch clicando a<\/strong><\/a><strong><a href=\"https:\/\/www.youtube.com\/channel\/UC9OlHEgxoaY6QY6nWPoiqQg?sub_confirmation=1\" target=\"_blank\" rel=\"noreferrer noopener\">qui!<\/a><\/strong><\/p>\n\n\n\n<figure class=\"wp-block-image size-large\"><img decoding=\"async\" src=\"https:\/\/www.grandepremio.com\/br\/wp-content\/uploads\/2023\/07\/f1-2023-austria-treinoslivres-redbull-sergioperez-03-1-1024x683.jpg\" alt=\"\" class=\"wp-image-705104\"\/><figcaption class=\"wp-element-caption\">Sergio P\u00e9rez ficou em quarto lugar no TL2 do GP da Inglaterra (Foto: Red Bull Content Pool)<\/figcaption><\/figure>\n\n\n\n<p class=\"wp-block-paragraph\">O chefe dos rubro-taurinos previu que os novos compostos podem tornar a disputa ainda mais competitiva, principalmente se a temperatura da pista mudar neste final de semana em Silvertone. &#8220;Esse desgaste pode ser um fator interessante para o domingo. Especialmente se houver uma mudan\u00e7a de temperatura tamb\u00e9m&#8221;, apontou.<\/p>\n\n\n\n<p class=\"wp-block-paragraph\">Diante do poss\u00edvel problema de ader\u00eancia com os pneus, Horner tamb\u00e9m apontou o desempenho da Ferrari como outro fator que pode colocar press\u00e3o em Verstappen e P\u00e9rez. No TL2, a performance de Sainz j\u00e1 deu mostras do que pode acontecer ao ficar apenas 0s024 do #1 da Red Bull. &#8220;A Ferrari, se resolver seus problemas, ser\u00e1 competitiva. Teremos uma grande mudan\u00e7a de temperatura amanh\u00e3, e isso pode mudar as coisas significativamente.&#8221;<\/p>\n\n\n\n<p class=\"wp-block-paragraph\">E para conquistar um p\u00f3dio duplo no GP da Inglaterra, Horner revelou que espera por um P\u00e9rez mais confiante na classifica\u00e7\u00e3o deste s\u00e1bado. &#8220;As sextas-feiras e domingos para o Checo s\u00e3o \u00f3timos. \u00c9 apenas aos s\u00e1bados que ele tem sido um pesadelo. Ele \u00e9 um piloto que depende da confian\u00e7a, e est\u00e1 come\u00e7ando a encontrar essa forma novamente. Tenho esperan\u00e7a que pode ter um dia sensato amanh\u00e3 e se classificar bem&#8221;, disse.<\/p>\n\n\n\n<p class=\"wp-block-paragraph\">O <strong>GRANDE PR\u00caMIO<\/strong> acompanha todas as atividades da F\u00f3rmula 1 2023 AO VIVO e <a href=\"https:\/\/www.grandepremio.com\/br\/ao-vivo\/\" class=\"ek-link\">EM TEMPO REAL<\/a>. Amanh\u00e3, o terceiro e \u00faltimo treino livre est\u00e1 marcado para as 7h30 (de Bras\u00edlia, GMT-3), enquanto a classifica\u00e7\u00e3o \u00e9 a partir das 11h. No s\u00e1bado e no domingo, h\u00e1 tamb\u00e9m a segunda tela, em parceria com a Voz do Esporte.<\/p>\n\n\n\n<figure class=\"wp-block-embed is-type-video is-provider-youtube wp-block-embed-youtube wp-embed-aspect-16-9 wp-has-aspect-ratio\"><div class=\"wp-block-embed__wrapper\">\n<iframe loading=\"lazy\" title=\"Mercedes e Alpine apostam tudo com nova asa dianteira na busca pela reden\u00e7\u00e3o na Inglaterra\" width=\"500\" height=\"281\" src=\"https:\/\/www.youtube.com\/embed\/WrQD6bvia7A?start=1&amp;feature=oembed\" frameborder=\"0\" allow=\"accelerometer; autoplay; clipboard-write; encrypted-media; gyroscope; picture-in-picture; web-share\" referrerpolicy=\"strict-origin-when-cross-origin\" allowfullscreen><\/iframe>\n<\/div><\/figure>\n","protected":false},"excerpt":{"rendered":"<p>Apesar de Max Vertappen em primeiro e Sergio P\u00e9rez em 4\u00ba no TL2, chefe da Red Bull, Christian Horner, apontou falta de ader\u00eancia e aproxima\u00e7\u00e3o da Ferrari como advers\u00e1rios na Inglaterra<\/p>\n","protected":false},"author":0,"featured_media":1000705099,"comment_status":"closed","ping_status":"closed","sticky":false,"template":"","format":"standard","meta":{"42wp_featured_image_caption":"","42wp_featured_image_credits":"","42wp_featured_video":"","42wp_featured_image_hidden":false,"42wp_authors_list":[],"footnotes":""},"categories":[2],"tags":[546,655,6533,207,1505,28285,32667,13887,203,27382,204,24863,3632,35630,9685],"42wp_author":[47145],"class_list":["post-101360","post","type-post","status-publish","format-standard","has-post-thumbnail","hentry","category-f1","tag-carlos-sainz","tag-christian-horner","tag-f1-2023","tag-ferrari","tag-gp-da-inglaterra","tag-grandepremio","tag-grandepremio-f1","tag-horner","tag-max-verstappen","tag-perez","tag-red-bull","tag-sergio-perez-2","tag-silverstone","tag-silverstone-2023","tag-verstappen","42wp_author-alessandro-pinheiro"],"_links":{"self":[{"href":"https:\/\/grandepremio.com\/br\/wp-json\/wp\/v2\/posts\/101360","targetHints":{"allow":["GET"]}}],"collection":[{"href":"https:\/\/grandepremio.com\/br\/wp-json\/wp\/v2\/posts"}],"about":[{"href":"https:\/\/grandepremio.com\/br\/wp-json\/wp\/v2\/types\/post"}],"replies":[{"embeddable":true,"href":"https:\/\/grandepremio.com\/br\/wp-json\/wp\/v2\/comments?post=101360"}],"version-history":[{"count":0,"href":"https:\/\/grandepremio.com\/br\/wp-json\/wp\/v2\/posts\/101360\/revisions"}],"wp:featuredmedia":[{"embeddable":true,"href":"https:\/\/grandepremio.com\/br\/wp-json\/wp\/v2\/media\/1000705099"}],"wp:attachment":[{"href":"https:\/\/grandepremio.com\/br\/wp-json\/wp\/v2\/media?parent=101360"}],"wp:term":[{"taxonomy":"category","embeddable":true,"href":"https:\/\/grandepremio.com\/br\/wp-json\/wp\/v2\/categories?post=101360"},{"taxonomy":"post_tag","embeddable":true,"href":"https:\/\/grandepremio.com\/br\/wp-json\/wp\/v2\/tags?post=101360"},{"taxonomy":"42wp_author","embeddable":true,"href":"https:\/\/grandepremio.com\/br\/wp-json\/wp\/v2\/42wp_author?post=101360"}],"curies":[{"name":"wp","href":"https:\/\/api.w.org\/{rel}","templated":true}]}}