{"id":101378,"date":"2023-07-07T07:57:21","date_gmt":"2023-07-07T10:57:21","guid":{"rendered":"https:\/\/grandepremio.com\/br\/noticias\/mercedes-convocada-explicar-atraso-lewis-hamilton-coletiva-silverstone\/"},"modified":"2023-07-07T07:58:16","modified_gmt":"2023-07-07T10:58:16","slug":"mercedes-convocada-explicar-atraso-lewis-hamilton-coletiva-silverstone","status":"publish","type":"post","link":"https:\/\/grandepremio.com\/br\/f1\/mercedes-convocada-explicar-atraso-lewis-hamilton-coletiva-silverstone\/","title":{"rendered":"Mercedes \u00e9 convocada a se explicar por atraso de Hamilton em coletiva em Silverstone"},"content":{"rendered":"\n<p class=\"wp-block-paragraph\">Os carros ainda nem foram para a pista, e a <strong>Mercedes <\/strong>j\u00e1 tem de se explicar aos comiss\u00e1rios da <strong>FIA <\/strong>(Federa\u00e7\u00e3o Internacional de Automobilismo). Um representante da equipe foi escalado para justificar um atraso de apenas alguns minutos de <strong>Lewis Hamilton <\/strong>para a coletiva de imprensa pr\u00e9via ao GP da <strong>Inglaterra<\/strong>.<\/p>\n\n\n\n<p class=\"wp-block-paragraph\">O brit\u00e2nico foi escalado para a primeira coletiva do dia em <strong>Silverstone<\/strong>, junto com <strong>Charles Leclerc<\/strong>, <strong>Esteban Ocon<\/strong>, <strong>Alex Albon<\/strong> e <strong>Yuki Tsunoda<\/strong>, mas chegou com alguns minutos de atraso.<\/p>\n\n\n\n<figure class=\"wp-block-image size-large\"><img decoding=\"async\" src=\"https:\/\/www.grandepremio.com\/br\/wp-content\/uploads\/2023\/07\/000_33MY29H-1024x683.jpg\" alt=\"\" class=\"wp-image-704753\"\/><figcaption class=\"wp-element-caption\">Lewis Hamilton chegou com atraso para a coletiva de imprensa (Foto: AFP)<\/figcaption><\/figure>\n\n\n\n<p class=\"wp-block-paragraph\"><strong>\u25b6\ufe0f\u00a0Inscreva-se nos dois canais do GRANDE PR\u00caMIO no YouTube:\u00a0<a href=\"https:\/\/www.youtube.com\/channel\/UC9OlHEgxoaY6QY6nWPoiqQg?sub_confirmation=1\" target=\"_blank\" rel=\"noreferrer noopener\">GP<\/a>\u00a0|\u00a0<a href=\"https:\/\/www.youtube.com\/channel\/UC9csiS6q_C3C0FYhyr1rnFA?sub_confirmation=1\" target=\"_blank\" rel=\"noreferrer noopener\">GP2<\/a><\/strong><br><strong>\u25b6\ufe0f\u00a0<a href=\"https:\/\/www.twitch.tv\/grandepremio\" target=\"_blank\" rel=\"noreferrer noopener\">Conhe\u00e7a o canal do GRANDE PR\u00caMIO na Twitch clicando aqui!<\/a><\/strong><\/p>\n\n\n\n<p class=\"wp-block-paragraph\">Por causa disso, um representante da equipe foi chamado para se explicar aos comiss\u00e1rios \u00e0s 11h15 (7h15 de Bras\u00edlia) por uma viola\u00e7\u00e3o do Artigo 19.1 a) do Regulamento Esportivo, que fala de atrasos na coletiva de imprensa.<\/p>\n\n\n\n<p class=\"wp-block-paragraph\">Hamilton chega para a corrida de casa ap\u00f3s um fim de semana tumultuado no GP da <strong>\u00c1ustria<\/strong>, que inclui puni\u00e7\u00e3o por violar limites de pista e <a href=\"https:\/\/www.grandepremio.com\/br\/video\/f1\/lewis-hamilton-reclama-carro-toma-bronca-toto-wolff-sabemos-ruim-por-favor-pilote\/\" class=\"ek-link\">um coice de <strong>Toto Wolff <\/strong>pelo r\u00e1dio da equipe<\/a>.<\/p>\n\n\n\n<p class=\"wp-block-paragraph\">O\u00a0<strong>GRANDE PR\u00caMIO\u00a0<\/strong>acompanha todas as atividades da<strong>\u00a0<\/strong><a href=\"https:\/\/www.grandepremio.com\/formula-1\/\" target=\"_blank\" rel=\"noreferrer noopener\">F\u00f3rmula 1<\/a>\u00a02023\u00a0<strong>AO VIVO<\/strong>\u00a0e\u00a0<strong>EM\u00a0<a href=\"https:\/\/www.grandepremio.com\/br\/ao-vivo\/\" target=\"_blank\" rel=\"noreferrer noopener\">TEMPO REAL<\/a><\/strong> no<strong>\u00a0GP da Inglaterra<\/strong>. No s\u00e1bado e no domingo, h\u00e1 tamb\u00e9m a segunda tela, em parceria com a\u00a0<strong>Voz do Esporte<\/strong>.<\/p>\n\n\n\n<figure class=\"wp-block-embed is-type-video is-provider-youtube wp-block-embed-youtube wp-embed-aspect-16-9 wp-has-aspect-ratio\"><div class=\"wp-block-embed__wrapper\">\n<iframe loading=\"lazy\" title=\"O que ningu\u00e9m esperava: Brad Pitt e sua equipe na F1 em Silverstone | WGP\" width=\"500\" height=\"281\" src=\"https:\/\/www.youtube.com\/embed\/0aEdMxbPAtQ?feature=oembed\" frameborder=\"0\" allow=\"accelerometer; autoplay; clipboard-write; encrypted-media; gyroscope; picture-in-picture; web-share\" referrerpolicy=\"strict-origin-when-cross-origin\" allowfullscreen><\/iframe>\n<\/div><\/figure>\n","protected":false},"excerpt":{"rendered":"<p>Os comiss\u00e1rios da FIA (Federa\u00e7\u00e3o Internacional de Automobilismo) convocaram a Mercedes para apresentar explica\u00e7\u00f5es por causa de um atraso de poucos minutos de Lewis Hamilton na coletiva de imprensa pr\u00e9via ao GP da Inglaterra<\/p>\n","protected":false},"author":0,"featured_media":1000695011,"comment_status":"closed","ping_status":"closed","sticky":false,"template":"","format":"standard","meta":{"42wp_featured_image_caption":"","42wp_featured_image_credits":"","42wp_featured_video":"","42wp_featured_image_hidden":false,"42wp_authors_list":[],"footnotes":""},"categories":[2],"tags":[33466,147,6533,103,180,30722,33465,28285,897,87,82,33467,3632],"42wp_author":[47113],"class_list":["post-101378","post","type-post","status-publish","format-standard","has-post-thumbnail","hentry","category-f1","tag-calendario-formula-1-2023","tag-f1","tag-f1-2023","tag-fia","tag-formula-1","tag-formula-1-2023","tag-formula-1-classificacao-2023","tag-grandepremio","tag-inglaterra","tag-lewis-hamilton","tag-mercedes","tag-onde-assistir-f1-2023","tag-silverstone","42wp_author-juliana-tesser"],"_links":{"self":[{"href":"https:\/\/grandepremio.com\/br\/wp-json\/wp\/v2\/posts\/101378","targetHints":{"allow":["GET"]}}],"collection":[{"href":"https:\/\/grandepremio.com\/br\/wp-json\/wp\/v2\/posts"}],"about":[{"href":"https:\/\/grandepremio.com\/br\/wp-json\/wp\/v2\/types\/post"}],"replies":[{"embeddable":true,"href":"https:\/\/grandepremio.com\/br\/wp-json\/wp\/v2\/comments?post=101378"}],"version-history":[{"count":0,"href":"https:\/\/grandepremio.com\/br\/wp-json\/wp\/v2\/posts\/101378\/revisions"}],"wp:featuredmedia":[{"embeddable":true,"href":"https:\/\/grandepremio.com\/br\/wp-json\/wp\/v2\/media\/1000695011"}],"wp:attachment":[{"href":"https:\/\/grandepremio.com\/br\/wp-json\/wp\/v2\/media?parent=101378"}],"wp:term":[{"taxonomy":"category","embeddable":true,"href":"https:\/\/grandepremio.com\/br\/wp-json\/wp\/v2\/categories?post=101378"},{"taxonomy":"post_tag","embeddable":true,"href":"https:\/\/grandepremio.com\/br\/wp-json\/wp\/v2\/tags?post=101378"},{"taxonomy":"42wp_author","embeddable":true,"href":"https:\/\/grandepremio.com\/br\/wp-json\/wp\/v2\/42wp_author?post=101378"}],"curies":[{"name":"wp","href":"https:\/\/api.w.org\/{rel}","templated":true}]}}