{"id":101379,"date":"2023-07-07T07:39:01","date_gmt":"2023-07-07T10:39:01","guid":{"rendered":"https:\/\/grandepremio.com\/br\/noticias\/formula-1-abre-gp-da-inglaterra-tempo-firme-para-treinos-livres-silverstone\/"},"modified":"2023-07-07T08:09:21","modified_gmt":"2023-07-07T11:09:21","slug":"formula-1-abre-gp-da-inglaterra-tempo-firme-para-treinos-livres-silverstone","status":"publish","type":"post","link":"https:\/\/grandepremio.com\/br\/f1\/formula-1-abre-gp-da-inglaterra-tempo-firme-para-treinos-livres-silverstone\/","title":{"rendered":"F\u00f3rmula 1 abre GP da Inglaterra com tempo firme para treinos livres em Silverstone"},"content":{"rendered":"\n<p class=\"wp-block-paragraph\">Chegou a hora da <strong><a href=\"https:\/\/www.grandepremio.com\/br\/f1\/\" class=\"ek-link\">F\u00f3rmula 1<\/a><\/strong> tomar a pista de um de seus maiores templos, <strong>Silverstone<\/strong>. Nesta sexta-feira (7), equipes e pilotos participam dos dois primeiros treinos livres do <strong>GP da Inglaterra<\/strong> e v\u00e3o encontrar um clima firme. A expectativa \u00e9 de c\u00e9u ensolarado e temperaturas razoavelmente altas.<\/p>\n\n\n\n<p class=\"wp-block-paragraph\">As informa\u00e7\u00f5es s\u00e3o do servi\u00e7o de meteorologia Accuweather. O <strong>primeiro treino est\u00e1 marcado para as 12h30 locais (8h30 de Bras\u00edlia, GMT-3)<\/strong>. A expectativa \u00e9 de c\u00e9u totalmente aberto, sem nuvens, e temperatura em 25\u00b0C, com sensa\u00e7\u00e3o t\u00e9rmica de 27\u00b0C.<\/p>\n\n\n\n<p class=\"wp-block-paragraph\"><strong>\u25b6\ufe0f\u00a0Inscreva-se nos dois canais do GRANDE PR\u00caMIO no YouTube:\u00a0<a href=\"https:\/\/www.youtube.com\/channel\/UC9OlHEgxoaY6QY6nWPoiqQg?sub_confirmation=1\" target=\"_blank\" rel=\"noreferrer noopener\">GP<\/a>\u00a0|\u00a0<a href=\"https:\/\/www.youtube.com\/channel\/UC9csiS6q_C3C0FYhyr1rnFA?sub_confirmation=1\" target=\"_blank\" rel=\"noreferrer noopener\">GP2<\/a><\/strong><br><strong>\u25b6\ufe0f\u00a0<a href=\"https:\/\/www.twitch.tv\/grandepremio\" target=\"_blank\" rel=\"noreferrer noopener\">Conhe\u00e7a o canal do GRANDE PR\u00caMIO na Twitch clicando aqui!<\/a><\/strong><\/p>\n\n\n\n<figure class=\"wp-block-image size-large\"><img decoding=\"async\" src=\"https:\/\/www.grandepremio.com\/br\/wp-content\/uploads\/2023\/07\/GPF2-1024x683.jpeg\" alt=\"\" class=\"wp-image-704860\"\/><figcaption class=\"wp-element-caption\">Antes dos treinos, Carlos Sainz e Charles Leclerc aparecem em Silverstone na manh\u00e3 da sexta-feira (Foto: Ferrari)<\/figcaption><\/figure>\n\n\n\n<p class=\"wp-block-paragraph\">A umidade relativa do ar fica em 45%, com direito a rajadas de ventos de at\u00e9 28 km\/h e m\u00e9dia de ventanias que fica em 17 km\/h. N\u00e3o h\u00e1 possibilidades de chuva ao longo de todo o dia, ainda que, para o s\u00e1bado, haja, sim, chance.<\/p>\n\n\n\n<p class=\"wp-block-paragraph\">Depois, \u00e0s <strong>16h locais (12h de Bras\u00edlia), vem o segundo treino livre<\/strong>. O c\u00e9u segue com sol, mas desta feita com cerca de 60% de cobertura de nuvens, ainda que n\u00e3o carregadas. A temperatura e a sensa\u00e7\u00e3o t\u00e9rmica ambas ficam em 27\u00b0C, com ventos em 17 km\/h de m\u00e9dia e rajadas de at\u00e9 37 km\/h \u2014 forte, portanto. A umidade relativa do ar cai para 40%.<\/p>\n\n\n\n<p class=\"wp-block-paragraph\">O\u00a0<strong>GRANDE PR\u00caMIO\u00a0<\/strong>acompanha todas as atividades da<strong>\u00a0<\/strong><a href=\"https:\/\/www.grandepremio.com\/formula-1\/\" target=\"_blank\" rel=\"noreferrer noopener\">F\u00f3rmula 1<\/a>\u00a02023\u00a0<a href=\"https:\/\/www.grandepremio.com\/br\/ao-vivo\/\" class=\"ek-link\"><strong>AO VIVO<\/strong>\u00a0e\u00a0<strong>EM\u00a0<\/strong><\/a><strong><a href=\"https:\/\/www.grandepremio.com\/br\/ao-vivo\/\" target=\"_blank\" rel=\"noreferrer noopener\" class=\"ek-link\">TEMPO REAL<\/a><\/strong>. No s\u00e1bado e no domingo, h\u00e1 tamb\u00e9m a segunda tela, em parceria com a\u00a0<strong>Voz do Esporte<\/strong>.<\/p>\n\n\n\n<figure class=\"wp-block-embed is-type-video is-provider-youtube wp-block-embed-youtube wp-embed-aspect-16-9 wp-has-aspect-ratio\"><div class=\"wp-block-embed__wrapper\">\n<iframe loading=\"lazy\" title=\"O que ningu\u00e9m esperava: Brad Pitt e sua equipe na F1 em Silverstone | WGP\" width=\"500\" height=\"281\" src=\"https:\/\/www.youtube.com\/embed\/0aEdMxbPAtQ?feature=oembed\" frameborder=\"0\" allow=\"accelerometer; autoplay; clipboard-write; encrypted-media; gyroscope; picture-in-picture; web-share\" referrerpolicy=\"strict-origin-when-cross-origin\" allowfullscreen><\/iframe>\n<\/div><figcaption class=\"wp-element-caption\">O que ningu\u00e9m esperava: Brad Pitt e sua equipe na F1 em Silverstone | WGP<\/figcaption><\/figure>\n","protected":false},"excerpt":{"rendered":"<p>O primeiro dia de atividades do GP da Inglaterra de F\u00f3rmula 1 vai ser com c\u00e9u ensolarado e temperatura moderada para alta<\/p>\n","protected":false},"author":0,"featured_media":1000704859,"comment_status":"closed","ping_status":"closed","sticky":false,"template":"","format":"standard","meta":{"42wp_featured_image_caption":"","42wp_featured_image_credits":"","42wp_featured_video":"","42wp_featured_image_hidden":false,"42wp_authors_list":[],"footnotes":""},"categories":[2],"tags":[6533,30722,1505,35635,1491,30103,28285,2033],"42wp_author":[47120],"class_list":["post-101379","post","type-post","status-publish","format-standard","has-post-thumbnail","hentry","category-f1","tag-f1-2023","tag-formula-1-2023","tag-gp-da-inglaterra","tag-gp-em-silverstone","tag-grande-premio","tag-grande-premio-f1","tag-grandepremio","tag-temperatura","42wp_author-pedro-henrique-marum"],"_links":{"self":[{"href":"https:\/\/grandepremio.com\/br\/wp-json\/wp\/v2\/posts\/101379","targetHints":{"allow":["GET"]}}],"collection":[{"href":"https:\/\/grandepremio.com\/br\/wp-json\/wp\/v2\/posts"}],"about":[{"href":"https:\/\/grandepremio.com\/br\/wp-json\/wp\/v2\/types\/post"}],"replies":[{"embeddable":true,"href":"https:\/\/grandepremio.com\/br\/wp-json\/wp\/v2\/comments?post=101379"}],"version-history":[{"count":0,"href":"https:\/\/grandepremio.com\/br\/wp-json\/wp\/v2\/posts\/101379\/revisions"}],"wp:featuredmedia":[{"embeddable":true,"href":"https:\/\/grandepremio.com\/br\/wp-json\/wp\/v2\/media\/1000704859"}],"wp:attachment":[{"href":"https:\/\/grandepremio.com\/br\/wp-json\/wp\/v2\/media?parent=101379"}],"wp:term":[{"taxonomy":"category","embeddable":true,"href":"https:\/\/grandepremio.com\/br\/wp-json\/wp\/v2\/categories?post=101379"},{"taxonomy":"post_tag","embeddable":true,"href":"https:\/\/grandepremio.com\/br\/wp-json\/wp\/v2\/tags?post=101379"},{"taxonomy":"42wp_author","embeddable":true,"href":"https:\/\/grandepremio.com\/br\/wp-json\/wp\/v2\/42wp_author?post=101379"}],"curies":[{"name":"wp","href":"https:\/\/api.w.org\/{rel}","templated":true}]}}