{"id":101410,"date":"2023-07-06T04:00:46","date_gmt":"2023-07-06T07:00:46","guid":{"rendered":"https:\/\/grandepremio.com\/br\/noticias\/red-bull-admite-chance-daniel-ricciardo-voltar-f1-pela-alphatauri-classe-mundial\/"},"modified":"2023-07-05T17:02:13","modified_gmt":"2023-07-05T20:02:13","slug":"red-bull-admite-chance-daniel-ricciardo-voltar-f1-pela-alphatauri-classe-mundial","status":"publish","type":"post","link":"https:\/\/grandepremio.com\/br\/f1\/red-bull-admite-chance-daniel-ricciardo-voltar-f1-pela-alphatauri-classe-mundial\/","title":{"rendered":"Red Bull admite chance de Ricciardo voltar \u00e0 F1 pela AlphaTauri: &#8220;Ele \u00e9 classe mundial&#8221;"},"content":{"rendered":"\n<figure class=\"wp-block-embed is-type-rich is-provider-incorporar-manipulador wp-block-embed-incorporar-manipulador wp-embed-aspect-16-9 wp-has-aspect-ratio\"><div class=\"wp-block-embed__wrapper\">\n<iframe loading=\"lazy\" title=\"URGENTE! Especial de lan\u00e7amento do calend\u00e1rio da F1 2024 | TT GP #103\" width=\"500\" height=\"281\" src=\"https:\/\/www.youtube.com\/embed\/w1ehhP7S3jY?feature=oembed\" frameborder=\"0\" allow=\"accelerometer; autoplay; clipboard-write; encrypted-media; gyroscope; picture-in-picture; web-share\" referrerpolicy=\"strict-origin-when-cross-origin\" allowfullscreen><\/iframe>\n<\/div><\/figure>\n\n\n\n<p class=\"wp-block-paragraph\"><strong>Daniel Ricciardo<\/strong> voltou para <strong>Red Bull<\/strong> em 2023, agora como piloto reserva, depois de ser dispensado pela <strong>McLaren<\/strong> ap\u00f3s duas temporadas em que teve performances muito abaixo do esperado. Embora tenha vivido uma fase ruim na <strong>F\u00f3rmula 1<\/strong>, o nome do australiano \u00e9 constantemente ventilado como forte candidato a assumir a vaga em uma das equipes dos taurinos, uma vez que <strong>Sergio P\u00e9rez<\/strong> n\u00e3o vem bem no time principal, e <strong>Nyck de Vries<\/strong> vai de mal a pior na <strong>AlphaTauri<\/strong>. Por isso, <strong>Christian Horner<\/strong>, chefe da escuderia dos energ\u00e9ticos, n\u00e3o descartou uma poss\u00edvel volta de Riccardo no ano que vem.<\/p>\n\n\n\n<p class=\"wp-block-paragraph\">Em meio ao momento turbulento pelo qual os segundos pilotos de cada equipe passam, Ricciardo admitiu que seria um <a class=\"ek-link\" href=\"https:\/\/www.grandepremio.com\/br\/f1\/noticias\/daniel-ricciardo-admite-retorno-red-bull-seria-conto-fadas-abre-porta-alphatauri\/\">\u201cconto de fadas\u201d terminar a carreira na Red Bull<\/a>, e deixou as portas abertas para uma poss\u00edvel ida para a AlphaTauri. Por outro lado, <strong>Helmut Marko<\/strong>, consultor dos taurinos, revelou que <a class=\"ek-link\" href=\"https:\/\/www.grandepremio.com\/br\/f1\/noticias\/consultor-red-bull-christian-horner-nao-era-fa-nyck-de-vries-estava-certo\/\">Horner nunca foi favor\u00e1vel \u00e0 contrata\u00e7\u00e3o de De Vries para 2023.<\/a><\/p>\n\n\n\n<p class=\"wp-block-paragraph\"><strong>\u25b6\ufe0f&nbsp;Inscreva-se nos dois canais do GRANDE PR\u00caMIO no YouTube:&nbsp;<a href=\"https:\/\/www.youtube.com\/channel\/UC9OlHEgxoaY6QY6nWPoiqQg?sub_confirmation=1\" target=\"_blank\" rel=\"noreferrer noopener\">GP<\/a>&nbsp;|&nbsp;<a href=\"https:\/\/www.youtube.com\/channel\/UC9csiS6q_C3C0FYhyr1rnFA?sub_confirmation=1\" target=\"_blank\" rel=\"noreferrer noopener\">GP2<\/a><\/strong><br><strong>\u25b6\ufe0f&nbsp;<a href=\"https:\/\/www.twitch.tv\/grandepremio\" target=\"_blank\" rel=\"noreferrer noopener\">Conhe\u00e7a o canal do GRANDE PR\u00caMIO na Twitch clicando aqui!<\/a><\/strong><\/p>\n\n\n\n<figure class=\"wp-block-image size-large\"><img decoding=\"async\" src=\"https:\/\/www.grandepremio.com\/br\/wp-content\/uploads\/2023\/06\/f1-2023-canada-treinos-livres-alphatauri-nyckdevries-afp-02-1-1024x576.jpg\" alt=\"\" class=\"wp-image-695614\"\/><figcaption class=\"wp-element-caption\">Nyck De Vries est\u00e1 com o lugar na AlphTauri amea\u00e7ado(Foto: AFP)<\/figcaption><\/figure>\n\n\n\n<p class=\"wp-block-paragraph\">Questionado sobre a possibilidade de Ricciardo compor o grid da F\u00f3rmula 1 em alguma das equipes da Red Bull no ano que vem, Horner deixou a possibilidade em aberto.\u00a0<\/p>\n\n\n\n<p class=\"wp-block-paragraph\">\u201cAinda \u00e9 muito cedo para o pr\u00f3ximo ano. Daniel tem contrato para este ano. Ele vai pilotar nosso carro pela primeira vez depois do GP da Inglaterra [em um teste de pneus da Pirelli]. Ele \u00e9 obviamente um piloto de classe mundial, e ganhou oito corridas em sua carreira at\u00e9 o momento\u201d,seguiu. Ent\u00e3o, acho que a primeira coisa ser\u00e1 ver como ele se sair, e onde est\u00e1 sua motiva\u00e7\u00e3o e, a partir da\u00ed, \u00e9 uma quest\u00e3o para AlphaTauri sobre suas escolhas para a temporada seguinte\u201d, disse Horner.<\/p>\n\n\n\n<p class=\"wp-block-paragraph\">O dirigente da Red Bull admitiu que, de fato, depois de passar pela McLaren, o n\u00edvel de pilotagem de Ricciardo caiu de forma consider\u00e1vel. No entanto, ele tem evolu\u00eddo consideravelmente \u00e0 medida que tem trabalhado junto \u00e0 equipe nos simuladores.<\/p>\n\n\n\n<p class=\"wp-block-paragraph\">\u201cQuando ele chegou pela primeira vez depois de Abu Dhabi no ano passado, foi um pouco chocante porque realmente n\u00e3o o reconhecemos do piloto que nos deixou alguns anos antes. Mas ele parece ter se reencontrado, tem trabalhado duro no simulador, agora \u00e9 extremamente competitivo no que faz no mundo virtual. Portanto, se isso passar para o mundo real, veremos, embora em um teste de pneus. Teremos uma impress\u00e3o sobre o n\u00edvel em que ele est\u00e1 se saindo\u201d, finalizou.<\/p>\n\n\n\n<p class=\"wp-block-paragraph\">O&nbsp;<strong>GRANDE PR\u00caMIO&nbsp;<\/strong>acompanha todas as atividades da<strong>&nbsp;<\/strong><a href=\"https:\/\/www.grandepremio.com\/formula-1\/\" target=\"_blank\" rel=\"noreferrer noopener\">F\u00f3rmula 1<\/a>&nbsp;2023&nbsp;<strong>AO VIVO<\/strong>&nbsp;e&nbsp;<strong>EM&nbsp;<a href=\"https:\/\/www.grandepremio.com\/br\/ao-vivo\/\" target=\"_blank\" rel=\"noreferrer noopener\">TEMPO REAL<\/a><\/strong>. A pr\u00f3xima etapa est\u00e1 marcada para acontecer j\u00e1 na semana que vem, entre 7 e 9 de julho, com o<strong>&nbsp;GP da Inglaterra<\/strong>. No s\u00e1bado e no domingo, h\u00e1 tamb\u00e9m a segunda tela, em parceria com a&nbsp;<strong>Voz do Esporte<\/strong>.<\/p>\n","protected":false},"excerpt":{"rendered":"<p>Dispensado da McLaren ap\u00f3s n\u00e3o cumprir as expectativas da equipe, Daniel Ricciardo assumiu o papel de piloto de testes na Red Bull, e agora \u00e9 cotado para uma vaga junto aos taurinos em 2024<\/p>\n","protected":false},"author":0,"featured_media":1000636201,"comment_status":"closed","ping_status":"closed","sticky":false,"template":"","format":"standard","meta":{"42wp_featured_image_caption":"","42wp_featured_image_credits":"","42wp_featured_video":"","42wp_featured_image_hidden":false,"42wp_authors_list":[],"footnotes":""},"categories":[2],"tags":[524,655,31624,147,1491,28285,8723,90,27382,204],"42wp_author":[47149],"class_list":["post-101410","post","type-post","status-publish","format-standard","has-post-thumbnail","hentry","category-f1","tag-alphatauri","tag-christian-horner","tag-de-vries","tag-f1","tag-grande-premio","tag-grandepremio","tag-marko","tag-mclaren","tag-perez","tag-red-bull","42wp_author-bernardo-castro"],"_links":{"self":[{"href":"https:\/\/grandepremio.com\/br\/wp-json\/wp\/v2\/posts\/101410","targetHints":{"allow":["GET"]}}],"collection":[{"href":"https:\/\/grandepremio.com\/br\/wp-json\/wp\/v2\/posts"}],"about":[{"href":"https:\/\/grandepremio.com\/br\/wp-json\/wp\/v2\/types\/post"}],"replies":[{"embeddable":true,"href":"https:\/\/grandepremio.com\/br\/wp-json\/wp\/v2\/comments?post=101410"}],"version-history":[{"count":0,"href":"https:\/\/grandepremio.com\/br\/wp-json\/wp\/v2\/posts\/101410\/revisions"}],"wp:featuredmedia":[{"embeddable":true,"href":"https:\/\/grandepremio.com\/br\/wp-json\/wp\/v2\/media\/1000636201"}],"wp:attachment":[{"href":"https:\/\/grandepremio.com\/br\/wp-json\/wp\/v2\/media?parent=101410"}],"wp:term":[{"taxonomy":"category","embeddable":true,"href":"https:\/\/grandepremio.com\/br\/wp-json\/wp\/v2\/categories?post=101410"},{"taxonomy":"post_tag","embeddable":true,"href":"https:\/\/grandepremio.com\/br\/wp-json\/wp\/v2\/tags?post=101410"},{"taxonomy":"42wp_author","embeddable":true,"href":"https:\/\/grandepremio.com\/br\/wp-json\/wp\/v2\/42wp_author?post=101410"}],"curies":[{"name":"wp","href":"https:\/\/api.w.org\/{rel}","templated":true}]}}