{"id":101434,"date":"2023-07-05T04:00:00","date_gmt":"2023-07-05T07:00:00","guid":{"rendered":"https:\/\/grandepremio.com\/br\/noticias\/alex-albon-prega-cabeca-erguida-ausencia-pontos-austria-nao-estou-decepcionado\/"},"modified":"2023-07-15T00:47:28","modified_gmt":"2023-07-15T03:47:28","slug":"alex-albon-prega-cabeca-erguida-ausencia-pontos-austria-nao-estou-decepcionado","status":"publish","type":"post","link":"https:\/\/grandepremio.com\/br\/f1\/alex-albon-prega-cabeca-erguida-ausencia-pontos-austria-nao-estou-decepcionado\/","title":{"rendered":"Albon prega cabe\u00e7a erguida ap\u00f3s aus\u00eancia nos pontos na \u00c1ustria: &#8220;N\u00e3o estou decepcionado&#8221;"},"content":{"rendered":"\n<p class=\"wp-block-paragraph\"><strong>Alexander Albon <\/strong>teve um grande fim de semana na<strong> \u00c1ustria <\/strong>com a <strong>Williams<\/strong>, mas acabou fora dos pontos. Superado nas voltas finais por<strong> Lance Stroll<\/strong>, piloto anglo-tailand\u00eas acabou amargando apenas a 11\u00aa posi\u00e7\u00e3o com a Williams depois de andar quase toda a prova no top-10.<\/p>\n\n\n\n<p class=\"wp-block-paragraph\">Ap\u00f3s a corrida, Albon manteve a cabe\u00e7a erguida apesar da oportunidade perdida nos pontos, e citou que \u00e9 dif\u00edcil pontuar quando Red Bull, Mercedes, Ferrari e Aston Martin est\u00e3o no top-10.<\/p>\n\n\n\n<p class=\"wp-block-paragraph\">&#8220;N\u00e3o estou decepcionado pela corrida hoje. Acho que \u00e9 coisa normal com os 4 melhores times nas 8 primeiras posi\u00e7\u00f5es, ent\u00e3o sobram dois lugares para pegar. Lando teve uma grande corrida, assim como Pierre, que tinha os pontos restantes. E \u00e9ramos os pr\u00f3ximos melhores&#8221;, declarou.<\/p>\n\n\n\n<p class=\"wp-block-paragraph\"><strong>\u25b6\ufe0f\u00a0Inscreva-se nos dois canais do GRANDE PR\u00caMIO no YouTube:\u00a0<a href=\"https:\/\/www.youtube.com\/channel\/UC9OlHEgxoaY6QY6nWPoiqQg?sub_confirmation=1\" target=\"_blank\" rel=\"noreferrer noopener\">GP<\/a>\u00a0|\u00a0<a href=\"https:\/\/www.youtube.com\/channel\/UC9csiS6q_C3C0FYhyr1rnFA?sub_confirmation=1\" target=\"_blank\" rel=\"noreferrer noopener\">GP2<\/a><\/strong><br><strong>\u25b6\ufe0f\u00a0<a href=\"https:\/\/www.twitch.tv\/grandepremio\" target=\"_blank\" rel=\"noreferrer noopener\">Conhe\u00e7a o canal do GRANDE PR\u00caMIO na Twitch clicando aqui!<\/a><\/strong><\/p>\n\n\n\n<figure class=\"wp-block-image size-large\"><img decoding=\"async\" src=\"https:\/\/www.grandepremio.com\/br\/wp-content\/uploads\/2023\/07\/f1-2023-austria-corrida-williams-alexanderalbon-01-1024x683.jpg\" alt=\"\" class=\"wp-image-703187\"\/><figcaption class=\"wp-element-caption\">Alexander Albon (Foto: Williams)<\/figcaption><\/figure>\n\n\n\n<p class=\"wp-block-paragraph\">Na atual temporada, Alex \u00e9 o 13\u00ba colocado do Mundial de Pilotos, com 7 pontos. Somando todos os tentos da Williams, Albon ajuda o time a estar no 9\u00ba lugar entre os Construtores.<\/p>\n\n\n\n<p class=\"wp-block-paragraph\">&#8220;Acho que foi um fim de semana forte para n\u00f3s. Nosso pior resultado foi 13\u00ba e est\u00e1vamos em s\u00e9timo na maior parte do tempo. Quando voc\u00ea pensa assim, \u00e9 frustrante, mas mostra que fizemos progresso. \u00c9 claro, nos adaptamos bem na pista e esper\u00e1vamos um resultado melhor, o que \u00e9 um pouco decepcionante, mas ainda foi uma grande corrida e uma boa execu\u00e7\u00e3o. Acho que fizemos um bom trabalho, e com Logan tendo uma grande corrida, mostra nossos passos \u00e0 frente&#8221;, completou.<\/p>\n\n\n\n<p class=\"wp-block-paragraph\">A\u00a0<a href=\"https:\/\/www.grandepremio.com\/formula-1\/\" target=\"_blank\" rel=\"noreferrer noopener\"><\/a><a href=\"https:\/\/www.grandepremio.com\/formula-1\/\" target=\"_blank\" rel=\"noreferrer noopener\">F\u00f3rmula 1<\/a>\u00a0realiza dos dias 7 a 9 de julho a etapa da Inglaterra, d\u00e9cima da temporada 2023. O\u00a0<strong>GRANDE PR\u00caMIO<\/strong>\u00a0acompanha todas as atividades\u00a0<strong>AO VIVO<\/strong>\u00a0e em<strong>\u00a0<a href=\"https:\/\/www.grandepremio.com\/br\/ao-vivo\/\" target=\"_blank\" rel=\"noreferrer noopener\">TEMPO REAL<\/a><\/strong>.<\/p>\n","protected":false},"excerpt":{"rendered":"<p>Apesar de um desempenho impressionante durante o fim de semana na \u00c1ustria com a equipe Williams, Alexander Albon n\u00e3o conseguiu somar pontos no GP. Mas quer manter a cabe\u00e7a erguida<\/p>\n","protected":false},"author":0,"featured_media":1000703187,"comment_status":"closed","ping_status":"closed","sticky":false,"template":"","format":"standard","meta":{"42wp_featured_image_caption":"","42wp_featured_image_credits":"","42wp_featured_video":"","42wp_featured_image_hidden":false,"42wp_authors_list":[],"footnotes":""},"categories":[2],"tags":[654,309,969,207,1491,28285,485,25553,82,1645,25425,204,25978,1299,215],"42wp_author":[47119],"class_list":["post-101434","post","type-post","status-publish","format-standard","has-post-thumbnail","hentry","category-f1","tag-alexander-albon","tag-aston-martin","tag-corrida","tag-ferrari","tag-grande-premio","tag-grandepremio","tag-lance-stroll","tag-logan-sargeant","tag-mercedes","tag-mundial-de-pilotos","tag-pontuacao","tag-red-bull","tag-temporada-2023","tag-top-10","tag-williams","42wp_author-gabriel-carvalho"],"_links":{"self":[{"href":"https:\/\/grandepremio.com\/br\/wp-json\/wp\/v2\/posts\/101434","targetHints":{"allow":["GET"]}}],"collection":[{"href":"https:\/\/grandepremio.com\/br\/wp-json\/wp\/v2\/posts"}],"about":[{"href":"https:\/\/grandepremio.com\/br\/wp-json\/wp\/v2\/types\/post"}],"replies":[{"embeddable":true,"href":"https:\/\/grandepremio.com\/br\/wp-json\/wp\/v2\/comments?post=101434"}],"version-history":[{"count":0,"href":"https:\/\/grandepremio.com\/br\/wp-json\/wp\/v2\/posts\/101434\/revisions"}],"wp:featuredmedia":[{"embeddable":true,"href":"https:\/\/grandepremio.com\/br\/wp-json\/wp\/v2\/media\/1000703187"}],"wp:attachment":[{"href":"https:\/\/grandepremio.com\/br\/wp-json\/wp\/v2\/media?parent=101434"}],"wp:term":[{"taxonomy":"category","embeddable":true,"href":"https:\/\/grandepremio.com\/br\/wp-json\/wp\/v2\/categories?post=101434"},{"taxonomy":"post_tag","embeddable":true,"href":"https:\/\/grandepremio.com\/br\/wp-json\/wp\/v2\/tags?post=101434"},{"taxonomy":"42wp_author","embeddable":true,"href":"https:\/\/grandepremio.com\/br\/wp-json\/wp\/v2\/42wp_author?post=101434"}],"curies":[{"name":"wp","href":"https:\/\/api.w.org\/{rel}","templated":true}]}}