{"id":101458,"date":"2023-07-04T04:00:00","date_gmt":"2023-07-04T07:00:00","guid":{"rendered":"https:\/\/grandepremio.com\/br\/noticias\/toto-wolff-ve-situacao-frustrante-limites-pista-austria-apresenta-solucoes\/"},"modified":"2023-07-03T20:55:33","modified_gmt":"2023-07-03T23:55:33","slug":"toto-wolff-ve-situacao-frustrante-limites-pista-austria-apresenta-solucoes","status":"publish","type":"post","link":"https:\/\/grandepremio.com\/br\/f1\/toto-wolff-ve-situacao-frustrante-limites-pista-austria-apresenta-solucoes\/","title":{"rendered":"Mercedes v\u00ea &#8220;situa\u00e7\u00e3o frustrante&#8221; com limites de pista na \u00c1ustria e apresenta solu\u00e7\u00f5es"},"content":{"rendered":"\n<p class=\"wp-block-paragraph\">Chefe de equipe da <strong>Mercedes, Toto Wolff<\/strong> foi mais um a expressar decep\u00e7\u00e3o com as in\u00fameras puni\u00e7\u00f5es por limite de pista no <strong>GP da \u00c1ustria,<\/strong> disputado no \u00faltimo domingo (2). <strong>Lewis Hamilton,<\/strong> por sinal, foi um dos mais prejudicados, j\u00e1 que caiu do sexto ao oitavo lugar ap\u00f3s ter tempo adicionado ao total final da prova.<\/p>\n\n\n\n<p class=\"wp-block-paragraph\">Na \u00c1ustria, os principais alvos de fiscaliza\u00e7\u00e3o dos limites de pista s\u00e3o as curvas 9 e 10. Al\u00e9m de Hamilton, pilotos como <strong>Carlos Sainz e Pierre Gasly<\/strong> tamb\u00e9m tiveram as posi\u00e7\u00f5es finais alteradas por causa da san\u00e7\u00e3o da dire\u00e7\u00e3o de prova, que veio tr\u00eas horas ap\u00f3s a bandeira quadriculada.<\/p>\n\n\n\n<p class=\"wp-block-paragraph\">&#8220;Todos est\u00e3o na pior situa\u00e7\u00e3o poss\u00edvel pelo regulamento. O diretor de prova e a FIA tentam aplic\u00e1-los da melhor maneira poss\u00edvel com as c\u00e2meras e os sensores. Fazemos o mesmo com algu\u00e9m olhando os onboards, apenas para garantir que n\u00e3o sejamos mais punidos que todas as outras equipes&#8221;, declarou.<\/p>\n\n\n\n<p class=\"wp-block-paragraph\"><strong>\u25b6\ufe0f&nbsp;Inscreva-se nos dois canais do GRANDE PR\u00caMIO no YouTube:&nbsp;<a href=\"https:\/\/www.youtube.com\/channel\/UC9OlHEgxoaY6QY6nWPoiqQg?sub_confirmation=1\" target=\"_blank\" rel=\"noreferrer noopener\">GP<\/a>&nbsp;|&nbsp;<a href=\"https:\/\/www.youtube.com\/channel\/UC9csiS6q_C3C0FYhyr1rnFA?sub_confirmation=1\" target=\"_blank\" rel=\"noreferrer noopener\">GP2<\/a><\/strong><br><strong>\u25b6\ufe0f&nbsp;<a href=\"https:\/\/www.twitch.tv\/grandepremio\" target=\"_blank\" rel=\"noreferrer noopener\">Conhe\u00e7a o canal do GRANDE PR\u00caMIO na Twitch clicando aqui!<\/a><\/strong><\/p>\n\n\n\n<figure class=\"wp-block-image size-large\"><img decoding=\"async\" src=\"https:\/\/www.grandepremio.com\/br\/wp-content\/uploads\/2023\/07\/f1-2023-austria-corrida-mercedes-lewishamilton-afp-04-1024x671.jpg\" alt=\"\" class=\"wp-image-703241\"\/><figcaption>Lewis Hamilton caiu para oitavo no GP da \u00c1ustria ap\u00f3s puni\u00e7\u00e3o (Foto: AFP) <\/figcaption><\/figure>\n\n\n\n<p class=\"wp-block-paragraph\">Wolff admitiu que a situa\u00e7\u00e3o \u00e9 frustrante e apresentou duas solu\u00e7\u00f5es de curto prazo para resolver o problema em uma das pistas mais cl\u00e1ssicas da F\u00f3rmula 1, que acabou de renovar contrato para seguir no grid at\u00e9 2030.<\/p>\n\n\n\n<p class=\"wp-block-paragraph\">&#8220;Mas, para os f\u00e3s, espectadores, times e equipes, \u00e9 super frustrante ver as puni\u00e7\u00f5es acontecendo. Existem duas solu\u00e7\u00f5es: ou voc\u00ea traz de volta as zebras salsichas, que quebram os pilotos e os carros, mas ningu\u00e9m reclama, ou remove tudo e deixem correr na linha mais r\u00e1pida. \u00c9 o que Niki Lauda sempre disse&#8221;, concluiu.<\/p>\n\n\n\n<p class=\"wp-block-paragraph\">O&nbsp;<strong>GRANDE PR\u00caMIO&nbsp;<\/strong>acompanha todas as atividades da<strong>&nbsp;<\/strong><a href=\"https:\/\/www.grandepremio.com\/formula-1\/\" target=\"_blank\" rel=\"noreferrer noopener\">F\u00f3rmula 1<\/a>&nbsp;2023&nbsp;<strong>AO VIVO<\/strong>&nbsp;e&nbsp;<strong>EM&nbsp;<a href=\"https:\/\/www.grandepremio.com\/br\/ao-vivo\/\" target=\"_blank\" rel=\"noreferrer noopener\">TEMPO REAL<\/a><\/strong>. A pr\u00f3xima etapa est\u00e1 marcada para acontecer j\u00e1 na semana que vem, entre 7 e 9 de julho, com o<strong>&nbsp;GP da Inglaterra<\/strong>. No s\u00e1bado e no domingo, h\u00e1 tamb\u00e9m a segunda tela, em parceria com a&nbsp;<strong>Voz do Esporte<\/strong>.<\/p>\n","protected":false},"excerpt":{"rendered":"<p>Toto Wolff falou sobre as frustrantes puni\u00e7\u00f5es por limites de pista e apresentou solu\u00e7\u00f5es de curto prazo para resolver o problema no circuito da \u00c1ustria<\/p>\n","protected":false},"author":0,"featured_media":1000702238,"comment_status":"closed","ping_status":"closed","sticky":false,"template":"","format":"standard","meta":{"42wp_featured_image_caption":"","42wp_featured_image_credits":"","42wp_featured_video":"","42wp_featured_image_hidden":false,"42wp_authors_list":[],"footnotes":""},"categories":[2],"tags":[27776,34186,27487,9393,32017,33847,5660,8235,33526,969,147,6533,642,11958,160,33890,111,1008,103,30061,180,30722,2208,1505,25690,1491,30103,28285,2306,159,4283,82,1117,3724,1645,32087,19348,510,1214,26054,2785,2636,2632,3632,150,2773,18713],"42wp_author":[47119],"class_list":["post-101458","post","type-post","status-publish","format-standard","has-post-thumbnail","hentry","category-f1","tag-assistir-f1-ao-vivo","tag-assistir-f1-gratis","tag-assistir-f1-online","tag-austria","tag-calendario-f1-2023","tag-calendario-f1-2023-horarios","tag-classificacao","tag-classificacao-da-f1","tag-classificacao-f1-2023","tag-corrida","tag-f1","tag-f1-2023","tag-f1-ao-vivo","tag-f1-live","tag-f1-tv","tag-f1-tv-2023","tag-f2","tag-f3","tag-fia","tag-fomula-1","tag-formula-1","tag-formula-1-2023","tag-formula-2","tag-gp-da-inglaterra","tag-gra-bretanha","tag-grande-premio","tag-grande-premio-f1","tag-grandepremio","tag-grid-de-largada","tag-horarios-da-f1","tag-limites-de-pista","tag-mercedes","tag-mundial-de-construtores","tag-mundial-de-f1","tag-mundial-de-pilotos","tag-onde-assistir","tag-podio","tag-pole","tag-pole-position","tag-punicoes","tag-q1","tag-q2","tag-q3","tag-silverstone","tag-toto-wolff","tag-vencedor","tag-vitoria","42wp_author-gabriel-carvalho"],"_links":{"self":[{"href":"https:\/\/grandepremio.com\/br\/wp-json\/wp\/v2\/posts\/101458","targetHints":{"allow":["GET"]}}],"collection":[{"href":"https:\/\/grandepremio.com\/br\/wp-json\/wp\/v2\/posts"}],"about":[{"href":"https:\/\/grandepremio.com\/br\/wp-json\/wp\/v2\/types\/post"}],"replies":[{"embeddable":true,"href":"https:\/\/grandepremio.com\/br\/wp-json\/wp\/v2\/comments?post=101458"}],"version-history":[{"count":0,"href":"https:\/\/grandepremio.com\/br\/wp-json\/wp\/v2\/posts\/101458\/revisions"}],"wp:featuredmedia":[{"embeddable":true,"href":"https:\/\/grandepremio.com\/br\/wp-json\/wp\/v2\/media\/1000702238"}],"wp:attachment":[{"href":"https:\/\/grandepremio.com\/br\/wp-json\/wp\/v2\/media?parent=101458"}],"wp:term":[{"taxonomy":"category","embeddable":true,"href":"https:\/\/grandepremio.com\/br\/wp-json\/wp\/v2\/categories?post=101458"},{"taxonomy":"post_tag","embeddable":true,"href":"https:\/\/grandepremio.com\/br\/wp-json\/wp\/v2\/tags?post=101458"},{"taxonomy":"42wp_author","embeddable":true,"href":"https:\/\/grandepremio.com\/br\/wp-json\/wp\/v2\/42wp_author?post=101458"}],"curies":[{"name":"wp","href":"https:\/\/api.w.org\/{rel}","templated":true}]}}