{"id":101459,"date":"2023-07-03T16:54:57","date_gmt":"2023-07-03T19:54:57","guid":{"rendered":"https:\/\/grandepremio.com\/br\/noticias\/pirelli-foca-compostos-mais-macios-anuncia-escolha-pneus-hungria-belgica\/"},"modified":"2023-07-03T16:55:03","modified_gmt":"2023-07-03T19:55:03","slug":"pirelli-foca-compostos-mais-macios-anuncia-escolha-pneus-hungria-belgica","status":"publish","type":"post","link":"https:\/\/grandepremio.com\/br\/f1\/pirelli-foca-compostos-mais-macios-anuncia-escolha-pneus-hungria-belgica\/","title":{"rendered":"Pirelli foca em compostos mais macios e anuncia escolha de pneus na Hungria e B\u00e9lgica"},"content":{"rendered":"\n<figure class=\"wp-block-embed is-type-rich is-provider-incorporar-manipulador wp-block-embed-incorporar-manipulador wp-embed-aspect-16-9 wp-has-aspect-ratio\"><div class=\"wp-block-embed__wrapper\">\n<iframe loading=\"lazy\" title=\"F1 2023: Verstappen SOBRA, limites de pista DOMINAM: tudo sobre o GP da \u00c1ustria | Briefing\" width=\"500\" height=\"281\" src=\"https:\/\/www.youtube.com\/embed\/TsYw5dldf8o?feature=oembed\" frameborder=\"0\" allow=\"accelerometer; autoplay; clipboard-write; encrypted-media; gyroscope; picture-in-picture; web-share\" referrerpolicy=\"strict-origin-when-cross-origin\" allowfullscreen><\/iframe>\n<\/div><\/figure>\n\n\n\n<p class=\"wp-block-paragraph\">A <strong>Pirelli<\/strong> divulgou nesta segunda-feira (3) a escolha de pneus para os <strong>GPs<\/strong> da <strong>Hungria<\/strong> e da <strong>B\u00e9lgica<\/strong> de <strong>F\u00f3rmula 1<\/strong> 2023. Em ambas, a fornecedora optou por seguir um caminho mais agressivo e selecionou os compostos mais r\u00e1pidos e macios. A etapa h\u00fangara acontece entre 21 e 23 de julho, enquanto a prova belga ser\u00e1 realizada na semana seguinte, entre os dias 28 e 30 do mesmo m\u00eas.<\/p>\n\n\n\n<p class=\"wp-block-paragraph\">Diferentemente do que aconteceu no ano passado, a Pirelli vai disponibilizar para as equipes a gama mais macia da marca para o <strong>GP da Hungria<\/strong>. Ou seja, os pilotos poder\u00e3o cal\u00e7ar <strong>C3 (faixa branca)<\/strong>, <strong>C4 (faixa amarela)<\/strong> ou <strong>C5 (faixa vermelha)<\/strong>. <\/p>\n\n\n\n<p class=\"wp-block-paragraph\">Em 2022, a maioria das equipes optou por fazer uma corrida com duas paradas, embora houve quem arriscasse uma terceira troca de pneus. A tend\u00eancia \u00e9 de que esse padr\u00e3o se repita em 2023.<\/p>\n\n\n\n<p class=\"wp-block-paragraph\"><strong>\u25b6\ufe0f\u00a0<a href=\"https:\/\/www.twitch.tv\/grandepremio\" target=\"_blank\" rel=\"noreferrer noopener\">Conhe\u00e7a o canal do GRANDE PR\u00caMIO na Twitch clicando aqui!<\/a><\/strong><\/p>\n\n\n\n<figure class=\"wp-block-image size-large\"><img decoding=\"async\" src=\"https:\/\/www.grandepremio.com\/br\/wp-content\/uploads\/2023\/07\/pneus-utilizados-pela-Pirelli-na-F1-2023-foto-Reproducao-Pirelli-1024x874.jpg\" alt=\"\" class=\"wp-image-704088\"\/><figcaption>Pneus utilizados pela Pirelli na F1 2023 (foto: Reprodu\u00e7\u00e3o\/Pirelli)<\/figcaption><\/figure>\n\n\n\n<p class=\"wp-block-paragraph\"><strong>\u25b6\ufe0f\u00a0Inscreva-se nos dois canais do GRANDE PR\u00caMIO no YouTube:\u00a0<a href=\"https:\/\/www.youtube.com\/channel\/UC9OlHEgxoaY6QY6nWPoiqQg?sub_confirmation=1\" target=\"_blank\" rel=\"noreferrer noopener\">GP<\/a>\u00a0|\u00a0<a href=\"https:\/\/www.youtube.com\/channel\/UC9csiS6q_C3C0FYhyr1rnFA?sub_confirmation=1\" target=\"_blank\" rel=\"noreferrer noopener\">GP2<\/a><\/strong><\/p>\n\n\n\n<p class=\"wp-block-paragraph\">A etapa em Budapeste ainda vai contar com a Aloca\u00e7\u00e3o Alternativa de Pneus, que estava prevista para estrear no <strong>GP de \u00cdmola de 2023<\/strong>, <a href=\"https:\/\/www.grandepremio.com\/br\/galeria\/f1\/por-que-formula-1-cancelou-gp-emilia-romagna-imola-2023\/\" class=\"ek-link\">cancelado devido \u00e0s fortes chuvas que ca\u00edram sobre o norte da It\u00e1lia<\/a>.<\/p>\n\n\n\n<p class=\"wp-block-paragraph\">Com isso, os pilotos ser\u00e3o obrigados a utilizar um composto em cada uma das tr\u00eas sess\u00f5es de classifica\u00e7\u00e3o. Desta forma, ser\u00e3o obrigados a usar o pneu duro no Q1, o m\u00e9dio no Q2 e o macio no Q3.<\/p>\n\n\n\n<p class=\"wp-block-paragraph\">No <strong>GP da B\u00e9lgica<\/strong>, por sua vez, a gama se mant\u00e9m a mesma de 2022: C2 (branco), C3 (amarelo) e C4 (vermelho). Em 2022, as equipes seguiram uma estrat\u00e9gia de corrida com duas paradas.<\/p>\n\n\n\n<p class=\"wp-block-paragraph\">O&nbsp;<strong>GRANDE PR\u00caMIO&nbsp;<\/strong>acompanha todas as atividades da<strong>&nbsp;<\/strong><a href=\"https:\/\/www.grandepremio.com\/formula-1\/\" target=\"_blank\" rel=\"noreferrer noopener\">F\u00f3rmula 1<\/a>&nbsp;2023&nbsp;<strong>AO VIVO<\/strong>&nbsp;e&nbsp;<strong>EM&nbsp;<a href=\"https:\/\/www.grandepremio.com\/br\/ao-vivo\/\" target=\"_blank\" rel=\"noreferrer noopener\">TEMPO REAL<\/a><\/strong>. A pr\u00f3xima etapa est\u00e1 marcada para acontecer j\u00e1 na semana que vem, entre 7 e 9 de julho, com o<strong>&nbsp;GP da Inglaterra<\/strong>. No s\u00e1bado e no domingo, h\u00e1 tamb\u00e9m a segunda tela, em parceria com a&nbsp;<strong>Voz do Esporte<\/strong>.<\/p>\n","protected":false},"excerpt":{"rendered":"<p>Com um novo formato de classifica\u00e7\u00e3o previsto para a Hungria e a corrida sprint programada para a B\u00e9lgica, a Pirelli divulgou os pneus que ser\u00e3o utilizados nas duas etapas<\/p>\n","protected":false},"author":0,"featured_media":1000629264,"comment_status":"closed","ping_status":"closed","sticky":false,"template":"","format":"standard","meta":{"42wp_featured_image_caption":"","42wp_featured_image_credits":"","42wp_featured_video":"","42wp_featured_image_hidden":false,"42wp_authors_list":[],"footnotes":""},"categories":[2],"tags":[147,24837,35558,24836,28285,4122,1126,21254,108],"42wp_author":[47149],"class_list":["post-101459","post","type-post","status-publish","format-standard","has-post-thumbnail","hentry","category-f1","tag-f1","tag-formula-1-2","tag-gp-belgica","tag-grande-premio-2","tag-grandepremio","tag-hungaroring","tag-pirelli","tag-pneus-pirelli","tag-spa-francorchamps","42wp_author-bernardo-castro"],"_links":{"self":[{"href":"https:\/\/grandepremio.com\/br\/wp-json\/wp\/v2\/posts\/101459","targetHints":{"allow":["GET"]}}],"collection":[{"href":"https:\/\/grandepremio.com\/br\/wp-json\/wp\/v2\/posts"}],"about":[{"href":"https:\/\/grandepremio.com\/br\/wp-json\/wp\/v2\/types\/post"}],"replies":[{"embeddable":true,"href":"https:\/\/grandepremio.com\/br\/wp-json\/wp\/v2\/comments?post=101459"}],"version-history":[{"count":0,"href":"https:\/\/grandepremio.com\/br\/wp-json\/wp\/v2\/posts\/101459\/revisions"}],"wp:featuredmedia":[{"embeddable":true,"href":"https:\/\/grandepremio.com\/br\/wp-json\/wp\/v2\/media\/1000629264"}],"wp:attachment":[{"href":"https:\/\/grandepremio.com\/br\/wp-json\/wp\/v2\/media?parent=101459"}],"wp:term":[{"taxonomy":"category","embeddable":true,"href":"https:\/\/grandepremio.com\/br\/wp-json\/wp\/v2\/categories?post=101459"},{"taxonomy":"post_tag","embeddable":true,"href":"https:\/\/grandepremio.com\/br\/wp-json\/wp\/v2\/tags?post=101459"},{"taxonomy":"42wp_author","embeddable":true,"href":"https:\/\/grandepremio.com\/br\/wp-json\/wp\/v2\/42wp_author?post=101459"}],"curies":[{"name":"wp","href":"https:\/\/api.w.org\/{rel}","templated":true}]}}