{"id":101487,"date":"2023-07-02T19:55:33","date_gmt":"2023-07-02T22:55:33","guid":{"rendered":"https:\/\/grandepremio.com\/br\/noticias\/will-power-joga-toalha-diz-ninguem-vai-desafiar-palou-pelo-titulo-indy\/"},"modified":"2023-07-02T19:55:38","modified_gmt":"2023-07-02T22:55:38","slug":"will-power-joga-toalha-diz-ninguem-vai-desafiar-palou-pelo-titulo-indy","status":"publish","type":"post","link":"https:\/\/grandepremio.com\/br\/indy\/will-power-joga-toalha-diz-ninguem-vai-desafiar-palou-pelo-titulo-indy\/","title":{"rendered":"Power joga toalha e diz que &#8220;ningu\u00e9m vai desafiar&#8221; Palou pelo t\u00edtulo da Indy"},"content":{"rendered":"\n<p class=\"wp-block-paragraph\">Depois de n\u00e3o avan\u00e7ar ao Fast 6, <strong>Will Power<\/strong> se recuperou na corrida deste domingo (2) e conquistou o terceiro lugar no <strong>GP de Mid-Ohio<\/strong> da <strong>Indy.<\/strong> Apesar de subir ao p\u00f3dio pela terceira vez no ano, o australiano da Penske desistiu da briga pelo campeonato e afirmou que n\u00e3o h\u00e1 como impedir o t\u00edtulo de <strong>\u00c1lex Palou<\/strong>, que <strong><a href=\"https:\/\/www.grandepremio.com\/br\/indy\/noticias\/alex-palou-da-no-tatico-adversarios-mid-ohio-vence-terceira-corrida-seguida\/\" class=\"ek-link\">venceu pela quarta vez na temporada 2023<\/a><\/strong>.<\/p>\n\n\n\n<p class=\"wp-block-paragraph\">&#8220;Foi muito bom colocar o carro no p\u00f3dio, mas acredito que ningu\u00e9m vai desafiar o Palou, ser\u00e1 uma briga pelo segundo lugar no campeonato&#8221;, ratificou Power, em entrevista \u00e0 emissora americana NBC Sports.<\/p>\n\n\n\n<p class=\"wp-block-paragraph\"><strong>\u25b6\ufe0f&nbsp;Inscreva-se nos dois canais do GRANDE PR\u00caMIO no YouTube:&nbsp;<\/strong><a href=\"https:\/\/www.youtube.com\/channel\/UC9OlHEgxoaY6QY6nWPoiqQg?sub_confirmation=1\" target=\"_blank\" rel=\"noreferrer noopener\"><strong>GP&nbsp;|&nbsp;GP2<\/strong><br><strong>\u25b6\ufe0f&nbsp;Conhe\u00e7a o canal do GRANDE PR\u00caMIO na Twitch clicando aq<\/strong><\/a><strong><a href=\"https:\/\/www.youtube.com\/channel\/UC9OlHEgxoaY6QY6nWPoiqQg?sub_confirmation=1\" target=\"_blank\" rel=\"noreferrer noopener\">ui!<\/a><\/strong><\/p>\n\n\n\n<figure class=\"wp-block-image size-large\"><img decoding=\"async\" src=\"https:\/\/www.grandepremio.com\/br\/wp-content\/uploads\/2023\/07\/VICTORY-CIRCLE-MID-OHIO-INDYCAR-THINKLE23-037-1024x682.jpg\" alt=\"\" class=\"wp-image-703804\"\/><figcaption>Palou, Dixon e Power formaram o p\u00f3dio do GP de Mid-Ohio (Foto: IndyCar).<\/figcaption><\/figure>\n\n\n\n<p class=\"wp-block-paragraph\">Depois de largar em s\u00e9timo lugar em Mid-Ohio, o #12 da Penske conseguiu colocar em pr\u00e1tica a estrat\u00e9gia de conservar o equipamento para superar quatro advers\u00e1rios e cruzar a linha de chegada em terceiro lugar na nona etapa do ano. &#8220;Consegui economizar combust\u00edvel no in\u00edcio, fiz um longo primeiro trecho de corrida e tentei fazer um undercut para ganhar algumas posi\u00e7\u00f5es ap\u00f3s a primeira parada. Aguentei muito bem com os pneus mais macios no segundo trecho&#8221;, avaliou.<\/p>\n\n\n\n<p class=\"wp-block-paragraph\">Com 226 pontos, Power est\u00e1 na s\u00e9tima coloca\u00e7\u00e3o na classifica\u00e7\u00e3o de pilotos em 2023, 151 atr\u00e1s de Palou, que caminha a passos largos para o bicampeonato da Indy.<\/p>\n\n\n\n<p class=\"wp-block-paragraph\">A Indy retorna no dia 16 de julho com a \u00fanica etapa internacional do campeonato: o GP de Toronto, no Canad\u00e1, que acontece no circuito de rua montado no Exhibition Place.<\/p>\n","protected":false},"excerpt":{"rendered":"<p>Mesmo depois de conquistar o terceiro p\u00f3dio na temporada, Will Power afirmou que a \u00fanica briga aberta na Indy \u00e9 pelo vice-campeonato<\/p>\n","protected":false},"author":0,"featured_media":1000703684,"comment_status":"closed","ping_status":"closed","sticky":false,"template":"","format":"standard","meta":{"42wp_featured_image_caption":"","42wp_featured_image_credits":"","42wp_featured_video":"","42wp_featured_image_hidden":false,"42wp_authors_list":[],"footnotes":""},"categories":[3],"tags":[3622,28285,93,25977,4166,265,732,35164,3133],"42wp_author":[47145],"class_list":["post-101487","post","type-post","status-publish","format-standard","has-post-thumbnail","hentry","category-indy","tag-gp-de-mid-ohio","tag-grandepremio","tag-indy","tag-indy-2023","tag-mid-ohio","tag-penske","tag-scott-dixon","tag-temporada-2023-da-indy","tag-will-power","42wp_author-alessandro-pinheiro"],"_links":{"self":[{"href":"https:\/\/grandepremio.com\/br\/wp-json\/wp\/v2\/posts\/101487","targetHints":{"allow":["GET"]}}],"collection":[{"href":"https:\/\/grandepremio.com\/br\/wp-json\/wp\/v2\/posts"}],"about":[{"href":"https:\/\/grandepremio.com\/br\/wp-json\/wp\/v2\/types\/post"}],"replies":[{"embeddable":true,"href":"https:\/\/grandepremio.com\/br\/wp-json\/wp\/v2\/comments?post=101487"}],"version-history":[{"count":0,"href":"https:\/\/grandepremio.com\/br\/wp-json\/wp\/v2\/posts\/101487\/revisions"}],"wp:featuredmedia":[{"embeddable":true,"href":"https:\/\/grandepremio.com\/br\/wp-json\/wp\/v2\/media\/1000703684"}],"wp:attachment":[{"href":"https:\/\/grandepremio.com\/br\/wp-json\/wp\/v2\/media?parent=101487"}],"wp:term":[{"taxonomy":"category","embeddable":true,"href":"https:\/\/grandepremio.com\/br\/wp-json\/wp\/v2\/categories?post=101487"},{"taxonomy":"post_tag","embeddable":true,"href":"https:\/\/grandepremio.com\/br\/wp-json\/wp\/v2\/tags?post=101487"},{"taxonomy":"42wp_author","embeddable":true,"href":"https:\/\/grandepremio.com\/br\/wp-json\/wp\/v2\/42wp_author?post=101487"}],"curies":[{"name":"wp","href":"https:\/\/api.w.org\/{rel}","templated":true}]}}