{"id":101502,"date":"2023-07-02T15:34:47","date_gmt":"2023-07-02T18:34:47","guid":{"rendered":"https:\/\/grandepremio.com\/br\/noticias\/pierre-gasly-celebra-pontos-austria-reitera-precisamos-desenvolver-carro\/"},"modified":"2023-07-02T15:34:55","modified_gmt":"2023-07-02T18:34:55","slug":"pierre-gasly-celebra-pontos-austria-reitera-precisamos-desenvolver-carro","status":"publish","type":"post","link":"https:\/\/grandepremio.com\/br\/f1\/pierre-gasly-celebra-pontos-austria-reitera-precisamos-desenvolver-carro\/","title":{"rendered":"Gasly celebra pontos na \u00c1ustria, mas reitera: &#8220;Precisamos desenvolver o carro&#8221;"},"content":{"rendered":"\n<figure class=\"wp-block-embed is-type-rich is-provider-incorporar-manipulador wp-block-embed-incorporar-manipulador wp-embed-aspect-16-9 wp-has-aspect-ratio\"><div class=\"wp-block-embed__wrapper\">\n<iframe loading=\"lazy\" title=\"F1 2023: Verstappen SOBRA, limites de pista DOMINAM: tudo sobre o GP da \u00c1ustria | Briefing\" width=\"500\" height=\"281\" src=\"https:\/\/www.youtube.com\/embed\/TsYw5dldf8o?feature=oembed\" frameborder=\"0\" allow=\"accelerometer; autoplay; clipboard-write; encrypted-media; gyroscope; picture-in-picture; web-share\" referrerpolicy=\"strict-origin-when-cross-origin\" allowfullscreen><\/iframe>\n<\/div><\/figure>\n\n\n\n<p class=\"wp-block-paragraph\">Depois de ficar de fora do top-10 no <strong>GP do Canad\u00e1<\/strong>, <strong>Pierre Gasly<\/strong> voltou a pontuar na <strong>F\u00f3rmula 1 2023<\/strong> depois de terminar o <strong>GP da \u00c1ustria<\/strong>, <a href=\"https:\/\/www.grandepremio.com\/br\/f1\/noticias\/max-verstappen-domina-vence-gp-da-austria-festival-de-punicoes-charles-leclerc-2o\/\" target=\"_blank\" aria-label=\"realizado na manh\u00e3 deste domingo (2) (opens in a new tab)\" rel=\"noreferrer noopener\" class=\"ek-link\">realizado na manh\u00e3 deste domingo (2)<\/a>, na nona coloca\u00e7\u00e3o. O titular da <strong>Alpine<\/strong> viu o resultado com bons olhos, por ter maximizado os pontos para a equipe, mas ainda acredita que os franceses t\u00eam de melhorar o <strong>A523<\/strong>.<\/p>\n\n\n\n<p class=\"wp-block-paragraph\">No fim de semana em Spielberg, a Alpine viu as atualiza\u00e7\u00f5es da <strong>McLaren<\/strong> surtirem efeito e colocarem <strong>Lando Norris <\/strong>na quinta coloca\u00e7\u00e3o \u2014 no que pode se tornar uma poss\u00edvel amea\u00e7a na briga pelo quinto lugar no <strong>Mundial de Construtores<\/strong>. Por isso, Gasly cobrou mais desenvolvimento do b\u00f3lido e acredita que a equipe ser\u00e1 capaz de entregar um equipamento melhor para as pr\u00f3ximas corridas.<\/p>\n\n\n\n<p class=\"wp-block-paragraph\"><strong>\u25b6\ufe0f&nbsp;Inscreva-se nos dois canais do GRANDE PR\u00caMIO no YouTube:&nbsp;<a href=\"https:\/\/www.youtube.com\/channel\/UC9OlHEgxoaY6QY6nWPoiqQg?sub_confirmation=1\" target=\"_blank\" rel=\"noreferrer noopener\">GP<\/a>&nbsp;|&nbsp;<a href=\"https:\/\/www.youtube.com\/channel\/UC9csiS6q_C3C0FYhyr1rnFA?sub_confirmation=1\" target=\"_blank\" rel=\"noreferrer noopener\">GP2<\/a><\/strong><br><strong>\u25b6\ufe0f&nbsp;<a href=\"https:\/\/www.twitch.tv\/grandepremio\" target=\"_blank\" rel=\"noreferrer noopener\">Conhe\u00e7a o canal do GRANDE PR\u00caMIO na Twitch clicando aqui!<\/a><\/strong><\/p>\n\n\n\n<figure class=\"wp-block-image size-large\"><img decoding=\"async\" src=\"https:\/\/www.grandepremio.com\/br\/wp-content\/uploads\/2023\/06\/f1-2023-austria-classificacao-alpine-pierregasly-02-1024x683.jpg\" alt=\"\" class=\"wp-image-701646\"\/><figcaption>Alpine ainda viu a McLaren com um melhor desempenho em ritmo de corrida (Foto: Alpine)<\/figcaption><\/figure>\n\n\n\n<p class=\"wp-block-paragraph\">&#8220;Tivemos algo de positivo hoje. Maximizamos os pontos que poderiam ser marcados na corrida. Por outro lado, quer\u00edamos mais, o objetivo era lutar pelo top-5. Mas vamos pressionando para melhorar e desenvolver o carro&#8221;, disse Pierre.<\/p>\n\n\n\n<p class=\"wp-block-paragraph\">&#8220;A McLaren estava muito r\u00e1pida essa semana, o que n\u00e3o \u00e9 um bom sinal para n\u00f3s \u2014 mas tamb\u00e9m acaba servindo como motiva\u00e7\u00e3o para melhorar. Agora, est\u00e1 em nossas m\u00e3os, e temos bons planos para as pr\u00f3ximas corridas que est\u00e3o por vir&#8221;, reconheceu o franc\u00eas.<\/p>\n\n\n\n<p class=\"wp-block-paragraph\">Gasly ainda n\u00e3o compreendeu o motivo pelo desempenho abaixo do esperado e, embora reconhe\u00e7a as fraquezas do carro, admite que os problemas n\u00e3o s\u00e3o t\u00e3o simples de serem solucionados.<\/p>\n\n\n\n<p class=\"wp-block-paragraph\">&#8220;Acho que precisamos analisar mais profundamente quais as raz\u00f5es por n\u00e3o termos desempenhado t\u00e3o bem. Sabemos as fraquezas do carro e sabemos onde temos de melhorar, mas n\u00e3o \u00e9 t\u00e3o f\u00e1cil de resolver&#8221;, finalizou.<\/p>\n\n\n\n<p class=\"wp-block-paragraph\">O&nbsp;<strong>GRANDE PR\u00caMIO&nbsp;<\/strong>acompanha todas as atividades da&nbsp;<a href=\"https:\/\/www.grandepremio.com\/formula-1\/\" target=\"_blank\" rel=\"noreferrer noopener\">F\u00f3rmula 1<\/a>&nbsp;2023&nbsp;<strong>AO VIVO<\/strong>&nbsp;e&nbsp;<strong>EM&nbsp;<a href=\"https:\/\/www.grandepremio.com\/br\/ao-vivo\/\" target=\"_blank\" rel=\"noreferrer noopener\">TEMPO REAL<\/a><\/strong>. A pr\u00f3xima etapa est\u00e1 marcada para acontecer j\u00e1 na semana que vem, entre 7 e 9 de julho, com o<strong>&nbsp;GP da Inglaterra<\/strong>. No s\u00e1bado e no domingo, h\u00e1 tamb\u00e9m a segunda tela, em parceria com a&nbsp;<strong>Voz do Esporte<\/strong>.<\/p>\n","protected":false},"excerpt":{"rendered":"<p>Pierre Gasly somou dois pontos no GP da \u00c1ustria e, embora reconhe\u00e7a a import\u00e2ncia disso para o Mundial de Construtores, cobrou uma melhora da Alpine<\/p>\n","protected":false},"author":0,"featured_media":1000697472,"comment_status":"closed","ping_status":"closed","sticky":false,"template":"","format":"standard","meta":{"42wp_featured_image_caption":"","42wp_featured_image_credits":"","42wp_featured_video":"","42wp_featured_image_hidden":false,"42wp_authors_list":[],"footnotes":""},"categories":[2],"tags":[20491,5921,147,35543,24836,28285,90,676],"42wp_author":[47149],"class_list":["post-101502","post","type-post","status-publish","format-standard","has-post-thumbnail","hentry","category-f1","tag-alpine","tag-corrida-sprint","tag-f1","tag-gp-austria","tag-grande-premio-2","tag-grandepremio","tag-mclaren","tag-pierre-gasly","42wp_author-bernardo-castro"],"_links":{"self":[{"href":"https:\/\/grandepremio.com\/br\/wp-json\/wp\/v2\/posts\/101502","targetHints":{"allow":["GET"]}}],"collection":[{"href":"https:\/\/grandepremio.com\/br\/wp-json\/wp\/v2\/posts"}],"about":[{"href":"https:\/\/grandepremio.com\/br\/wp-json\/wp\/v2\/types\/post"}],"replies":[{"embeddable":true,"href":"https:\/\/grandepremio.com\/br\/wp-json\/wp\/v2\/comments?post=101502"}],"version-history":[{"count":0,"href":"https:\/\/grandepremio.com\/br\/wp-json\/wp\/v2\/posts\/101502\/revisions"}],"wp:featuredmedia":[{"embeddable":true,"href":"https:\/\/grandepremio.com\/br\/wp-json\/wp\/v2\/media\/1000697472"}],"wp:attachment":[{"href":"https:\/\/grandepremio.com\/br\/wp-json\/wp\/v2\/media?parent=101502"}],"wp:term":[{"taxonomy":"category","embeddable":true,"href":"https:\/\/grandepremio.com\/br\/wp-json\/wp\/v2\/categories?post=101502"},{"taxonomy":"post_tag","embeddable":true,"href":"https:\/\/grandepremio.com\/br\/wp-json\/wp\/v2\/tags?post=101502"},{"taxonomy":"42wp_author","embeddable":true,"href":"https:\/\/grandepremio.com\/br\/wp-json\/wp\/v2\/42wp_author?post=101502"}],"curies":[{"name":"wp","href":"https:\/\/api.w.org\/{rel}","templated":true}]}}