{"id":10152,"date":"2026-04-09T12:31:09","date_gmt":"2026-04-09T15:31:09","guid":{"rendered":"https:\/\/grandepremio.com\/br\/noticias\/opel-mira-mitch-evans-liderar-dupla-theo-pourchaire-era-gen4-formula-e\/"},"modified":"2026-05-29T12:37:30","modified_gmt":"2026-05-29T15:37:30","slug":"opel-mira-mitch-evans-liderar-dupla-theo-pourchaire-era-gen4-formula-e","status":"publish","type":"post","link":"https:\/\/grandepremio.com\/br\/formula-e\/opel-mira-mitch-evans-liderar-dupla-theo-pourchaire-era-gen4-formula-e\/","title":{"rendered":"Opel mira em Evans para liderar dupla com Pourchaire na era Gen4 da F\u00f3rmula E"},"content":{"rendered":"\n<p class=\"wp-block-paragraph\">A <strong>Opel <\/strong>definiu <strong>Mitch Evans<\/strong> como principal para comandar o projeto na <strong>F\u00f3rmula E<\/strong>. A equipe alem\u00e3 <a href=\"https:\/\/www.grandepremio.com\/br\/formula-e\/noticias\/formula-e-anuncia-entrada-opel-grid-a-partir-temporada-2026-27\/\">confirmou a entrada na categoria el\u00e9trica na pr\u00f3xima temporada<\/a> e j\u00e1 apresentou uma proposta ao neozeland\u00eas para integrar o projeto na era Gen4. Ao lado dele, <strong>Th\u00e9o Pourchaire<\/strong> tamb\u00e9m desponta como favorito para ocupar a segunda vaga do novo time.<\/p>\n\n\n\n<p class=\"wp-block-paragraph\">Segundo informa\u00e7\u00f5es do portal <em>The Race<\/em>, antes de avan\u00e7ar por Evans, a Opel tamb\u00e9m havia demonstrado interesse em <strong>Jake Dennis<\/strong>. Uma proposta chegou a ser colocada na mesa, mas as negocia\u00e7\u00f5es perderam for\u00e7a quando o brit\u00e2nico iniciou tratativas para renovar com a <strong>Andretti<\/strong>, <a href=\"https:\/\/www.grandepremio.com\/br\/formula-e\/noticias\/andretti-aposta-continuidade-renova-jake-dennis-estreia-gen4-formula-e\/\">acordo confirmado ap\u00f3s o <strong>eP de Jed\u00e1<\/strong><\/a>, em fevereiro.<\/p>\n\n\n\n<figure class=\"wp-block-embed is-type-video is-provider-youtube wp-block-embed-youtube wp-embed-aspect-16-9 wp-has-aspect-ratio\"><div class=\"wp-block-embed__wrapper\">\n<iframe loading=\"lazy\" title=\"ENDURANCE COMO ALTERNATIVA \u00c0 F1. E OS PILOTOS EM RISCO NA INDY | Sprint GP\" width=\"500\" height=\"281\" src=\"https:\/\/www.youtube.com\/embed\/Jpkm2KpUcPA?feature=oembed\" frameborder=\"0\" allow=\"accelerometer; autoplay; clipboard-write; encrypted-media; gyroscope; picture-in-picture; web-share\" referrerpolicy=\"strict-origin-when-cross-origin\" allowfullscreen><\/iframe>\n<\/div><\/figure>\n\n\n\n<h3 class=\"wp-block-heading\" id=\"h-gp-experience-o-novo-produto-do-grande-premio-conecta-voce-aos-maiores-eventos-de-esporte-a-motor-do-mundo-va-para-indianapolis-com-a-gente-saiba-aqui-todos-os-detalhes\"><strong><mark style=\"background-color:rgba(0, 0, 0, 0)\" class=\"has-inline-color has-vivid-red-color\">+ GP EXPERIENCE: o novo produto do GRANDE PR\u00caMIO conecta voc\u00ea aos maiores eventos de esporte a motor do mundo. V\u00e1 para Indian\u00e1polis com a gente:\u00a0<a href=\"https:\/\/gpexperience.tur.br\/\">saiba aqui todos os detalhes<\/a>.<\/mark><\/strong><\/h3>\n\n\n\n<p class=\"wp-block-paragraph\"><strong>J\u00f6rg Schrott<\/strong>, chefe da Opel na F\u00f3rmula E, j\u00e1 havia afirmado que, apesar do apelo de contar com alem\u00e3es, a prioridade era contratar um piloto <a href=\"https:\/\/www.grandepremio.com\/br\/formula-e\/noticias\/opel-admite-apelo-alemaes-explica-caminho-formacao-1a-dupla-formula-e\/\">que fosse capaz de entregar bons resultados logo de cara<\/a> \u2014 e Evans se encaixa perfeitamente neste perfil.<\/p>\n\n\n\n<p class=\"wp-block-paragraph\">Apesar de ainda n\u00e3o ter conquistado o <strong>Mundial de Pilotos<\/strong>, o neozeland\u00eas \u00e9 o recordista de vit\u00f3rias da hist\u00f3ria da F\u00f3rmula E. Ao <a href=\"https:\/\/www.grandepremio.com\/br\/formula-e\/noticias\/mitch-evans-bate-porsche-miami-vence-15a-vez-formula-e-felipe-drugovich-18o\/\">faturar o <strong>eP de Miami<\/strong><\/a>, em janeiro, <a href=\"https:\/\/www.grandepremio.com\/br\/formula-e\/noticias\/mitch-evans-supera-sebastien-buemi-torna-maior-vencedor-formula-e-triunfo-miami\/\">o neozeland\u00eas chegou \u00e0 marca de 15 triunfos<\/a>, deixando <strong>S\u00e9bastien Buemi<\/strong> para tr\u00e1s no ranking hist\u00f3rico.<\/p>\n\n\n\n<figure class=\"wp-block-image size-large\"><img decoding=\"async\" src=\"https:\/\/www.grandepremio.com\/br\/wp-content\/uploads\/2026\/02\/J_TCS_Racing_S12_MitchEvans_Miami_310126_006-1200x800.jpg\" alt=\"\" class=\"wp-image-1054752\"\/><figcaption class=\"wp-element-caption\">Evans se tornou maior vencedor da hist\u00f3ria da F\u00f3rmula E, mas vive crise na rela\u00e7\u00e3o com Jaguar (Foto: F\u00f3rmula E)<\/figcaption><\/figure>\n\n\n\n<p class=\"wp-block-paragraph\">A proposta da Opel chega em momento de crise na parceria entre Evans e <strong>Jaguar<\/strong>. Juntos desde 2016, os dois lados ainda n\u00e3o chegaram a um acordo pela renova\u00e7\u00e3o do contrato, que se encerra ao fim da atual campanha. A situa\u00e7\u00e3o faz com que o piloto <a href=\"https:\/\/www.grandepremio.com\/br\/formula-e\/noticias\/jaguar-bloqueia-mitch-evans-testes-gen4-formula-e-questoes-contratuais\/\">seja mantido de fora do desenvolvimento do carro Gen4<\/a> da equipe brit\u00e2nica.<\/p>\n\n\n\n<p class=\"wp-block-paragraph\">Al\u00e9m disso, epis\u00f3dios recentes mostram claras rachaduras no relacionamento. Na \u00faltima etapa do campeonato, o <strong>eP de Madri<\/strong>, a Jaguar ordenou que Evans n\u00e3o atacasse <strong>Ant\u00f3nio F\u00e9lix da Costa<\/strong> na volta final para garantir uma dobradinha. O piloto reagiu negativamente e chegou a dizer que <a href=\"https:\/\/www.grandepremio.com\/br\/formula-e\/noticias\/sorte-voces-dificil-aceitar-mitch-evans-detalha-treta-jaguar-madri\/\">os felinos &#8220;tinham sorte que ele gosta de Da Costa&#8221;<\/a> e classificou o epis\u00f3dio como &#8220;dif\u00edcil de aceitar&#8221;.<\/p>\n\n\n\n<p class=\"wp-block-paragraph\">Ainda de acordo com a publica\u00e7\u00e3o, a Opel tamb\u00e9m j\u00e1 tem um favorito para ocupar o segundo cockpit: <strong>Th\u00e9o Pourchaire<\/strong>. O franc\u00eas \u00e9 piloto de f\u00e1brica da <strong>Stellantis <\/strong>e compete atualmente pela <strong>Peugeot <\/strong>no <strong>Mundial de Endurance (WEC)<\/strong>. Apesar do assento na categoria, admitiu recentemente que <a href=\"https:\/\/www.grandepremio.com\/br\/formula-e\/noticias\/theo-pourchaire-define-formula-e-prioridade-projeta-salto-gen4-vai-aproximar-formula-1\/\">conseguir uma vaga na F\u00f3rmula E \u00e9 o principal objetivo<\/a> para o prosseguimento da carreira.<\/p>\n\n\n\n<p class=\"wp-block-paragraph\">A F\u00f3rmula E viaja a&nbsp;<strong>Berlim<\/strong>&nbsp;para uma rodada dupla entre os dias&nbsp;<strong>1\u00ba e 3 de maio<\/strong>. A disputa, mais uma vez, acontece no&nbsp;<strong>Aeroporto de Tempelhof<\/strong>, em um tra\u00e7ado j\u00e1 tradicional da categoria. O&nbsp;<strong>GRANDE PR\u00caMIO<\/strong>&nbsp;transmite todas as atividades de pista da temporada&nbsp;<strong>AO VIVO<\/strong>&nbsp;e&nbsp;<strong>COM IMAGENS<\/strong>&nbsp;na&nbsp;<strong><a href=\"https:\/\/www.youtube.com\/c\/GrandePremioTV\" target=\"_blank\" rel=\"noreferrer noopener\">GPTV<\/a><\/strong>.<\/p>\n\n\n\n<p class=\"wp-block-paragraph\">\u25b6\ufe0f\u00a0<strong>Inscreva-se nos dois canais do GRANDE PR\u00caMIO no YouTube:\u00a0<a href=\"https:\/\/www.youtube.com\/channel\/UC9OlHEgxoaY6QY6nWPoiqQg?sub_confirmation=1\">GP<\/a>\u00a0|\u00a0<a href=\"https:\/\/www.youtube.com\/channel\/UC9csiS6q_C3C0FYhyr1rnFA?sub_confirmation=1\">GPTV<\/a><\/strong><a href=\"https:\/\/www.grandepremio.com\/br\/chefao\/\" target=\"_blank\" rel=\"noreferrer noopener\"><\/a><a href=\"https:\/\/www.grandepremio.com\/br\/chefao\/\" target=\"_blank\" rel=\"noreferrer noopener\"><\/a><a href=\"https:\/\/www.grandepremio.com\/br\/chefao\/\" target=\"_blank\" rel=\"noreferrer noopener\"><\/a><a href=\"https:\/\/www.grandepremio.com\/br\/chefao\/\" target=\"_blank\" rel=\"noreferrer noopener\"><\/a><a href=\"https:\/\/www.grandepremio.com\/br\/chefao\/\" target=\"_blank\" rel=\"noreferrer noopener\"><\/a><a href=\"https:\/\/www.grandepremio.com\/br\/chefao\/\" target=\"_blank\" rel=\"noreferrer noopener\"><\/a><a href=\"https:\/\/www.grandepremio.com\/br\/chefao\/\" target=\"_blank\" rel=\"noreferrer noopener\"><\/a><a href=\"https:\/\/www.grandepremio.com\/br\/chefao\/\" target=\"_blank\" rel=\"noreferrer noopener\"><\/a><\/p>\n","protected":false},"excerpt":{"rendered":"<p>Opel escolheu Mitch Evans como piloto para liderar projeto na F\u00f3rmula E. Equipe alem\u00e3 chegou a consultar Jake Dennis, mas brit\u00e2nico optou por renovar com Andretti. Th\u00e9o Pourchaire \u00e9 favorito \u00e0 segunda vaga<\/p>\n","protected":false},"author":0,"featured_media":1001049187,"comment_status":"closed","ping_status":"closed","sticky":false,"template":"","format":"standard","meta":{"42wp_featured_image_caption":"","42wp_featured_image_credits":"","42wp_featured_video":"","42wp_featured_image_hidden":false,"42wp_authors_list":[],"footnotes":""},"categories":[19],"tags":[417,25774,28679,6853,840,43531,45540,1491,28285,35442,910,8928,909,357,36219,43337,1940,876,31378,43530,25479,356],"42wp_author":[47164],"class_list":["post-10152","post","type-post","status-publish","format-standard","has-post-thumbnail","hentry","category-formula-e","tag-andretti","tag-antonio-felix-da-costa","tag-calendario-formula-e","tag-classificacao-formula-e","tag-formula-e","tag-formula-e-2026","tag-formula-e-hoje","tag-grande-premio","tag-grandepremio","tag-horarios-formula-e","tag-jaguar","tag-jake-dennis","tag-mitch-evans","tag-mundial-de-endurance","tag-onde-assistir-formula-e","tag-opel","tag-peugeot","tag-sebastien-buemi","tag-stellantis","tag-temporada-2026-da-formula-e","tag-theo-pourchaire","tag-wec","42wp_author-marcos-gil-ribeiro"],"_links":{"self":[{"href":"https:\/\/grandepremio.com\/br\/wp-json\/wp\/v2\/posts\/10152","targetHints":{"allow":["GET"]}}],"collection":[{"href":"https:\/\/grandepremio.com\/br\/wp-json\/wp\/v2\/posts"}],"about":[{"href":"https:\/\/grandepremio.com\/br\/wp-json\/wp\/v2\/types\/post"}],"replies":[{"embeddable":true,"href":"https:\/\/grandepremio.com\/br\/wp-json\/wp\/v2\/comments?post=10152"}],"version-history":[{"count":0,"href":"https:\/\/grandepremio.com\/br\/wp-json\/wp\/v2\/posts\/10152\/revisions"}],"wp:featuredmedia":[{"embeddable":true,"href":"https:\/\/grandepremio.com\/br\/wp-json\/wp\/v2\/media\/1001049187"}],"wp:attachment":[{"href":"https:\/\/grandepremio.com\/br\/wp-json\/wp\/v2\/media?parent=10152"}],"wp:term":[{"taxonomy":"category","embeddable":true,"href":"https:\/\/grandepremio.com\/br\/wp-json\/wp\/v2\/categories?post=10152"},{"taxonomy":"post_tag","embeddable":true,"href":"https:\/\/grandepremio.com\/br\/wp-json\/wp\/v2\/tags?post=10152"},{"taxonomy":"42wp_author","embeddable":true,"href":"https:\/\/grandepremio.com\/br\/wp-json\/wp\/v2\/42wp_author?post=10152"}],"curies":[{"name":"wp","href":"https:\/\/api.w.org\/{rel}","templated":true}]}}