{"id":101533,"date":"2023-07-02T08:09:51","date_gmt":"2023-07-02T11:09:51","guid":{"rendered":"https:\/\/grandepremio.com\/br\/noticias\/gp-da-austria-f1-acontece-temperaturas-amenas-baixo-risco-de-chuva\/"},"modified":"2023-07-02T08:12:37","modified_gmt":"2023-07-02T11:12:37","slug":"gp-da-austria-f1-acontece-temperaturas-amenas-baixo-risco-de-chuva","status":"publish","type":"post","link":"https:\/\/grandepremio.com\/br\/f1\/gp-da-austria-f1-acontece-temperaturas-amenas-baixo-risco-de-chuva\/","title":{"rendered":"GP da \u00c1ustria de F1 acontece com temperaturas amenas e baixo risco de chuva"},"content":{"rendered":"\n<figure class=\"wp-block-embed is-type-video is-provider-youtube wp-block-embed-youtube wp-embed-aspect-16-9 wp-has-aspect-ratio\"><div class=\"wp-block-embed__wrapper\">\n<iframe loading=\"lazy\" title=\"F1 2023 na \u00c1ustria: esquenta e Pr\u00e9-Corrida | Briefing\" width=\"500\" height=\"281\" src=\"https:\/\/www.youtube.com\/embed\/Xtd8NeSB510?feature=oembed\" frameborder=\"0\" allow=\"accelerometer; autoplay; clipboard-write; encrypted-media; gyroscope; picture-in-picture; web-share\" referrerpolicy=\"strict-origin-when-cross-origin\" allowfullscreen><\/iframe>\n<\/div><\/figure>\n\n\n\n<p class=\"wp-block-paragraph\">Depois de mais um <a href=\"https:\/\/www.grandepremio.com\/br\/f1\/noticias\/max-verstappen-confirma-favoritismo-crava-pole-sprint-austria-mercedes-desaba\/\" class=\"ek-link\">s\u00e1bado ca\u00f3tico pela chuva<\/a>, a tend\u00eancia forte \u00e9 de pista totalmente seca neste domingo (2) de <strong>GP da \u00c1ustria.<\/strong> O risco de chuva em <strong>Spielberg <\/strong>despencou em poucas horas e, para o momento da largada, prevista para as 15h locais (10h em Bras\u00edlia), aparece em 22%.<\/p>\n\n\n\n<p class=\"wp-block-paragraph\">Ainda segundo o <strong>Weather Channel,<\/strong> as temperaturas se recuperam da queda brusca que tiveram ontem e voltam aos 23\u00baC. As nuvens seguem presentes, mas bem distantes do peso que tinham no s\u00e1bado de corrida sprint.<\/p>\n\n\n\n<figure class=\"wp-block-image size-large\"><img decoding=\"async\" src=\"https:\/\/www.grandepremio.com\/br\/wp-content\/uploads\/2020\/05\/SI202307010387-scaled-e1688247321454-1024x783.jpg\" alt=\"F1 2023, GP DA \u00c1UTRIA, RED BULL RING, SPRINT, MAX VERSTAPPEN, RED BULL CONTENT POOL\" class=\"wp-image-702995\"\/><figcaption>Max Verstappen venceu sprint da F1 na \u00c1ustria e tamb\u00e9m sai da pole no domingo (Foto: Red Bull Content Pool)<\/figcaption><\/figure>\n\n\n\n<p class=\"wp-block-paragraph\">A umidade caiu muito, o vendo subiu bastante. O vento foi de 3 km\/h para 11 km\/h e pode acabar virando fator em uma pista de muita velocidade. J\u00e1 a umidade desceu de patamares alt\u00edssimos para 57%. O por do sol est\u00e1 previsto para 21h, ou seja, s\u00f3 6h depois do in\u00edcio da prova no <strong>Red Bull Ring<\/strong>.<\/p>\n\n\n\n<p class=\"wp-block-paragraph\"><strong>Max Verstappen,<\/strong> <a href=\"https:\/\/www.grandepremio.com\/br\/f1\/noticias\/max-verstappen-susto-largada-mas-vence-corrida-sprint-caotica-austria\/\" class=\"ek-link\">que j\u00e1 venceu com autoridade<\/a> a <strong>corrida sprint<\/strong>, <a href=\"https:\/\/www.grandepremio.com\/br\/f1\/noticias\/max-verstappen-pole-classificacao-voltas-deletadas-gp-da-austria\/\" class=\"ek-link\">parte da pole tamb\u00e9m na prova<\/a> deste domingo, cercado pelas <strong>Ferrari <\/strong>de <strong>Charles Leclerc<\/strong> e<strong> Carlos Sainz. Lando Norris, Lewis Hamilton, Lance Stroll, Fernando Alonso, Nico H\u00fclkenberg, Pierre Gasly <\/strong>e<strong> Alex Albon<\/strong> fecham o top-10.<\/p>\n\n\n\n<p class=\"wp-block-paragraph\">O\u00a0<strong>GRANDE PR\u00caMIO\u00a0<\/strong>acompanha todas as atividades do fim de semana da<strong>\u00a0<\/strong><a href=\"https:\/\/www.grandepremio.com\/formula-1\/\" target=\"_blank\" rel=\"noreferrer noopener\">F\u00f3rmula 1<\/a>\u00a0na \u00c1ustria\u00a0<strong>AO VIVO<\/strong>\u00a0e\u00a0<strong>EM\u00a0<a href=\"https:\/\/www.grandepremio.com\/br\/ao-vivo\/\" target=\"_blank\" rel=\"noreferrer noopener\">TEMPO REAL<\/a><\/strong>. No sexta-feira, no s\u00e1bado e no domingo, h\u00e1 tamb\u00e9m a segunda tela, em parceria com a\u00a0<strong>Voz do Esporte<\/strong>. A corrida deste domingo est\u00e1 marcada para as 10h (em Bras\u00edlia).<\/p>\n\n\n\n<p class=\"wp-block-paragraph\"><strong>\u25b6\ufe0f\u00a0Inscreva-se nos dois canais do GRANDE PR\u00caMIO no YouTube:\u00a0<a href=\"https:\/\/www.youtube.com\/channel\/UC9OlHEgxoaY6QY6nWPoiqQg?sub_confirmation=1\" target=\"_blank\" rel=\"noreferrer noopener\">GP<\/a>\u00a0|\u00a0<a href=\"https:\/\/www.youtube.com\/channel\/UC9csiS6q_C3C0FYhyr1rnFA?sub_confirmation=1\" target=\"_blank\" rel=\"noreferrer noopener\">GP2<\/a><\/strong><br><strong>\u25b6\ufe0f\u00a0<a href=\"https:\/\/www.twitch.tv\/grandepremio\" target=\"_blank\" rel=\"noreferrer noopener\">Conhe\u00e7a o canal do GRANDE PR\u00caMIO na Twitch clicando aqui!<\/a><\/strong><\/p>\n\n\n\n<figure class=\"wp-block-embed is-type-video is-provider-youtube wp-block-embed-youtube wp-embed-aspect-16-9 wp-has-aspect-ratio\"><div class=\"wp-block-embed__wrapper\">\n<iframe loading=\"lazy\" title=\"F1 2023 na \u00c1ustria: Verstappen SOBRA na chuva da corrida Sprint | Briefing\" width=\"500\" height=\"281\" src=\"https:\/\/www.youtube.com\/embed\/5CzfxElrpyg?feature=oembed\" frameborder=\"0\" allow=\"accelerometer; autoplay; clipboard-write; encrypted-media; gyroscope; picture-in-picture; web-share\" referrerpolicy=\"strict-origin-when-cross-origin\" allowfullscreen><\/iframe>\n<\/div><\/figure>\n","protected":false},"excerpt":{"rendered":"<p>A chuva n\u00e3o deve aparecer na disputa do GP da \u00c1ustria deste domingo. As temperaturas sobem em Spielberg, depois de um s\u00e1bado de frio e de chuva em boa parte do dia<\/p>\n","protected":false},"author":0,"featured_media":1000702673,"comment_status":"closed","ping_status":"closed","sticky":false,"template":"","format":"standard","meta":{"42wp_featured_image_caption":"","42wp_featured_image_credits":"","42wp_featured_video":"","42wp_featured_image_hidden":false,"42wp_authors_list":[],"footnotes":""},"categories":[2],"tags":[309,546,209,5660,969,147,6533,642,160,176,207,30061,180,30722,800,23783,1491,30103,28285,2306,159,485,87,203,82,1117,3724,1645,32087,35536,19348,510,1214,2785,2636,2632,204,1763,3132,4613,2984,2018,34558,35533,35534,35535,2773,18713],"42wp_author":[47117],"class_list":["post-101533","post","type-post","status-publish","format-standard","has-post-thumbnail","hentry","category-f1","tag-aston-martin","tag-carlos-sainz","tag-charles-leclerc","tag-classificacao","tag-corrida","tag-f1","tag-f1-2023","tag-f1-ao-vivo","tag-f1-tv","tag-fernando-alonso","tag-ferrari","tag-fomula-1","tag-formula-1","tag-formula-1-2023","tag-george-russell","tag-gp-da-austria","tag-grande-premio","tag-grande-premio-f1","tag-grandepremio","tag-grid-de-largada","tag-horarios-da-f1","tag-lance-stroll","tag-lewis-hamilton","tag-max-verstappen","tag-mercedes","tag-mundial-de-construtores","tag-mundial-de-f1","tag-mundial-de-pilotos","tag-onde-assistir","tag-onde-assistir-ao-gp-da-austria-de-f1-2023","tag-podio","tag-pole","tag-pole-position","tag-q1","tag-q2","tag-q3","tag-red-bull","tag-red-bull-ring","tag-sergio-perez","tag-spielberg","tag-sprint","tag-sprint-race","tag-sprint-shootout","tag-sq1","tag-sq2","tag-sq3","tag-vencedor","tag-vitoria","42wp_author-gabriel-curty"],"_links":{"self":[{"href":"https:\/\/grandepremio.com\/br\/wp-json\/wp\/v2\/posts\/101533","targetHints":{"allow":["GET"]}}],"collection":[{"href":"https:\/\/grandepremio.com\/br\/wp-json\/wp\/v2\/posts"}],"about":[{"href":"https:\/\/grandepremio.com\/br\/wp-json\/wp\/v2\/types\/post"}],"replies":[{"embeddable":true,"href":"https:\/\/grandepremio.com\/br\/wp-json\/wp\/v2\/comments?post=101533"}],"version-history":[{"count":0,"href":"https:\/\/grandepremio.com\/br\/wp-json\/wp\/v2\/posts\/101533\/revisions"}],"wp:featuredmedia":[{"embeddable":true,"href":"https:\/\/grandepremio.com\/br\/wp-json\/wp\/v2\/media\/1000702673"}],"wp:attachment":[{"href":"https:\/\/grandepremio.com\/br\/wp-json\/wp\/v2\/media?parent=101533"}],"wp:term":[{"taxonomy":"category","embeddable":true,"href":"https:\/\/grandepremio.com\/br\/wp-json\/wp\/v2\/categories?post=101533"},{"taxonomy":"post_tag","embeddable":true,"href":"https:\/\/grandepremio.com\/br\/wp-json\/wp\/v2\/tags?post=101533"},{"taxonomy":"42wp_author","embeddable":true,"href":"https:\/\/grandepremio.com\/br\/wp-json\/wp\/v2\/42wp_author?post=101533"}],"curies":[{"name":"wp","href":"https:\/\/api.w.org\/{rel}","templated":true}]}}