{"id":101535,"date":"2023-07-02T07:24:19","date_gmt":"2023-07-02T10:24:19","guid":{"rendered":"https:\/\/grandepremio.com\/br\/noticias\/frederik-vesti-vantagem-theo-pourchaire-3o-austria-classificacao-f2-2023\/"},"modified":"2023-07-02T07:25:08","modified_gmt":"2023-07-02T10:25:08","slug":"frederik-vesti-vantagem-theo-pourchaire-3o-austria-classificacao-f2-2023","status":"publish","type":"post","link":"https:\/\/grandepremio.com\/br\/f2\/frederik-vesti-vantagem-theo-pourchaire-3o-austria-classificacao-f2-2023\/","title":{"rendered":"Vesti amplia vantagem para Pourchaire com 3\u00ba na \u00c1ustria. Confira classifica\u00e7\u00e3o da F2 2023"},"content":{"rendered":"\n<figure class=\"wp-block-embed is-type-video is-provider-youtube wp-block-embed-youtube wp-embed-aspect-16-9 wp-has-aspect-ratio\"><div class=\"wp-block-embed__wrapper\">\n<iframe loading=\"lazy\" title=\"\u00daltima chance para o t\u00edtulo da F2 2023: A fase europeia chegou! | GP \u00e0s 10\" width=\"500\" height=\"281\" src=\"https:\/\/www.youtube.com\/embed\/TK_5wF9DKYA?feature=oembed\" frameborder=\"0\" allow=\"accelerometer; autoplay; clipboard-write; encrypted-media; gyroscope; picture-in-picture; web-share\" referrerpolicy=\"strict-origin-when-cross-origin\" allowfullscreen><\/iframe>\n<\/div><\/figure>\n\n\n\n<p class=\"wp-block-paragraph\"><strong>Frederik Vesti <\/strong>pode ter sa\u00eddo do<strong> Red Bull Ring <\/strong>com um sabor agridoce por perder uma vit\u00f3ria que parecia certa na corrida 2 da etapa da <strong>\u00c1ustria<\/strong>, mas o p\u00f3dio foi suficiente para deixar o piloto da Prema com ainda mais vantagem sobre <strong>Th\u00e9o Pourchaire <\/strong>na classifica\u00e7\u00e3o. Ambos n\u00e3o marcaram pontos na sprint, mas como o piloto da <strong>ART <\/strong>foi apenas o s\u00e9timo, Vesti agora soma 125 contra 105 do rival franc\u00eas.<\/p>\n\n\n\n<p class=\"wp-block-paragraph\"><strong>Ayumu Iwasa <\/strong>se valeu da estrat\u00e9gia favorecida pelo safety-car no momento certo na prova realizada neste domingo (2) e completou em segundo. O piloto da <strong>DAMS <\/strong>ainda levou o ponto da volta mais r\u00e1pida, totalizando 19 e chegando aos 101, apenas quatro a menos que Pourchaire na tabela.<\/p>\n\n\n\n<p class=\"wp-block-paragraph\"><strong>\u25b6\ufe0f\u00a0Inscreva-se nos dois canais do GRANDE PR\u00caMIO no YouTube:\u00a0<a href=\"https:\/\/www.youtube.com\/channel\/UC9OlHEgxoaY6QY6nWPoiqQg?sub_confirmation=1\" target=\"_blank\" rel=\"noreferrer noopener\">GP<\/a>\u00a0|\u00a0<a href=\"https:\/\/www.youtube.com\/channel\/UC9csiS6q_C3C0FYhyr1rnFA?sub_confirmation=1\" target=\"_blank\" rel=\"noreferrer noopener\">GP2<\/a><\/strong><br><strong>\u25b6\ufe0f\u00a0<a href=\"https:\/\/www.twitch.tv\/grandepremio\" target=\"_blank\" rel=\"noreferrer noopener\">Conhe\u00e7a o canal do GRANDE PR\u00caMIO na Twitch clicando aqui!<\/a><\/strong><\/p>\n\n\n\n<figure class=\"wp-block-image size-full\"><img decoding=\"async\" src=\"https:\/\/www.grandepremio.com\/br\/wp-content\/uploads\/2023\/03\/Vesti-Bahrein.jpg\" alt=\"\" class=\"wp-image-659533\"\/><figcaption>Frederick Vesti permanece na lideran\u00e7a da F2 2023 (Foto: F2)<\/figcaption><\/figure>\n\n\n\n<p class=\"wp-block-paragraph\"><strong>Oliver Bearman <\/strong>manteve o quarto posto com os 11 tentos anotados na rodada austr\u00edaca, enquanto <strong>Richard Verschoor<\/strong>, vencedor da corrida principal, subiu uma posi\u00e7\u00e3o no campeonato com os 25 pontos conquistados, chegando a 75.<\/p>\n\n\n\n<p class=\"wp-block-paragraph\"><strong>Dennis Hauger<\/strong> ficou apenas com os tr\u00eas tentos conquistados na sprint e agora \u00e9 o sexto, \u00e0 frente de <strong>Enzo Fittipaldi<\/strong>, que acabou n\u00e3o dando sorte com a interven\u00e7\u00e3o do carro de seguran\u00e7a na corrida de domingo, mas conseguiu boa recupera\u00e7\u00e3o nas voltas finais, cruzando a linha de chegada na sexta posi\u00e7\u00e3o.<\/p>\n\n\n\n<p class=\"wp-block-paragraph\">Pole-position, <strong>Victor Martins<\/strong> n\u00e3o teve o melhor dos finais de semana, mas os 11 pontos somados em Spielberg o ajudaram a pular de d\u00e9cimo para oitavo na classifica\u00e7\u00e3o. <strong>Jack Doohan<\/strong> tamb\u00e9m escalou a tabela e agora \u00e9 o nono, com <strong>Kush Maini<\/strong> caindo para o d\u00e9cimo posto ap\u00f3s sair da \u00c1ustria zerado.<\/p>\n\n\n\n<p class=\"wp-block-paragraph\">Entre as equipes, a <strong>Prema <\/strong>j\u00e1 coloca 45 pontos de frente sobre a <strong>ART<\/strong>, enquanto a <strong>DAMS <\/strong>\u00e9 a terceira colocada. <\/p>\n\n\n\n<p class=\"wp-block-paragraph\">A\u00a0<a href=\"https:\/\/www.grandepremio.com\/br\/f2\/\" target=\"_blank\" rel=\"noreferrer noopener\">F\u00f3rmula 2<\/a>\u00a0volta j\u00e1 no pr\u00f3ximo final de semana, de 7 a 9 de julho, para a disputa da etapa da\u00a0<strong>Inglaterra<\/strong>, em\u00a0<strong><a href=\"https:\/\/www.grandepremio.com\/br\/circuito\/silverstone\/\" target=\"_blank\" rel=\"noreferrer noopener\">Silverstone<\/a><\/strong>. O\u00a0<strong>GRANDE PR\u00caMIO<\/strong>\u00a0acompanha todas as atividades da temporada 2023.<\/p>\n\n\n\n<p class=\"wp-block-paragraph\"><strong>F\u00f3rmula 2 2023, classifica\u00e7\u00e3o ap\u00f3s sete etapas:<\/strong><\/p>\n\n\n\n<figure class=\"wp-block-table\"><table><tbody><tr><td>&nbsp;<\/td><td>&nbsp;<\/td><td>&nbsp;<\/td><td>&nbsp;<\/td><td>Poles<\/td><td>Vit\u00f3rias<\/td><td>PONTOS<\/td><\/tr><tr><td>1<\/td><td>F VESTI<\/td><td>&nbsp;<\/td><td>Prema<\/td><td>1<\/td><td>3<\/td><td>125<\/td><\/tr><tr><td>2<\/td><td>T POURCHAIRE<\/td><td>&nbsp;<\/td><td>ART<\/td><td>1<\/td><td>1<\/td><td>105<\/td><\/tr><tr><td>3<\/td><td>A IWASA<\/td><td>&nbsp;<\/td><td>DAMS<\/td><td>1<\/td><td>3<\/td><td>101<\/td><\/tr><tr><td>4<\/td><td>O BEARMAN<\/td><td>&nbsp;<\/td><td>Prema<\/td><td>2<\/td><td>3<\/td><td>81<\/td><\/tr><tr><td>5<\/td><td>R VERSCHOOR<\/td><td>&nbsp;<\/td><td>Van Amersfoort<\/td><td>0<\/td><td>1<\/td><td>75<\/td><\/tr><tr><td>6<\/td><td>D HAUGER<\/td><td>&nbsp;<\/td><td>MP<\/td><td>0<\/td><td>1<\/td><td>60<\/td><\/tr><tr><td>7<\/td><td>E FITTIPALDI<\/td><td>&nbsp;<\/td><td>Carlin<\/td><td>0<\/td><td>0<\/td><td>57<\/td><\/tr><tr><td>8<\/td><td>V MARTINS<\/td><td>&nbsp;<\/td><td>ART<\/td><td>2<\/td><td>0<\/td><td>56<\/td><\/tr><tr><td>9<\/td><td>J DOOHAN<\/td><td>&nbsp;<\/td><td>Virtuosi<\/td><td>0<\/td><td>0<\/td><td>54<\/td><\/tr><tr><td>10<\/td><td>K MAINI<\/td><td>&nbsp;<\/td><td>Campos<\/td><td>0<\/td><td>0<\/td><td>49<\/td><\/tr><tr><td>11<\/td><td>Z MALONEY<\/td><td>&nbsp;<\/td><td>Carlin<\/td><td>0<\/td><td>0<\/td><td>48<\/td><\/tr><tr><td>12<\/td><td>J DARUVALA<\/td><td>&nbsp;<\/td><td>MP<\/td><td>0<\/td><td>0<\/td><td>41<\/td><\/tr><tr><td>13<\/td><td>J CRAWFORD<\/td><td>&nbsp;<\/td><td>Hitech<\/td><td>0<\/td><td>1<\/td><td>38<\/td><\/tr><tr><td>14<\/td><td>A LECLERC<\/td><td>&nbsp;<\/td><td>DAMS<\/td><td>0<\/td><td>0<\/td><td>36<\/td><\/tr><tr><td>15<\/td><td>R BOSCHUNG<\/td><td>&nbsp;<\/td><td>Campos<\/td><td>0<\/td><td>1<\/td><td>33<\/td><\/tr><tr><td>16<\/td><td>I HADJAR<\/td><td>&nbsp;<\/td><td>Hitech<\/td><td>0<\/td><td>0<\/td><td>24<\/td><\/tr><tr><td>17<\/td><td>R STANEK<\/td><td>&nbsp;<\/td><td>Trident<\/td><td>0<\/td><td>0<\/td><td>11<\/td><\/tr><tr><td>18<\/td><td>J CORREA<\/td><td>&nbsp;<\/td><td>Van Amersfoort<\/td><td>0<\/td><td>0<\/td><td>10<\/td><\/tr><tr><td>19<\/td><td>C NOVALAK<\/td><td>&nbsp;<\/td><td>Trident<\/td><td>0<\/td><td>0<\/td><td>2<\/td><\/tr><tr><td>20<\/td><td>A CORDEEL<\/td><td>&nbsp;<\/td><td>Virtuosi<\/td><td>0<\/td><td>0<\/td><td>0<\/td><\/tr><tr><td>21<\/td><td>R NISSANY<\/td><td>&nbsp;<\/td><td>PHM<\/td><td>0<\/td><td>0<\/td><td>0<\/td><\/tr><tr><td>22<\/td><td>B BENAVIDES<\/td><td>&nbsp;<\/td><td>PHM<\/td><td>0<\/td><td>0<\/td><td>0<\/td><\/tr><\/tbody><\/table><\/figure>\n","protected":false},"excerpt":{"rendered":"<p>Frederik Vesti foi ao p\u00f3dio na corrida principal da etapa da \u00c1ustria e ampliou a vantagem sobre Th\u00e9o Pourchaire para 20 pontos. Confira a classifica\u00e7\u00e3o da F2 2023<\/p>\n","protected":false},"author":0,"featured_media":1000703079,"comment_status":"closed","ping_status":"closed","sticky":false,"template":"","format":"standard","meta":{"42wp_featured_image_caption":"","42wp_featured_image_credits":"","42wp_featured_video":"","42wp_featured_image_hidden":false,"42wp_authors_list":[],"footnotes":""},"categories":[9],"tags":[30624,6086,33170,3158,30246,25741,1581,409,29651,2208,1318,1491,596,2971,107,32107,4606,29923,32749,349,2205,26543,799,31651,25479,2204,33975,486,30312,28107],"42wp_author":[47147],"class_list":["post-101535","post","type-post","status-publish","format-standard","has-post-thumbnail","hentry","category-f2","tag-amaury-cordeel","tag-art","tag-brad-benavides","tag-campos","tag-classificacao-f2","tag-clement-novalak","tag-dennis-hauger","tag-enzo-fittipaldi","tag-f2-2022","tag-formula-2","tag-frederik-vesti","tag-grande-premio","tag-jack-doohan","tag-jehan-daruvala","tag-juan-manuel-correa","tag-kush-maini","tag-mp","tag-oliver-bearman","tag-phm","tag-prema","tag-ralph-boschung","tag-roman-stanek","tag-roy-nissany","tag-temporada-2022-f2","tag-theo-pourchaire","tag-trident","tag-van-amersfoot","tag-victor-martins","tag-virtuosi","tag-zane-maloney","42wp_author-luana-marino"],"_links":{"self":[{"href":"https:\/\/grandepremio.com\/br\/wp-json\/wp\/v2\/posts\/101535","targetHints":{"allow":["GET"]}}],"collection":[{"href":"https:\/\/grandepremio.com\/br\/wp-json\/wp\/v2\/posts"}],"about":[{"href":"https:\/\/grandepremio.com\/br\/wp-json\/wp\/v2\/types\/post"}],"replies":[{"embeddable":true,"href":"https:\/\/grandepremio.com\/br\/wp-json\/wp\/v2\/comments?post=101535"}],"version-history":[{"count":0,"href":"https:\/\/grandepremio.com\/br\/wp-json\/wp\/v2\/posts\/101535\/revisions"}],"wp:featuredmedia":[{"embeddable":true,"href":"https:\/\/grandepremio.com\/br\/wp-json\/wp\/v2\/media\/1000703079"}],"wp:attachment":[{"href":"https:\/\/grandepremio.com\/br\/wp-json\/wp\/v2\/media?parent=101535"}],"wp:term":[{"taxonomy":"category","embeddable":true,"href":"https:\/\/grandepremio.com\/br\/wp-json\/wp\/v2\/categories?post=101535"},{"taxonomy":"post_tag","embeddable":true,"href":"https:\/\/grandepremio.com\/br\/wp-json\/wp\/v2\/tags?post=101535"},{"taxonomy":"42wp_author","embeddable":true,"href":"https:\/\/grandepremio.com\/br\/wp-json\/wp\/v2\/42wp_author?post=101535"}],"curies":[{"name":"wp","href":"https:\/\/api.w.org\/{rel}","templated":true}]}}