{"id":101554,"date":"2023-07-01T16:23:10","date_gmt":"2023-07-01T19:23:10","guid":{"rendered":"https:\/\/grandepremio.com\/br\/noticias\/lance-stroll-pede-mudancas-critica-spa-morte-dilano-van-t-hoff-dois-pilotos-cinco-anos\/"},"modified":"2023-07-01T18:52:39","modified_gmt":"2023-07-01T21:52:39","slug":"lance-stroll-pede-mudancas-critica-spa-morte-dilano-van-t-hoff-dois-pilotos-cinco-anos","status":"publish","type":"post","link":"https:\/\/grandepremio.com\/br\/f1\/lance-stroll-pede-mudancas-critica-spa-morte-dilano-van-t-hoff-dois-pilotos-cinco-anos\/","title":{"rendered":"Stroll pede mudan\u00e7as e critica Spa ap\u00f3s morte de Van &#8216;t Hoff: &#8220;Dois pilotos em cinco anos&#8221;"},"content":{"rendered":"\n<figure class=\"wp-block-embed is-type-video is-provider-youtube wp-block-embed-youtube wp-embed-aspect-16-9 wp-has-aspect-ratio\"><div class=\"wp-block-embed__wrapper\">\n<iframe loading=\"lazy\" title=\"F1 2023 na \u00c1ustria: Verstappen SOBRA na chuva da corrida Sprint | Briefing\" width=\"500\" height=\"281\" src=\"https:\/\/www.youtube.com\/embed\/5CzfxElrpyg?feature=oembed\" frameborder=\"0\" allow=\"accelerometer; autoplay; clipboard-write; encrypted-media; gyroscope; picture-in-picture; web-share\" referrerpolicy=\"strict-origin-when-cross-origin\" allowfullscreen><\/iframe>\n<\/div><\/figure>\n\n\n\n<p class=\"wp-block-paragraph\">A seguran\u00e7a do circuito de <strong>Spa-Francorchamps<\/strong> voltou a ser um debate entre os pilotos neste s\u00e1bado (1), depois que <strong>Dilano Van &#8216;t Hoff<\/strong>, piloto da <strong>MP<\/strong> na <strong>FRECA<\/strong>, <a aria-label=\"sofreu um acidente fatal em uma prova da categoria (opens in a new tab)\" href=\"https:\/\/www.grandepremio.com\/br\/freca\/noticias\/dilano-van-t-hoff-morre-18-anos-acidente-corrida-2-freca-belgica\/\" target=\"_blank\" rel=\"noreferrer noopener\" class=\"ek-link\">sofreu um acidente fatal em uma prova da categoria<\/a>. O acidente aconteceu na sa\u00edda da sequ\u00eancia <strong>Eau Rouge-Radillon<\/strong>, de forma similar ao que tirou a vida de <strong>Anthoine Hubert<\/strong> na <strong>F\u00f3rmula 2<\/strong> em 2019. Por isso, <strong>Lance Stroll<\/strong> pediu mudan\u00e7as no circuito para aumentar a seguran\u00e7a dos pilotos.<\/p>\n\n\n\n<p class=\"wp-block-paragraph\">No meio do tr\u00e1fego, Van \u2018t Hoff colidiu com um muro de prote\u00e7\u00e3o e voltou \u00e0 pista, ficando atravessado na reta Kemmel \u2014 que sucede justamente a veloz combina\u00e7\u00e3o de curvas Eau Rouge e Radillon. <strong>Adam Fitzgerald<\/strong>, que vinha em alta velocidade e n\u00e3o conseguiu desviar do colega, acabou o atingindo na lateral.<\/p>\n\n\n\n<p class=\"wp-block-paragraph\"><strong>\u25b6\ufe0f\u00a0<a href=\"https:\/\/www.twitch.tv\/grandepremio\" target=\"_blank\" rel=\"noreferrer noopener\">Conhe\u00e7a o canal do GRANDE PR\u00caMIO na Twitch clicando aqui!<\/a><\/strong><\/p>\n\n\n\n<figure class=\"wp-block-video\"><video class=\"video-js vjs-big-play-centered\" data-gp-vjs=\"1\" controls poster=\"https:\/\/www.grandepremio.com\/br\/wp-content\/uploads\/2023\/07\/Acidente-Dilano-FRECA-Spa-poster-1.jpeg\" src=\"https:\/\/www.grandepremio.com\/br\/wp-content\/uploads\/2023\/07\/Acidente-Dilano-FRECA-Spa.mp4\"><\/video><\/figure>\n\n\n\n<p class=\"wp-block-paragraph\"><strong>\u25b6\ufe0f\u00a0Inscreva-se nos dois canais do GRANDE PR\u00caMIO no YouTube:\u00a0<a href=\"https:\/\/www.youtube.com\/channel\/UC9OlHEgxoaY6QY6nWPoiqQg?sub_confirmation=1\" target=\"_blank\" rel=\"noreferrer noopener\">GP<\/a>\u00a0|\u00a0<a href=\"https:\/\/www.youtube.com\/channel\/UC9csiS6q_C3C0FYhyr1rnFA?sub_confirmation=1\" target=\"_blank\" rel=\"noreferrer noopener\">GP2<\/a><\/strong><\/p>\n\n\n\n<p class=\"wp-block-paragraph\">Sabendo do alto risco que os pilotos est\u00e3o sujeitos ao competirem no circuito belga, Stroll clamou por mudan\u00e7as eficazes em uma das pistas mais tradicionais do esporte a motor.<\/p>\n\n\n\n<p class=\"wp-block-paragraph\">\u201cParte meu cora\u00e7\u00e3o o que aconteceu. Acho que a Eau Rouge, em Spa, precisa de alguma aten\u00e7\u00e3o, porque perdemos dois pilotos em um per\u00edodo de quatro ou cinco anos. \u00c9 uma curva muito perigosa e dizemos isso todos os anos, n\u00e3o \u00e9 justo o que aconteceu hoje\u201d, seguiu. \u201cEssa curva tem de mudar. \u00c9 muito perigosa. Acho que, toda vez que passamos por l\u00e1, \u00e9 um acidente esperando para acontecer. Hoje aconteceu de novo e perdemos um garoto, e isso n\u00e3o \u00e9 justo\u201d, bradou.<\/p>\n\n\n\n<p class=\"wp-block-paragraph\">O trecho chegou a passar por reformas recentemente, justamente para evitar que os carros voltassem para o meio da pista &#8211; como aconteceu com Van &#8216;t Hoff e Hubert. No entanto, na busca por seguran\u00e7a, ainda h\u00e1 a necessidade de altera\u00e7\u00f5es no trecho \u2014 e Stroll espera que isso aconte\u00e7a o mais r\u00e1pido poss\u00edvel.<\/p>\n\n\n\n<p class=\"wp-block-paragraph\">\u201cS\u00e3o dois pilotos [mortos] em cinco anos. Esse ponto precisa de algumas mudan\u00e7as&#8221;, repetiu. &#8220;S\u00f3 queria dizer isso em voz alta antes de entrar na minha corrida, porque isso est\u00e1 na minha mente hoje. \u00c9 um dia triste para o esporte a motor\u201d, finalizou.<\/p>\n\n\n\n<p class=\"wp-block-paragraph\">O&nbsp;<strong>GRANDE PR\u00caMIO&nbsp;<\/strong>acompanha todas as atividades do fim de semana da<strong>&nbsp;<\/strong><a href=\"https:\/\/www.grandepremio.com\/formula-1\/\" target=\"_blank\" rel=\"noreferrer noopener\">F\u00f3rmula 1<\/a>&nbsp;na \u00c1ustria&nbsp;<strong>AO VIVO<\/strong>&nbsp;e&nbsp;<strong>EM&nbsp;<a href=\"https:\/\/www.grandepremio.com\/br\/ao-vivo\/\" target=\"_blank\" rel=\"noreferrer noopener\">TEMPO REAL<\/a><\/strong>. No sexta-feira, no s\u00e1bado e no domingo, h\u00e1 tamb\u00e9m a segunda tela, em parceria com a&nbsp;<strong>Voz do Esporte<\/strong>. A corrida deste domingo est\u00e1 marcada para as 10h (em Bras\u00edlia).<\/p>\n","protected":false},"excerpt":{"rendered":"<p>Lance Stroll n\u00e3o conteve sua frustra\u00e7\u00e3o ao saber do acidente fatal de Dilano van &#8216;t Hoff em Spa e clamou por mudan\u00e7as no tra\u00e7ado do famoso circuito belga<\/p>\n","protected":false},"author":0,"featured_media":1000702191,"comment_status":"closed","ping_status":"closed","sticky":false,"template":"","format":"standard","meta":{"42wp_featured_image_caption":"","42wp_featured_image_credits":"","42wp_featured_video":"","42wp_featured_image_hidden":false,"42wp_authors_list":[],"footnotes":""},"categories":[2],"tags":[309,147,35558,1491,28285,485,1306,108,13632],"42wp_author":[47149],"class_list":["post-101554","post","type-post","status-publish","format-standard","has-post-thumbnail","hentry","category-f1","tag-aston-martin","tag-f1","tag-gp-belgica","tag-grande-premio","tag-grandepremio","tag-lance-stroll","tag-mp-motorsport","tag-spa-francorchamps","tag-stroll","42wp_author-bernardo-castro"],"_links":{"self":[{"href":"https:\/\/grandepremio.com\/br\/wp-json\/wp\/v2\/posts\/101554","targetHints":{"allow":["GET"]}}],"collection":[{"href":"https:\/\/grandepremio.com\/br\/wp-json\/wp\/v2\/posts"}],"about":[{"href":"https:\/\/grandepremio.com\/br\/wp-json\/wp\/v2\/types\/post"}],"replies":[{"embeddable":true,"href":"https:\/\/grandepremio.com\/br\/wp-json\/wp\/v2\/comments?post=101554"}],"version-history":[{"count":0,"href":"https:\/\/grandepremio.com\/br\/wp-json\/wp\/v2\/posts\/101554\/revisions"}],"wp:featuredmedia":[{"embeddable":true,"href":"https:\/\/grandepremio.com\/br\/wp-json\/wp\/v2\/media\/1000702191"}],"wp:attachment":[{"href":"https:\/\/grandepremio.com\/br\/wp-json\/wp\/v2\/media?parent=101554"}],"wp:term":[{"taxonomy":"category","embeddable":true,"href":"https:\/\/grandepremio.com\/br\/wp-json\/wp\/v2\/categories?post=101554"},{"taxonomy":"post_tag","embeddable":true,"href":"https:\/\/grandepremio.com\/br\/wp-json\/wp\/v2\/tags?post=101554"},{"taxonomy":"42wp_author","embeddable":true,"href":"https:\/\/grandepremio.com\/br\/wp-json\/wp\/v2\/42wp_author?post=101554"}],"curies":[{"name":"wp","href":"https:\/\/api.w.org\/{rel}","templated":true}]}}