{"id":101560,"date":"2023-07-01T14:59:12","date_gmt":"2023-07-01T17:59:12","guid":{"rendered":"https:\/\/grandepremio.com\/br\/noticias\/lance-stroll-exalta-batalha-divertida-fernando-alonso-corrida-emocionante-austria\/"},"modified":"2023-07-01T15:00:16","modified_gmt":"2023-07-01T18:00:16","slug":"lance-stroll-exalta-batalha-divertida-fernando-alonso-corrida-emocionante-austria","status":"publish","type":"post","link":"https:\/\/grandepremio.com\/br\/f1\/lance-stroll-exalta-batalha-divertida-fernando-alonso-corrida-emocionante-austria\/","title":{"rendered":"Stroll exalta &#8220;batalha divertida&#8221; com Alonso em sprint &#8220;emocionante&#8221; na \u00c1ustria"},"content":{"rendered":"\n<p class=\"wp-block-paragraph\"><strong>Lance Stroll <\/strong>teve uma grande performance na corrida sprint deste s\u00e1bado (1\u00ba). <a href=\"https:\/\/www.grandepremio.com\/br\/f1\/noticias\/max-verstappen-susto-largada-mas-vence-corrida-sprint-caotica-austria\/\" class=\"ek-link\">O quarto lugar<\/a> na <strong>\u00c1ustria<\/strong> igualou seu melhor resultado na temporada 2023 da <strong>F1<\/strong>, quando tamb\u00e9m chegou nesta mesma posi\u00e7\u00e3o, s\u00f3 que em <strong>Melbourne<\/strong>.<\/p>\n\n\n\n<p class=\"wp-block-paragraph\">O canadense, inclusive, bateu roda com <strong>Fernando Alonso<\/strong> e levou a melhor, algo longe de ser corriqueiro neste ano. Ao fim das 24 voltas no <strong>Red Bull Ring<\/strong>, Lance fez uma an\u00e1lise da corrida, exaltando a batalha com o companheiro de <strong>Aston Martin<\/strong>.<\/p>\n\n\n\n<p class=\"wp-block-paragraph\">&#8220;Foi divertido [disputa com Alonso], foi uma corrida bastante emocionante. Ganhamos algumas posi\u00e7\u00f5es no come\u00e7o, embora as condi\u00e7\u00f5es de pista estavam complicadas. Por isso, meus pneus foram acabando e Fernando fez um melhor gerenciamento que o meu. Mas foi um bom resultado para a equipe&#8221;, disse.<\/p>\n\n\n\n<figure class=\"wp-block-image size-large\"><img decoding=\"async\" src=\"https:\/\/www.grandepremio.com\/br\/wp-content\/uploads\/2023\/07\/f1-2023-austria-sprint-astonmartin-111-683x1024.jpg\" alt=\"\" class=\"wp-image-702700\"\/><figcaption>Stroll cobrou investiga\u00e7\u00e3o s\u00e9ria sobre a seguran\u00e7a de Spa-Francorchamps ap\u00f3s a morte de Dilano van &#8216;t Hoff (Foto: Aston Martin)<\/figcaption><\/figure>\n\n\n\n<p class=\"wp-block-paragraph\">Mas o que fica para Stroll no fim de semana na \u00c1ustria \u00e9 a lamenta\u00e7\u00e3o. O canadense sentiu bastante a morte de <strong>Dilano van\u2018t Hoff<\/strong>, de apenas 18 anos, que morreu pouco antes da sprint ap\u00f3s se envolver num forte acidente com\u00a0<strong>Adam Fitzgerald<\/strong>, durante a corrida da <strong>FRECA<\/strong> em <strong>Spa-Francorchamps<\/strong>. Lance cobrou provid\u00eancias sobre seguran\u00e7a e pediu melhorias no circuito, sobretudo na <strong>Eau Rouge<\/strong>, a curva mais perigosa da pista. <\/p>\n\n\n\n<p class=\"wp-block-paragraph\"><strong>\u25b6\ufe0f\u00a0Inscreva-se nos dois canais do GRANDE PR\u00caMIO no YouTube:\u00a0<a href=\"https:\/\/www.youtube.com\/channel\/UC9OlHEgxoaY6QY6nWPoiqQg?sub_confirmation=1\" target=\"_blank\" rel=\"noreferrer noopener\">GP<\/a>\u00a0|\u00a0<a href=\"https:\/\/www.youtube.com\/channel\/UC9csiS6q_C3C0FYhyr1rnFA?sub_confirmation=1\" target=\"_blank\" rel=\"noreferrer noopener\">GP2<\/a><\/strong><br><strong>\u25b6\ufe0f\u00a0<a href=\"https:\/\/www.twitch.tv\/grandepremio\" target=\"_blank\" rel=\"noreferrer noopener\">Conhe\u00e7a o canal do GRANDE PR\u00caMIO na Twitch clicando aqui!<\/a><\/strong><\/p>\n\n\n\n<p class=\"wp-block-paragraph\">&#8220;N\u00e3o \u00e9 justo o que aconteceu hoje, dia tr\u00e1gico, perdemos um garoto. Isso partiu meu cora\u00e7\u00e3o e quero que todos ponham a m\u00e3o na consci\u00eancia sobre isso. Esta quest\u00e3o precisa ser investigada pois \u00e9 o segundo piloto que morre nesta pista nos \u00faltimos 4 anos. Tem que haver mudan\u00e7as&#8221;, completou.<\/p>\n\n\n\n<p class=\"wp-block-paragraph\">O\u00a0<strong>GRANDE PR\u00caMIO\u00a0<\/strong>acompanha todas as atividades do fim de semana da<strong>\u00a0<\/strong><a href=\"https:\/\/www.grandepremio.com\/formula-1\/\" target=\"_blank\" rel=\"noreferrer noopener\">F\u00f3rmula 1<\/a>\u00a0na \u00c1ustria\u00a0<strong>AO VIVO<\/strong>\u00a0e\u00a0<strong>EM\u00a0<a href=\"https:\/\/www.grandepremio.com\/br\/ao-vivo\/\" target=\"_blank\" rel=\"noreferrer noopener\">TEMPO REAL<\/a><\/strong>. No sexta-feira, no s\u00e1bado e no domingo, h\u00e1 tamb\u00e9m a segunda tela, em parceria com a\u00a0<strong>Voz do Esporte<\/strong>. A corrida deste domingo est\u00e1 marcada para as 10h (em Bras\u00edlia).<\/p>\n","protected":false},"excerpt":{"rendered":"<p>O canadense da Aston Martin comemorou demais o resultado deste s\u00e1bado no Red Bull Ring. Por outro lado, lamentou a morte de Dilano van &#8216;t Hoff e cobrou mais seguran\u00e7a na pista em Spa-Francorchamps<\/p>\n","protected":false},"author":0,"featured_media":1000702706,"comment_status":"closed","ping_status":"closed","sticky":false,"template":"","format":"standard","meta":{"42wp_featured_image_caption":"","42wp_featured_image_credits":"","42wp_featured_video":"","42wp_featured_image_hidden":false,"42wp_authors_list":[],"footnotes":""},"categories":[2],"tags":[35550,3860,6533,180,30722,28105,485,108],"42wp_author":[47128],"class_list":["post-101560","post","type-post","status-publish","format-standard","has-post-thumbnail","hentry","category-f1","tag-dilano-van-t-hoff","tag-eau-rouge","tag-f1-2023","tag-formula-1","tag-formula-1-2023","tag-freca","tag-lance-stroll","tag-spa-francorchamps","42wp_author-guilherme-bloisi"],"_links":{"self":[{"href":"https:\/\/grandepremio.com\/br\/wp-json\/wp\/v2\/posts\/101560","targetHints":{"allow":["GET"]}}],"collection":[{"href":"https:\/\/grandepremio.com\/br\/wp-json\/wp\/v2\/posts"}],"about":[{"href":"https:\/\/grandepremio.com\/br\/wp-json\/wp\/v2\/types\/post"}],"replies":[{"embeddable":true,"href":"https:\/\/grandepremio.com\/br\/wp-json\/wp\/v2\/comments?post=101560"}],"version-history":[{"count":0,"href":"https:\/\/grandepremio.com\/br\/wp-json\/wp\/v2\/posts\/101560\/revisions"}],"wp:featuredmedia":[{"embeddable":true,"href":"https:\/\/grandepremio.com\/br\/wp-json\/wp\/v2\/media\/1000702706"}],"wp:attachment":[{"href":"https:\/\/grandepremio.com\/br\/wp-json\/wp\/v2\/media?parent=101560"}],"wp:term":[{"taxonomy":"category","embeddable":true,"href":"https:\/\/grandepremio.com\/br\/wp-json\/wp\/v2\/categories?post=101560"},{"taxonomy":"post_tag","embeddable":true,"href":"https:\/\/grandepremio.com\/br\/wp-json\/wp\/v2\/tags?post=101560"},{"taxonomy":"42wp_author","embeddable":true,"href":"https:\/\/grandepremio.com\/br\/wp-json\/wp\/v2\/42wp_author?post=101560"}],"curies":[{"name":"wp","href":"https:\/\/api.w.org\/{rel}","templated":true}]}}