{"id":101562,"date":"2023-07-01T14:52:37","date_gmt":"2023-07-01T17:52:37","guid":{"rendered":"https:\/\/grandepremio.com\/br\/noticias\/ferrari-admite-dificil-vencer-max-verstappen-prega-foco-em-si-mesma-austria\/"},"modified":"2023-07-01T15:07:00","modified_gmt":"2023-07-01T18:07:00","slug":"ferrari-admite-dificil-vencer-max-verstappen-prega-foco-em-si-mesma-austria","status":"publish","type":"post","link":"https:\/\/grandepremio.com\/br\/f1\/ferrari-admite-dificil-vencer-max-verstappen-prega-foco-em-si-mesma-austria\/","title":{"rendered":"Ferrari diz que &#8220;\u00e9 dif\u00edcil vencer Verstappen&#8221; e prega &#8220;foco em si mesma&#8221; na \u00c1ustria"},"content":{"rendered":"\n<p class=\"wp-block-paragraph\"><strong>Carlos Sainz <\/strong>conseguiu <a href=\"https:\/\/www.grandepremio.com\/br\/f1\/noticias\/max-verstappen-susto-largada-mas-vence-corrida-sprint-caotica-austria\/\" class=\"ek-link\">vencer a concorr\u00eancia direta<\/a> contra <strong>Aston Martin <\/strong>e <strong>Mercedes <\/strong>e levou a <strong>Ferrari <\/strong>ao top-3 da corrida sprint da <strong>\u00c1ustria<\/strong>, realizada neste s\u00e1bado (1). Um resultado que na vis\u00e3o do chefe, <strong>Fr\u00e9d\u00e9ric Vasseur<\/strong>, foi n\u00e3o s\u00f3 dentro do esperado como \u00e9 o que a equipe italiana pode almejar diante de um <strong>Max Verstappen<\/strong> cada vez mais confiante e dif\u00edcil de se bater.<\/p>\n\n\n\n<p class=\"wp-block-paragraph\">Em sua an\u00e1lise da corrida, Vasseur falou que Sainz conseguiu ser mais r\u00e1pido que Sergio P\u00e9rez, segundo colocado, em alguns momentos, mas em nenhum instante imaginou que seria poss\u00edvel alcan\u00e7ar o bicampe\u00e3o.<\/p>\n\n\n\n<p class=\"wp-block-paragraph\"><strong>\u25b6\ufe0f&nbsp;Inscreva-se nos dois canais do GRANDE PR\u00caMIO no YouTube:&nbsp;<a href=\"https:\/\/www.youtube.com\/channel\/UC9OlHEgxoaY6QY6nWPoiqQg?sub_confirmation=1\" target=\"_blank\" rel=\"noreferrer noopener\">GP<\/a>&nbsp;|&nbsp;<a href=\"https:\/\/www.youtube.com\/channel\/UC9csiS6q_C3C0FYhyr1rnFA?sub_confirmation=1\" target=\"_blank\" rel=\"noreferrer noopener\">GP2<\/a><\/strong><br><strong>\u25b6\ufe0f&nbsp;<a href=\"https:\/\/www.twitch.tv\/grandepremio\" target=\"_blank\" rel=\"noreferrer noopener\">Conhe\u00e7a o canal do GRANDE PR\u00caMIO na Twitch clicando aqui!<\/a><\/strong><\/p>\n\n\n\n<figure class=\"wp-block-image size-large\"><img decoding=\"async\" src=\"https:\/\/www.grandepremio.com\/br\/wp-content\/uploads\/2023\/07\/f1-2023-austria-sprint-ferrari-charlesleclerc-afp-01-1024x683.jpg\" alt=\"\" class=\"wp-image-702575\"\/><figcaption>Charles Leclerc (Foto: AFP) <\/figcaption><\/figure>\n\n\n\n<p class=\"wp-block-paragraph\">&#8220;Verstappen n\u00e3o est\u00e1 em outro campeonato, mas \u00e9 verdade que ele est\u00e1 fazendo um trabalho excepcional em todas as condi\u00e7\u00f5es poss\u00edveis&#8221;, avaliou o dirigente. &#8220;Ele sempre est\u00e1 presente e sua confian\u00e7a cresce cada vez mais, \u00e9 dif\u00edcil venc\u00ea-lo&#8221;, reconheceu, dizendo na sequ\u00eancia que o #55 teve &#8220;uma corrida tranquila&#8221; apesar do problema na classifica\u00e7\u00e3o que quase o fez largar em \u00faltimo.<\/p>\n\n\n\n<p class=\"wp-block-paragraph\">&#8220;O s\u00e1bado de Sainz foi muito s\u00f3lido, apesar do problema t\u00e9cnico que tivemos pela manh\u00e3. Ele juntou tudo em uma volta r\u00e1pida. A corrida dele foi bem tranquila, ele n\u00e3o correu riscos no tr\u00e1fego, somou bons pontos e teremos uma nova oportunidade amanh\u00e3. Acho que ele foi mais r\u00e1pido que P\u00e9rez em parte da corrida&#8221;, completou o chef\u00e3o da <strong>Ferrari<\/strong>.<\/p>\n\n\n\n<p class=\"wp-block-paragraph\">&#8220;Repito, vamos nos concentrar em n\u00f3s mesmos. Acho que nos \u00faltimos dois, tr\u00eas finais de semana, demos um passo \u00e0 frente. Hoje temos Sainz no p\u00f3dio, amanh\u00e3 largaremos em segundo e terceiro. Tentaremos construir [o resultado] sobre esses alicerces, com uma boa corrida amanh\u00e3&#8221;, concluiu Vasseur.<\/p>\n\n\n\n<p class=\"wp-block-paragraph\">O&nbsp;<strong>GRANDE PR\u00caMIO&nbsp;<\/strong>acompanha todas as atividades do fim de semana da<strong>&nbsp;<\/strong><a href=\"https:\/\/www.grandepremio.com\/formula-1\/\" target=\"_blank\" rel=\"noreferrer noopener\">F\u00f3rmula 1<\/a>&nbsp;na \u00c1ustria&nbsp;<strong>AO VIVO<\/strong>&nbsp;e&nbsp;<strong>EM&nbsp;<a href=\"https:\/\/www.grandepremio.com\/br\/ao-vivo\/\" target=\"_blank\" rel=\"noreferrer noopener\">TEMPO REAL<\/a><\/strong>. No sexta-feira, no s\u00e1bado e no domingo, h\u00e1 tamb\u00e9m a segunda tela, em parceria com a&nbsp;<strong>Voz do Esporte<\/strong>. A corrida deste domingo est\u00e1 marcada para as 10h (em Bras\u00edlia).<\/p>\n","protected":false},"excerpt":{"rendered":"<p>Fr\u00e9d\u00e9ric Vasseur reconheceu o &#8220;trabalho excepcional&#8221; de Max Verstappen na F1 2023, mas ressaltou que a Ferrari est\u00e1 concentrada em si pr\u00f3pria e que pretende repetir o top-3 na \u00c1ustria no domingo<\/p>\n","protected":false},"author":0,"featured_media":1000702501,"comment_status":"closed","ping_status":"closed","sticky":false,"template":"","format":"standard","meta":{"42wp_featured_image_caption":"","42wp_featured_image_credits":"","42wp_featured_video":"","42wp_featured_image_hidden":false,"42wp_authors_list":[],"footnotes":""},"categories":[2],"tags":[5660,969,147,6533,642,160,30061,180,30722,23783,1491,30103,28285,2306,159,1117,3724,1645,32087,35536,19348,510,1214,2785,2636,2632,1763,4613,2984,2018,34558,35533,35534,35535,2773,18713],"42wp_author":[47147],"class_list":["post-101562","post","type-post","status-publish","format-standard","has-post-thumbnail","hentry","category-f1","tag-classificacao","tag-corrida","tag-f1","tag-f1-2023","tag-f1-ao-vivo","tag-f1-tv","tag-fomula-1","tag-formula-1","tag-formula-1-2023","tag-gp-da-austria","tag-grande-premio","tag-grande-premio-f1","tag-grandepremio","tag-grid-de-largada","tag-horarios-da-f1","tag-mundial-de-construtores","tag-mundial-de-f1","tag-mundial-de-pilotos","tag-onde-assistir","tag-onde-assistir-ao-gp-da-austria-de-f1-2023","tag-podio","tag-pole","tag-pole-position","tag-q1","tag-q2","tag-q3","tag-red-bull-ring","tag-spielberg","tag-sprint","tag-sprint-race","tag-sprint-shootout","tag-sq1","tag-sq2","tag-sq3","tag-vencedor","tag-vitoria","42wp_author-luana-marino"],"_links":{"self":[{"href":"https:\/\/grandepremio.com\/br\/wp-json\/wp\/v2\/posts\/101562","targetHints":{"allow":["GET"]}}],"collection":[{"href":"https:\/\/grandepremio.com\/br\/wp-json\/wp\/v2\/posts"}],"about":[{"href":"https:\/\/grandepremio.com\/br\/wp-json\/wp\/v2\/types\/post"}],"replies":[{"embeddable":true,"href":"https:\/\/grandepremio.com\/br\/wp-json\/wp\/v2\/comments?post=101562"}],"version-history":[{"count":0,"href":"https:\/\/grandepremio.com\/br\/wp-json\/wp\/v2\/posts\/101562\/revisions"}],"wp:featuredmedia":[{"embeddable":true,"href":"https:\/\/grandepremio.com\/br\/wp-json\/wp\/v2\/media\/1000702501"}],"wp:attachment":[{"href":"https:\/\/grandepremio.com\/br\/wp-json\/wp\/v2\/media?parent=101562"}],"wp:term":[{"taxonomy":"category","embeddable":true,"href":"https:\/\/grandepremio.com\/br\/wp-json\/wp\/v2\/categories?post=101562"},{"taxonomy":"post_tag","embeddable":true,"href":"https:\/\/grandepremio.com\/br\/wp-json\/wp\/v2\/tags?post=101562"},{"taxonomy":"42wp_author","embeddable":true,"href":"https:\/\/grandepremio.com\/br\/wp-json\/wp\/v2\/42wp_author?post=101562"}],"curies":[{"name":"wp","href":"https:\/\/api.w.org\/{rel}","templated":true}]}}