{"id":101566,"date":"2023-07-01T13:50:23","date_gmt":"2023-07-01T16:50:23","guid":{"rendered":"https:\/\/grandepremio.com\/br\/noticias\/fernando-alonso-defende-estrategia-celebra-bom-sabado-aston-martin-austria\/"},"modified":"2023-07-01T13:51:48","modified_gmt":"2023-07-01T16:51:48","slug":"fernando-alonso-defende-estrategia-celebra-bom-sabado-aston-martin-austria","status":"publish","type":"post","link":"https:\/\/grandepremio.com\/br\/f1\/fernando-alonso-defende-estrategia-celebra-bom-sabado-aston-martin-austria\/","title":{"rendered":"Alonso defende estrat\u00e9gia e celebra &#8220;bom s\u00e1bado&#8221; da Aston Martin na \u00c1ustria"},"content":{"rendered":"\n<p class=\"wp-block-paragraph\"><strong>Fernando Alonso<\/strong> <a href=\"https:\/\/www.grandepremio.com\/br\/f1\/noticias\/max-verstappen-susto-largada-mas-vence-corrida-sprint-caotica-austria\/\" class=\"ek-link\">fechou a corrida sprint deste s\u00e1bado<\/a> (1\u00ba) na quinta posi\u00e7\u00e3o. Mas engana-se quem pensa que o espanhol n\u00e3o concordou com a estrat\u00e9gia da <strong>Aston Martin<\/strong> na <strong>\u00c1ustria<\/strong>. Afinal, mesmo com a parada nas voltas finais para a troca de pneus, conseguiu se manter \u00e0 frente de <strong>Nico H\u00fclkenberg<\/strong>.<\/p>\n\n\n\n<p class=\"wp-block-paragraph\">Por isso, o bicampe\u00e3o quis tirar o peso da decis\u00e3o tomada pela equipe durante a prova. &#8220;Foi apertado e complicado em termos das decis\u00f5es tomadas por n\u00f3s de in\u00edcio. Mas agora parece \u00f3bvio dizer que os intermedi\u00e1rios eram a melhor escolha, mas ali no grid, tudo se torna um palpite&#8221;, falou Fernando.<\/p>\n\n\n\n<p class=\"wp-block-paragraph\">Polido, Alonso celebrou os pontos importantes conquistados no <strong>Red Bull Ring<\/strong>, sobretudo por conta do desempenho das principais advers\u00e1rias da equipe inglesa. &#8220;Foram 3 pontos a mais que <strong>Ferrari <\/strong>e 8 a mais que a <strong>Mercedes<\/strong>, assim, d\u00e1 para se dizer que foi um bom s\u00e1bado para n\u00f3s&#8221;.<\/p>\n\n\n\n<p class=\"wp-block-paragraph\">O piloto da Aston Martin foi questionado, tamb\u00e9m, sobre a seguran\u00e7a de pistas como <strong>Spa-Francorchamps<\/strong>, <a href=\"https:\/\/www.grandepremio.com\/br\/freca\/noticias\/dilano-van-t-hoff-morre-18-anos-acidente-corrida-2-freca-belgica\/\" class=\"ek-link\">que foi palco da tr\u00e1gica morte<\/a> de <strong>Dilano van \u2018t Hoff<\/strong>, morto neste s\u00e1bado aos 18 anos ap\u00f3s se envolver num forte acidente com <strong>Adam Fitzgerald<\/strong> na reta <strong>Kemmel<\/strong>. <\/p>\n\n\n\n<figure class=\"wp-block-image size-large\"><img decoding=\"async\" src=\"https:\/\/www.grandepremio.com\/br\/wp-content\/uploads\/2023\/07\/f1-2023-austria-sprint-astonmartin-fernandoalonso-afp-01-1024x683.jpg\" alt=\"\" class=\"wp-image-702467\"\/><figcaption>Alonso terminou a sprint da \u00c1ustria em quinto (Foto: AFP)<\/figcaption><\/figure>\n\n\n\n<p class=\"wp-block-paragraph\">O representante da <strong>MP <\/strong>foi acertado em cheio pelo carro do piloto da <strong>RPM<\/strong>, em manobra semelhante a que tamb\u00e9m matou <strong>Anthoine Hubert<\/strong> na mesma pista em 2019, durante a <strong>F\u00f3rmula 2<\/strong>.<\/p>\n\n\n\n<p class=\"wp-block-paragraph\"><strong>\u25b6\ufe0f\u00a0Inscreva-se nos dois canais do GRANDE PR\u00caMIO no YouTube:\u00a0<a href=\"https:\/\/www.youtube.com\/channel\/UC9OlHEgxoaY6QY6nWPoiqQg?sub_confirmation=1\" target=\"_blank\" rel=\"noreferrer noopener\">GP<\/a>\u00a0|\u00a0<a href=\"https:\/\/www.youtube.com\/channel\/UC9csiS6q_C3C0FYhyr1rnFA?sub_confirmation=1\" target=\"_blank\" rel=\"noreferrer noopener\">GP2<\/a><\/strong><br><strong>\u25b6\ufe0f\u00a0<a href=\"https:\/\/www.twitch.tv\/grandepremio\" target=\"_blank\" rel=\"noreferrer noopener\">Conhe\u00e7a o canal do GRANDE PR\u00caMIO na Twitch clicando aqui!<\/a><\/strong><\/p>\n\n\n\n<p class=\"wp-block-paragraph\">Para ele, a falta de visibilidade em condi\u00e7\u00f5es de chuva catapultam a sensa\u00e7\u00e3o de cautela para a realiza\u00e7\u00e3o de corrida e, al\u00e9m disso, o spray feito pelos carros de corrida atual precisam de olhares mais atentos.<\/p>\n\n\n\n<p class=\"wp-block-paragraph\">&#8220;N\u00e3o sei se Spa \u00e9 o problema, a quest\u00e3o \u00e9 voc\u00ea bater um carro e ele voltar para o meio da reta. Ningu\u00e9m consegue ver, n\u00e3o sabemos se h\u00e1 algu\u00e9m vindo, como foi o caso de hoje. As velocidades s\u00e3o maiores, ent\u00e3o, os desenhos das pistas devem ser repensados para que isso n\u00e3o se repita no futuro&#8221;, analisou.<\/p>\n\n\n\n<p class=\"wp-block-paragraph\">O\u00a0<strong>GRANDE PR\u00caMIO\u00a0<\/strong>acompanha todas as atividades do fim de semana da<a href=\"https:\/\/www.grandepremio.com\/formula-1\/\" target=\"_blank\" rel=\"noreferrer noopener\">F\u00f3rmula 1<\/a>\u00a0na \u00c1ustria\u00a0<strong>AO VIVO<\/strong>\u00a0e\u00a0<strong>EM\u00a0<a href=\"https:\/\/www.grandepremio.com\/br\/ao-vivo\/\" target=\"_blank\" rel=\"noreferrer noopener\">TEMPO REAL<\/a><\/strong>. Na sexta-feira, no s\u00e1bado e no domingo, h\u00e1 tamb\u00e9m a segunda tela, em parceria com a\u00a0<strong>Voz do Esporte<\/strong>. A corrida deste domingo est\u00e1 marcada para as 10h (em Bras\u00edlia).<\/p>\n","protected":false},"excerpt":{"rendered":"<p>Quinto na sprint deste s\u00e1bado, o espanhol da Aston Martin procurou ver o copo cheio com os pontos somados que mantiveram dist\u00e2ncia das principais advers\u00e1rias no Mundial de Construtores<\/p>\n","protected":false},"author":0,"featured_media":1000702421,"comment_status":"closed","ping_status":"closed","sticky":false,"template":"","format":"standard","meta":{"42wp_featured_image_caption":"","42wp_featured_image_credits":"","42wp_featured_video":"","42wp_featured_image_hidden":false,"42wp_authors_list":[],"footnotes":""},"categories":[2],"tags":[309,6533,176,30722,35539,1521,1763],"42wp_author":[47128],"class_list":["post-101566","post","type-post","status-publish","format-standard","has-post-thumbnail","hentry","category-f1","tag-aston-martin","tag-f1-2023","tag-fernando-alonso","tag-formula-1-2023","tag-gp-da-austria-2023","tag-nico-hulkenberg","tag-red-bull-ring","42wp_author-guilherme-bloisi"],"_links":{"self":[{"href":"https:\/\/grandepremio.com\/br\/wp-json\/wp\/v2\/posts\/101566","targetHints":{"allow":["GET"]}}],"collection":[{"href":"https:\/\/grandepremio.com\/br\/wp-json\/wp\/v2\/posts"}],"about":[{"href":"https:\/\/grandepremio.com\/br\/wp-json\/wp\/v2\/types\/post"}],"replies":[{"embeddable":true,"href":"https:\/\/grandepremio.com\/br\/wp-json\/wp\/v2\/comments?post=101566"}],"version-history":[{"count":0,"href":"https:\/\/grandepremio.com\/br\/wp-json\/wp\/v2\/posts\/101566\/revisions"}],"wp:featuredmedia":[{"embeddable":true,"href":"https:\/\/grandepremio.com\/br\/wp-json\/wp\/v2\/media\/1000702421"}],"wp:attachment":[{"href":"https:\/\/grandepremio.com\/br\/wp-json\/wp\/v2\/media?parent=101566"}],"wp:term":[{"taxonomy":"category","embeddable":true,"href":"https:\/\/grandepremio.com\/br\/wp-json\/wp\/v2\/categories?post=101566"},{"taxonomy":"post_tag","embeddable":true,"href":"https:\/\/grandepremio.com\/br\/wp-json\/wp\/v2\/tags?post=101566"},{"taxonomy":"42wp_author","embeddable":true,"href":"https:\/\/grandepremio.com\/br\/wp-json\/wp\/v2\/42wp_author?post=101566"}],"curies":[{"name":"wp","href":"https:\/\/api.w.org\/{rel}","templated":true}]}}