{"id":101602,"date":"2023-06-30T18:04:36","date_gmt":"2023-06-30T21:04:36","guid":{"rendered":"https:\/\/grandepremio.com\/br\/noticias\/red-bull-como-frustrante-eliminacao-sergio-perez-afasta-demissao-fora-questao\/"},"modified":"2023-06-30T18:04:42","modified_gmt":"2023-06-30T21:04:42","slug":"red-bull-como-frustrante-eliminacao-sergio-perez-afasta-demissao-fora-questao","status":"publish","type":"post","link":"https:\/\/grandepremio.com\/br\/f1\/red-bull-como-frustrante-eliminacao-sergio-perez-afasta-demissao-fora-questao\/","title":{"rendered":"Red Bull v\u00ea como &#8220;frustrante&#8221; elimina\u00e7\u00e3o de P\u00e9rez, mas afasta demiss\u00e3o: &#8220;Fora de quest\u00e3o&#8221;"},"content":{"rendered":"\n<figure class=\"wp-block-embed is-type-video is-provider-youtube wp-block-embed-youtube wp-embed-aspect-16-9 wp-has-aspect-ratio\"><div class=\"wp-block-embed__wrapper\">\n<iframe loading=\"lazy\" title=\"F1 2023 na \u00c1ustria: VERSTAPPEN pole e P\u00e9rez INELEG\u00cdVEL! | Briefing\" width=\"500\" height=\"281\" src=\"https:\/\/www.youtube.com\/embed\/MRs5iznaBB8?feature=oembed\" frameborder=\"0\" allow=\"accelerometer; autoplay; clipboard-write; encrypted-media; gyroscope; picture-in-picture; web-share\" referrerpolicy=\"strict-origin-when-cross-origin\" allowfullscreen><\/iframe>\n<\/div><\/figure>\n\n\n\n<p class=\"wp-block-paragraph\">Tem se tornado comum a <strong>Red Bull <\/strong>sair da classifica\u00e7\u00e3o com um gosto agridoce na boca na <strong>F1 2023<\/strong>. O sabor doce \u00e9 causado pelas poles de <strong>Max Verstappen<\/strong>, que repetiu o feito sendo o <strong><a href=\"https:\/\/www.grandepremio.com\/br\/f1\/noticias\/max-verstappen-pole-classificacao-voltas-deletadas-gp-da-austria\/\" class=\"ek-link\">mais veloz na sess\u00e3o do GP da \u00c1ustria<\/a><\/strong>. Por outro lado, a sensa\u00e7\u00e3o amarga tem sido protagonizada por <strong>Sergio P\u00e9rez<\/strong>, que pela quarta vez, foi eliminado antes do Q3. Ap\u00f3s a atividade desta sexta-feira (30), <strong>Christian Horner <\/strong>lamentou mais um resultado ruim, mas bancou a continuidade do mexicano na equipe.<\/p>\n\n\n\n<p class=\"wp-block-paragraph\">Na classifica\u00e7\u00e3o para a corrida, que acontece no pr\u00f3ximo domingo, P\u00e9rez <strong><a href=\"https:\/\/www.grandepremio.com\/br\/f1\/noticias\/sergio-perez-anota-hat-trick-voltas-deletadas-fica-fora-q3-4a-corrida-seguida\/\" class=\"ek-link\">excedeu por tr\u00eas vezes os limites de pista<\/a><\/strong> e terminou apenas no 15\u00ba lugar. Ao t\u00e9rmino da sess\u00e3o, Horner afirmou que o piloto tinha carro para desempenhar semelhante a Verstappen, que conquistou a sexta pole na temporada 2023, e comparou os erros de P\u00e9rez com as elimina\u00e7\u00f5es do beisebol.<\/p>\n\n\n\n<p class=\"wp-block-paragraph\">\u201cEle [Checo] tinha o ritmo hoje. Tinha um carro capaz de acompanhar o tempo do Max, mas precisava ficar dentro das linhas brancas. Strike 1, strike 2, apenas fique dentro das linhas brancas, e strike 3\u201d, avaliou. &#8220;\u00c9 extremamente frustrante porque sabemos que ele [Perez] \u00e9 capaz. Ele poderia ter feito isso hoje\u201d, lamentou.<\/p>\n\n\n\n<p class=\"wp-block-paragraph\"><span style=\"font-weight: 600; background-color: rgb(255, 255, 255);\">\u25b6\ufe0f&nbsp;<a style=\"color: rgb(19, 94, 150);\" href=\"https:\/\/www.twitch.tv\/grandepremio\" target=\"_blank\" rel=\"noreferrer noopener\" class=\"ek-link\">Conhe\u00e7a o canal do GRANDE PR\u00caMIO na Twitch clicando aqui!<\/a><\/span><\/p>\n\n\n\n<figure class=\"wp-block-image size-large\"><img decoding=\"async\" src=\"https:\/\/www.grandepremio.com\/br\/wp-content\/uploads\/2023\/06\/f1-2023-austria-classificacao-redbull-sergioperez-03-1024x683.jpg\" alt=\"\" class=\"wp-image-701687\"\/><figcaption>Sergio P\u00e9rez fica mais uma vez cai no Q2 em 2023 (Foto: Red Bull Content Pool)<\/figcaption><\/figure>\n\n\n\n<p class=\"wp-block-paragraph\">Assim como aconteceu com P\u00e9rez, Verstappen tamb\u00e9m excedeu os limites de pista na classifica\u00e7\u00e3o. Entretanto, nos momentos decisivos, o bicampe\u00e3o da Red Bull foi mais assertivo e permaneceu r\u00e1pido, mesmo nas voltas limpas.<\/p>\n\n\n\n<p class=\"wp-block-paragraph\">A atitude do hol\u00e2nd\u00eas foi exaltada por Horner, quando comparada ao comportamento de P\u00e9rez. \u201cEle [Max] foi avisado e adotou uma abordagem mais conservadora nas voltas seguintes porque havia tempo no \u00faltimo setor no carro\u201d, destacou.<\/p>\n\n\n\n<p class=\"wp-block-paragraph\">Apesar de P\u00e9rez ser o detentor do <strong><a href=\"https:\/\/www.grandepremio.com\/br\/f1\/noticias\/sergio-perez-amplia-ma-fase-austria-pior-piloto-red-bull-classificacao-15-anos\/\" class=\"ek-link\">pior desempenho em classifica\u00e7\u00e3o da hist\u00f3ria da Red Bull nos \u00faltimos 15 anos<\/a><\/strong>, o chefe de equipe revelou acreditar na volta por cima do mexicano neste s\u00e1bado na sprint e afastou qualquer possibilidade de romper o contrato com o piloto.<\/p>\n\n\n\n<p class=\"wp-block-paragraph\">&#8220;Checo vai virar a p\u00e1gina e ser\u00e1 mais r\u00e1pido amanh\u00e3. Mas ele poderia ter estado l\u00e1\u201d, afirmou. \u201cTodos est\u00e3o apoiando Checo, ent\u00e3o qualquer discuss\u00e3o sobre a substitui\u00e7\u00e3o dele est\u00e1 totalmente fora de quest\u00e3o\u201d, completou.<\/p>\n\n\n\n<p class=\"wp-block-paragraph\">O&nbsp;<strong>GRANDE PR\u00caMIO&nbsp;<\/strong>acompanha todas as atividades do fim de semana da<strong>&nbsp;<\/strong><a href=\"https:\/\/www.grandepremio.com\/formula-1\/\" target=\"_blank\" rel=\"noreferrer noopener\">F\u00f3rmula 1<\/a>&nbsp;na \u00c1ustria&nbsp;<strong>AO VIVO<\/strong>&nbsp;e&nbsp;<strong>EM&nbsp;<a href=\"https:\/\/www.grandepremio.com\/br\/ao-vivo\/\" target=\"_blank\" rel=\"noreferrer noopener\">TEM<\/a><\/strong><a href=\"https:\/\/www.grandepremio.com\/br\/ao-vivo\/\" target=\"_blank\" rel=\"noreferrer noopener\"><strong>PO REAL<\/strong>. No sexta-feira, no s\u00e1bado e no domingo, h\u00e1 tamb\u00e9m a segunda tela, em parceria com a&nbsp;<strong>Voz do Esporte<\/strong>. A classifica\u00e7\u00e3o da sprint race est\u00e1 marcada para a manh\u00e3 de s\u00e1bado, a partir das 7h (em Bras\u00edlia).<\/a><\/p>\n","protected":false},"excerpt":{"rendered":"<p>Ap\u00f3s a quarta elimina\u00e7\u00e3o seguida de Sergio P\u00e9rez antes do Q3, Christian Horner lamentou o resultado, mas bancou a continuidade do mexicano na Red Bull<\/p>\n","protected":false},"author":0,"featured_media":1000701427,"comment_status":"closed","ping_status":"closed","sticky":false,"template":"","format":"standard","meta":{"42wp_featured_image_caption":"","42wp_featured_image_credits":"","42wp_featured_video":"","42wp_featured_image_hidden":false,"42wp_authors_list":[],"footnotes":""},"categories":[2],"tags":[655,147,6533,35543,24888,28285,32667,13887,203,27382,204,1763,24863,33558,31447,9685],"42wp_author":[47145],"class_list":["post-101602","post","type-post","status-publish","format-standard","has-post-thumbnail","hentry","category-f1","tag-christian-horner","tag-f1","tag-f1-2023","tag-gp-austria","tag-gp-da-austria-2","tag-grandepremio","tag-grandepremio-f1","tag-horner","tag-max-verstappen","tag-perez","tag-red-bull","tag-red-bull-ring","tag-sergio-perez-2","tag-temporada-2023-da-f1","tag-temporada-2023-f1","tag-verstappen","42wp_author-alessandro-pinheiro"],"_links":{"self":[{"href":"https:\/\/grandepremio.com\/br\/wp-json\/wp\/v2\/posts\/101602","targetHints":{"allow":["GET"]}}],"collection":[{"href":"https:\/\/grandepremio.com\/br\/wp-json\/wp\/v2\/posts"}],"about":[{"href":"https:\/\/grandepremio.com\/br\/wp-json\/wp\/v2\/types\/post"}],"replies":[{"embeddable":true,"href":"https:\/\/grandepremio.com\/br\/wp-json\/wp\/v2\/comments?post=101602"}],"version-history":[{"count":0,"href":"https:\/\/grandepremio.com\/br\/wp-json\/wp\/v2\/posts\/101602\/revisions"}],"wp:featuredmedia":[{"embeddable":true,"href":"https:\/\/grandepremio.com\/br\/wp-json\/wp\/v2\/media\/1000701427"}],"wp:attachment":[{"href":"https:\/\/grandepremio.com\/br\/wp-json\/wp\/v2\/media?parent=101602"}],"wp:term":[{"taxonomy":"category","embeddable":true,"href":"https:\/\/grandepremio.com\/br\/wp-json\/wp\/v2\/categories?post=101602"},{"taxonomy":"post_tag","embeddable":true,"href":"https:\/\/grandepremio.com\/br\/wp-json\/wp\/v2\/tags?post=101602"},{"taxonomy":"42wp_author","embeddable":true,"href":"https:\/\/grandepremio.com\/br\/wp-json\/wp\/v2\/42wp_author?post=101602"}],"curies":[{"name":"wp","href":"https:\/\/api.w.org\/{rel}","templated":true}]}}