{"id":101605,"date":"2023-06-30T17:14:15","date_gmt":"2023-06-30T20:14:15","guid":{"rendered":"https:\/\/grandepremio.com\/br\/noticias\/lance-stroll-valoriza-acerto-aston-martin-tirou-tudo-podia-6o-grid\/"},"modified":"2023-06-30T17:14:20","modified_gmt":"2023-06-30T20:14:20","slug":"lance-stroll-valoriza-acerto-aston-martin-tirou-tudo-podia-6o-grid","status":"publish","type":"post","link":"https:\/\/grandepremio.com\/br\/f1\/lance-stroll-valoriza-acerto-aston-martin-tirou-tudo-podia-6o-grid\/","title":{"rendered":"Stroll valoriza acerto da Aston Martin e diz que &#8220;tirou tudo que podia&#8221; em 6\u00ba no grid"},"content":{"rendered":"\n<figure class=\"wp-block-embed is-type-video is-provider-youtube wp-block-embed-youtube wp-embed-aspect-16-9 wp-has-aspect-ratio\"><div class=\"wp-block-embed__wrapper\">\n<iframe loading=\"lazy\" title=\"F1 2023 na \u00c1ustria: VERSTAPPEN pole e P\u00e9rez INELEG\u00cdVEL! | Briefing\" width=\"500\" height=\"281\" src=\"https:\/\/www.youtube.com\/embed\/MRs5iznaBB8?feature=oembed\" frameborder=\"0\" allow=\"accelerometer; autoplay; clipboard-write; encrypted-media; gyroscope; picture-in-picture; web-share\" referrerpolicy=\"strict-origin-when-cross-origin\" allowfullscreen><\/iframe>\n<\/div><\/figure>\n\n\n\n<p class=\"wp-block-paragraph\">Na briga interna entre os pilotos da <strong>Aston Martin <\/strong>na classifica\u00e7\u00e3o desta sexta-feira (30), pela segunda vez nesta temporada, <strong>Lance Stroll <\/strong>bateu seu companheiro, o espanhol <strong>Fernando Alonso<\/strong>, e garantiu a melhor coloca\u00e7\u00e3o da equipe brit\u00e2nica no grid de largada para o <strong>GP da \u00c1ustria<\/strong> \u2014 que acontece no pr\u00f3ximo domingo (2).<\/p>\n\n\n\n<p class=\"wp-block-paragraph\">O piloto canadense vai largar em sexto lugar e disse, ap\u00f3s a classifica\u00e7\u00e3o, que est\u00e1 satisfeito com o comportamento de seu carro \u2014 <a href=\"https:\/\/www.grandepremio.com\/br\/f1\/noticias\/fernando-alonso-classificacao-intensa-otimista-gp-austria-boas-posicoes-largada\/\" class=\"ek-link\">fazendo coro \u00e0s declara\u00e7\u00f5es de Alonso<\/a> \u2014 e contente por ter escapado das puni\u00e7\u00f5es que a Federa\u00e7\u00e3o Internacional de Automobilismo (<strong>FIA<\/strong>) distribuiu devido aos limites de pista.<\/p>\n\n\n\n<p class=\"wp-block-paragraph\">\u201cFiquei feliz com a forma como o AMR23 estava hoje e satisfeito com minha \u00faltima volta. Acho que tiramos tudo o que pod\u00edamos na classifica\u00e7\u00e3o. Os limites da pista eram apertados, e tive algumas voltas exclu\u00eddas enquanto tentava dar o m\u00e1ximo naquelas curvas r\u00e1pidas, mas foi o mesmo para todos e algo que estamos acostumados neste circuito\u201d, analisou o piloto <strong>#18<\/strong>.<\/p>\n\n\n\n<p class=\"wp-block-paragraph\"><strong>\u25b6\ufe0f&nbsp;Inscreva-se nos dois canais do GRANDE PR\u00caMIO no YouTube:&nbsp;<a href=\"https:\/\/www.youtube.com\/channel\/UC9OlHEgxoaY6QY6nWPoiqQg?sub_confirmation=1\" target=\"_blank\" rel=\"noreferrer noopener\">GP<\/a>&nbsp;|&nbsp;<a href=\"https:\/\/www.youtube.com\/channel\/UC9csiS6q_C3C0FYhyr1rnFA?sub_confirmation=1\" target=\"_blank\" rel=\"noreferrer noopener\">GP2<\/a><\/strong><\/p>\n\n\n\n<figure class=\"wp-block-image size-large\"><img decoding=\"async\" src=\"https:\/\/www.grandepremio.com\/br\/wp-content\/uploads\/2023\/06\/f1-2023-austria-classificacao-astonmartin-lancestroll-01-1024x683.jpg\" alt=\"\" class=\"wp-image-701614\"\/><figcaption>Stroll ficou contente por n\u00e3o ter sido punido devido a infra\u00e7\u00f5es no limite de pista (Foto: Aston Martin)<\/figcaption><\/figure>\n\n\n\n<p class=\"wp-block-paragraph\"><strong>\u25b6\ufe0f&nbsp;<a href=\"https:\/\/www.twitch.tv\/grandepremio\" target=\"_blank\" rel=\"noreferrer noopener\">Conhe\u00e7a o canal do GRANDE PR\u00caMIO na Twitch clicando aqui!<\/a><\/strong><\/p>\n\n\n\n<p class=\"wp-block-paragraph\">A chuva pode ser um fator complicador no segundo dia de atividades, j\u00e1 que existe uma probabilidade grande de precipita\u00e7\u00f5es na regi\u00e3o do <strong>Red Bull Ring<\/strong>. Stroll, que j\u00e1 pensa na possibilidade, destacou como o asfalto molhado pode afetar tanto na classifica\u00e7\u00e3o para a sprint quanto na corrida curta de s\u00e1bado.<\/p>\n\n\n\n<p class=\"wp-block-paragraph\">\u201cParece que podemos ter algumas condi\u00e7\u00f5es clim\u00e1ticas um pouco desafiadoras para os eventos da sprint amanh\u00e3. Ent\u00e3o, \u00e9 bom ter uma posi\u00e7\u00e3o de largada s\u00f3lida em jogo enquanto olhamos para a corrida de domingo\u201d, finalizou o canadense.<\/p>\n\n\n\n<p class=\"wp-block-paragraph\">O&nbsp;<strong>GRANDE PR\u00caMIO&nbsp;<\/strong>acompanha todas as atividades do fim de semana da<strong>&nbsp;<\/strong><a href=\"https:\/\/www.grandepremio.com\/formula-1\/\" target=\"_blank\" rel=\"noreferrer noopener\">F\u00f3rmula 1<\/a>&nbsp;na \u00c1ustria&nbsp;<strong>AO VIVO<\/strong>&nbsp;e&nbsp;<strong>EM&nbsp;<a href=\"https:\/\/www.grandepremio.com\/br\/ao-vivo\/\" target=\"_blank\" rel=\"noreferrer noopener\">TEMPO REAL<\/a><\/strong>. No sexta-feira, no s\u00e1bado e no domingo, h\u00e1 tamb\u00e9m a segunda tela, em parceria com a&nbsp;<strong>Voz do Esporte<\/strong>. A classifica\u00e7\u00e3o da sprint race est\u00e1 marcada para a manh\u00e3 de s\u00e1bado, a partir das 7h (em Bras\u00edlia).<\/p>\n","protected":false},"excerpt":{"rendered":"<p>Lance Stroll v\u00ea boa classifica\u00e7\u00e3o da Aston Martin e ficou feliz com a performance do AMR23 no Red Bull Ring<\/p>\n","protected":false},"author":0,"featured_media":1000701487,"comment_status":"closed","ping_status":"closed","sticky":false,"template":"","format":"standard","meta":{"42wp_featured_image_caption":"","42wp_featured_image_credits":"","42wp_featured_video":"","42wp_featured_image_hidden":false,"42wp_authors_list":[],"footnotes":""},"categories":[2],"tags":[1566,309,147,6533,642,176,24837,24888,35539,25421,28485,24836,30103,485],"42wp_author":[47157],"class_list":["post-101605","post","type-post","status-publish","format-standard","has-post-thumbnail","hentry","category-f1","tag-ao-vivo","tag-aston-martin","tag-f1","tag-f1-2023","tag-f1-ao-vivo","tag-fernando-alonso","tag-formula-1-2","tag-gp-da-austria-2","tag-gp-da-austria-2023","tag-gp-da-austria-de-f1","tag-gp-da-austria-de-formula-1","tag-grande-premio-2","tag-grande-premio-f1","tag-lance-stroll","42wp_author-jonas-souza"],"_links":{"self":[{"href":"https:\/\/grandepremio.com\/br\/wp-json\/wp\/v2\/posts\/101605","targetHints":{"allow":["GET"]}}],"collection":[{"href":"https:\/\/grandepremio.com\/br\/wp-json\/wp\/v2\/posts"}],"about":[{"href":"https:\/\/grandepremio.com\/br\/wp-json\/wp\/v2\/types\/post"}],"replies":[{"embeddable":true,"href":"https:\/\/grandepremio.com\/br\/wp-json\/wp\/v2\/comments?post=101605"}],"version-history":[{"count":0,"href":"https:\/\/grandepremio.com\/br\/wp-json\/wp\/v2\/posts\/101605\/revisions"}],"wp:featuredmedia":[{"embeddable":true,"href":"https:\/\/grandepremio.com\/br\/wp-json\/wp\/v2\/media\/1000701487"}],"wp:attachment":[{"href":"https:\/\/grandepremio.com\/br\/wp-json\/wp\/v2\/media?parent=101605"}],"wp:term":[{"taxonomy":"category","embeddable":true,"href":"https:\/\/grandepremio.com\/br\/wp-json\/wp\/v2\/categories?post=101605"},{"taxonomy":"post_tag","embeddable":true,"href":"https:\/\/grandepremio.com\/br\/wp-json\/wp\/v2\/tags?post=101605"},{"taxonomy":"42wp_author","embeddable":true,"href":"https:\/\/grandepremio.com\/br\/wp-json\/wp\/v2\/42wp_author?post=101605"}],"curies":[{"name":"wp","href":"https:\/\/api.w.org\/{rel}","templated":true}]}}