{"id":101622,"date":"2023-06-30T13:07:00","date_gmt":"2023-06-30T16:07:00","guid":{"rendered":"https:\/\/grandepremio.com\/br\/noticias\/max-verstappen-pole-classificacao-voltas-deletadas-gp-da-austria\/"},"modified":"2023-06-30T15:48:52","modified_gmt":"2023-06-30T18:48:52","slug":"max-verstappen-pole-classificacao-voltas-deletadas-gp-da-austria","status":"publish","type":"post","link":"https:\/\/grandepremio.com\/br\/f1\/max-verstappen-pole-classificacao-voltas-deletadas-gp-da-austria\/","title":{"rendered":"Verstappen crava pole em classifica\u00e7\u00e3o das voltas deletadas no GP da \u00c1ustria"},"content":{"rendered":"\n<figure class=\"wp-block-embed is-type-video is-provider-youtube wp-block-embed-youtube wp-embed-aspect-16-9 wp-has-aspect-ratio\"><div class=\"wp-block-embed__wrapper\">\n<iframe loading=\"lazy\" title=\"F1 2023 na \u00c1ustria: VERSTAPPEN pole e P\u00e9rez INELEG\u00cdVEL! | Briefing\" width=\"500\" height=\"281\" src=\"https:\/\/www.youtube.com\/embed\/MRs5iznaBB8?feature=oembed\" frameborder=\"0\" allow=\"accelerometer; autoplay; clipboard-write; encrypted-media; gyroscope; picture-in-picture; web-share\" referrerpolicy=\"strict-origin-when-cross-origin\" allowfullscreen><\/iframe>\n<\/div><\/figure>\n\n\n\n<p class=\"wp-block-paragraph\"><strong>Max Verstappen<\/strong> garantiu mais uma pole, em uma sess\u00e3o n\u00e3o muito tranquila na \u00c1ustria. Nesta sexta-feira (30), foi um show de voltas deletadas, inclusive do bicampe\u00e3o, mas Max achou o giro em 1min04s391, em  boa briga com a <strong>Ferrari<\/strong>, para fazer a festa na pista da casa da<strong> Red Bull<\/strong>.<\/p>\n\n\n\n<p class=\"wp-block-paragraph\"><strong>Charles Leclerc<\/strong> ficou coladinho no bicampe\u00e3o, apenas 0s048 <a href=\"https:\/\/www.grandepremio.com\/br\/f1\/noticias\/ferrari-asa-nova-mclaren-aston-martin-atualizacoes-gp-austria\/\" class=\"ek-link\">com a atualizada Ferrari<\/a>. <strong>Carlos Sainz <\/strong>foi outro que botou os italianos no grupo dos tr\u00eas primeiros, dividindo a segunda fila com <strong>Lando Norris<\/strong>, com a tamb\u00e9m cheia de novidades <strong>McLaren<\/strong>.<\/p>\n\n\n\n<p class=\"wp-block-paragraph\"><strong>Lewis Hamilton<\/strong> sai do quinto lugar, seguido por <strong>Lance Stroll, <\/strong>que superou <strong>Fernando Alonso <\/strong>em raro momento na classifica\u00e7\u00e3o austr\u00edaca. <strong>Nico H\u00fclkenberg, Pierre Gasly <\/strong>e <strong>Alex Albon<\/strong> tamb\u00e9m foram ao Q3 e fecham o top-10 do grid.<\/p>\n\n\n\n<figure class=\"wp-block-video\"><video class=\"video-js vjs-big-play-centered\" data-gp-vjs=\"1\" controls src=\"https:\/\/www.grandepremio.com\/br\/wp-content\/uploads\/2023\/06\/Verstappen-e-Magnussen-na-Austria.mp4\"><\/video><\/figure>\n\n\n\n<p class=\"wp-block-paragraph\">O Q2 foi especialmente repleto de voltas deletadas e quem mais sofreu com isso foi <strong>Sergio P\u00e9rez<\/strong>. O mexicano <a href=\"https:\/\/www.grandepremio.com\/br\/f1\/noticias\/sergio-perez-anota-hat-trick-voltas-deletadas-fica-fora-q3-4a-corrida-seguida\/\" class=\"ek-link\">anotou um &#8216;hat-trick&#8217;<\/a> de voltas deletadas e, assim, ficou sem tempo no Q2, caindo antes do Q3 pela quarta corrida consecutiva e largando em 15\u00ba. <strong>George Russell <\/strong>e <strong>Esteban Ocon<\/strong> tamb\u00e9m decepcionaram e v\u00e3o dividir a sexta fila, enquanto <strong>Oscar Piastri <\/strong>e <strong>Valtteri Bottas<\/strong> partem da s\u00e9tima fila. Max ainda foi <a href=\"https:\/\/www.grandepremio.com\/br\/f1\/noticias\/max-verstappen-investigado-bloquear-kevin-magnussen-ve-pole-xeque-austria\/\" class=\"ek-link\">investigado, horas depois<\/a>, por ter bloqueado <strong>Kevin Magnussen<\/strong> no Q1, mas saiu ileso e manteve a pole.<\/p>\n\n\n\n<p class=\"wp-block-paragraph\">O&nbsp;<strong>GRANDE PR\u00caMIO&nbsp;<\/strong>acompanha todas as atividades do fim de semana da<strong>&nbsp;<\/strong><a href=\"https:\/\/www.grandepremio.com\/formula-1\/\" target=\"_blank\" rel=\"noreferrer noopener\">F\u00f3rmula 1<\/a>&nbsp;na \u00c1ustria&nbsp;<strong>AO VIVO<\/strong>&nbsp;e&nbsp;<strong>EM&nbsp;<a href=\"https:\/\/www.grandepremio.com\/br\/ao-vivo\/\" target=\"_blank\" rel=\"noreferrer noopener\">TEMPO REAL<\/a><\/strong>. No sexta-feira, no s\u00e1bado e no domingo, h\u00e1 tamb\u00e9m a segunda tela, em parceria com a&nbsp;<strong>Voz do Esporte<\/strong>. A classifica\u00e7\u00e3o da sprint race est\u00e1 marcada para a manh\u00e3 de s\u00e1bado, a partir das 7h (em Bras\u00edlia).<\/p>\n\n\n\n<figure class=\"wp-block-image size-large\"><img decoding=\"async\" src=\"https:\/\/www.grandepremio.com\/br\/wp-content\/uploads\/2023\/06\/f1-2023-austria-classificacao-redbull-maxverstappen-04-1024x683.jpg\" alt=\"\" class=\"wp-image-701652\"\/><figcaption>Max Verstappen sai da pole de novo na \u00c1ustria (Foto: Red Bull Content Pool)<\/figcaption><\/figure>\n\n\n\n<p class=\"wp-block-paragraph\"><strong>Confira como foi a defini\u00e7\u00e3o do grid do GP da \u00c1ustria<\/strong><\/p>\n\n\n\n<p class=\"wp-block-paragraph\">A classifica\u00e7\u00e3o do GP da \u00c1ustria come\u00e7ou com mais da metade do grid atacando a pista, j\u00e1 que algumas nuvens amea\u00e7adoras cercavam o Red Bull Ring. Sem surpresa, Max Verstappen liderava com muita folga: 1min05s190 para o holand\u00eas, 0s7 mais veloz que todo o resto do pelot\u00e3o.<\/p>\n\n\n\n<p class=\"wp-block-paragraph\">Oscar Piastri, bem r\u00e1pido, superava at\u00e9 Sergio P\u00e9rez e vinha em segundo, num top-5 estranho tamb\u00e9m com Kevin Magnussen e Lance Stroll. E muita gente se complicou na sequ\u00eancia, tirando o p\u00e9 porque estava l\u00e1 Bottas estacionado na grama depois de rodar. Bandeira vermelha na pista.<\/p>\n\n\n\n<p class=\"wp-block-paragraph\">Enquanto isso, os comiss\u00e1rios conferiam as voltas e dava zebra: Verstappen com giro deletado por limites de pista. Assim, com bandeira verde e 10 minutos pela frente, Piastri puxava a fila com P\u00e9rez, Magnussen, Stroll, Charles Leclerc, Nyck de Vries, Fernando Alonso, Yuki Tsunoda, Alex Albon e George Russell na sequ\u00eancia.<\/p>\n\n\n\n<figure class=\"wp-block-image size-large\"><img decoding=\"async\" src=\"https:\/\/www.grandepremio.com\/br\/wp-content\/uploads\/2023\/06\/f1-2023-austria-treino-livre-alphatauri-yukitsunoda-02-1024x683.jpg\" alt=\"\" class=\"wp-image-701381\"\/><figcaption>Yuki Tsunoda caiu por pouco no Q1 da \u00c1ustria (Foto: Red Bull Content Pool)<\/figcaption><\/figure>\n\n\n\n<p class=\"wp-block-paragraph\">Deletaram a primeira? Sem problemas. L\u00e1 estava de novo Max, com 1min05s116. As Ferrari voltavam a mostrar for\u00e7a na sequ\u00eancia, com Carlos Sainz na frente de Leclerc, enquanto Norris e Gasly se recuperavam do terr\u00edvel treino livre que tiveram: quarto e s\u00e9timo, respectivamente.<\/p>\n\n\n\n<p class=\"wp-block-paragraph\">A classifica\u00e7\u00e3o entrava nos 5 minutos finais com Stroll, Esteban Ocon, Logan Sargeant, De Vries e Nico H\u00fclkenberg sendo cortados. Albon estava exatamente acima da zona de corte. Depois de um susto, P\u00e9rez subiu bem e ficou a 0s061 de Verstappen, respirando aliviado.<\/p>\n\n\n\n<p class=\"wp-block-paragraph\">Veio a tentativa final e Ocon, Albon e H\u00fclk respiraram e passaram. Bottas, no limite, avan\u00e7ou junto. Quem caiu foi Tsunoda, por 0s021, ao lado de Zhou, Sargeant, Magnussen &#8211; que teve a melhor volta deletada &#8211; e De Vries. L\u00edder da sess\u00e3o? Verstappen, claro.<\/p>\n\n\n\n<figure class=\"wp-block-image size-large\"><img decoding=\"async\" src=\"https:\/\/www.grandepremio.com\/br\/wp-content\/uploads\/2023\/06\/f1-2023-austria-classificacao-redbull-sergioperez-01-1024x683.jpg\" alt=\"\" class=\"wp-image-701653\"\/><figcaption>Sergio P\u00e9rez ficou fora do Q3 de novo (Foto: Red Bull Content Pool)<\/figcaption><\/figure>\n\n\n\n<p class=\"wp-block-paragraph\"><strong>P\u00e9rez faz &#8216;hat-trick&#8217; de voltas deletadas e cai de novo no Q2<\/strong><\/p>\n\n\n\n<p class=\"wp-block-paragraph\">O Q2 come\u00e7ou com 11 carros j\u00e1 na pista e, claro, Verstappen na frente. O holand\u00eas virava 1min04s9, mas rapidamente teve o giro de novo deletado por limite de pista. Assim, P\u00e9rez e Norris, com 1min15s0, eram os que vinham na frente. A\u00ed deletaram junto a de Checo, sobrando a ponta para Lando.<\/p>\n\n\n\n<p class=\"wp-block-paragraph\">A\u00ed as zebras faziam a festa: H\u00fclk era segundo, Alonso em terceiro, Sainz, Hamilton, Piastri, Leclerc e Russell fechavam a turma das voltas r\u00e1pidas j\u00e1 estabelecidas. Gasly e Ocon, no v\u00e1cuo entre as tentativas da maioria, colocavam as duas Alpine no top-5.<\/p>\n\n\n\n<p class=\"wp-block-paragraph\">Verstappen reclamava no r\u00e1dio sobre a nova volta deletada e, enquanto isso, estabelecia de novo o melhor tempo, com 1min04s951. Mas o neg\u00f3cio estava mais equilibrado, com Sainz e Norris no mesmo d\u00e9cimo do bicampe\u00e3o.<\/p>\n\n\n\n<figure class=\"wp-block-image size-large\"><img decoding=\"async\" src=\"https:\/\/www.grandepremio.com\/br\/wp-content\/uploads\/2023\/06\/f1-2023-austria-classificacao-mercedes-georgerussell-02-1024x683.jpg\" alt=\"\" class=\"wp-image-701650\"\/><figcaption>George Russell ficou pelo caminho na classifica\u00e7\u00e3o (Foto: Mercedes)<\/figcaption><\/figure>\n\n\n\n<p class=\"wp-block-paragraph\">Com 5 minutos para o final, o top-10 tinha Verstappen, Sainz, Norris, Leclerc, Hamilton, P\u00e9rez, Gasly, H\u00fclk, Alonso e Albon, no limite da zona de corte. Vinham sendo eliminados: Russell, Ocon, Stroll, Piastri e Bottas. Mas P\u00e9rez teve a volta deletada de novo, caindo para \u00faltimo. Russell embarcava junto na desgra\u00e7a.<\/p>\n\n\n\n<p class=\"wp-block-paragraph\">Na tentativa final, muita gente melhorou os tempos, mas tamb\u00e9m uma galera enorme teve voltas deletadas. Entre eles, sabe quem? Sim, P\u00e9rez, de novo. Ocon foi outro. Assim, Russell, Ocon, Piastri, Bottas e P\u00e9rez, sem volta, ficaram fora do Q3. Passaram Verstappen, Sainz, Norris, Leclerc, Stroll, Alonso, Hamilton, Gasly, H\u00fclkenberg e Albon.<\/p>\n\n\n\n<figure class=\"wp-block-image size-large\"><img decoding=\"async\" src=\"https:\/\/www.grandepremio.com\/br\/wp-content\/uploads\/2023\/06\/f1-2023-austria-classificacao-ferrari-charlesleclerc-afp-03-1024x683.jpg\" alt=\"\" class=\"wp-image-701746\"\/><figcaption>Charles Leclerc sai da primeira fila na \u00c1ustria (Foto: AFP) <\/figcaption><\/figure>\n\n\n\n<p class=\"wp-block-paragraph\"><strong>Verstappen faz pole, mas leva calor de Leclerc<\/strong><\/p>\n\n\n\n<p class=\"wp-block-paragraph\">Verstappen j\u00e1 come\u00e7ou o Q3 forte, na dianteira, virando 1min04s5, mas ainda tinha mais por vir. Apesar de comandar a primeira tentativa geral, o holand\u00eas viu os rivais crescerem quando o cron\u00f4metro chegava ao zero. <\/p>\n\n\n\n<p class=\"wp-block-paragraph\">Max cresceu ainda mais e fez 1min04s391. Pole, sim, mas quase n\u00e3o rolou. \u00c9 que Leclerc resolveu fazer uma gra\u00e7a e tomou s\u00f3 0s048 do rival, superando o companheiro Sainz, tamb\u00e9m bastante r\u00e1pido hoje no Red Bull Ring.<\/p>\n\n\n\n<p class=\"wp-block-paragraph\">Norris e Hamilton tamb\u00e9m foram ao top-5, enquanto Stroll e Alonso sofreram com uma Aston Martin abaixo de sua m\u00e9dia. H\u00fclk foi oitavo, enquanto Gasly e Albon ca\u00edam nas voltas deletadas.<\/p>\n\n\n\n<p class=\"wp-block-paragraph\"><strong>F\u00f3rmula 1 2023, GP da \u00c1ustria, Red Bull Ring, classifica\u00e7\u00e3o:<\/strong><\/p>\n\n\n\n<figure class=\"wp-block-table\"><table><tbody><tr><td>1<\/td><td>M VERSTAPPEN<\/td><td>Red Bull Honda<\/td><td>1:04,391<\/td><td>&nbsp;<\/td><td>&nbsp;<\/td><\/tr><tr><td>2<\/td><td>C LECLERC<\/td><td>Ferrari<\/td><td>1:04,439<\/td><td>+0,048<\/td><td>&nbsp;<\/td><\/tr><tr><td>3<\/td><td>C SAINZ<\/td><td>Ferrari<\/td><td>1:04,581<\/td><td>+0,190<\/td><td>&nbsp;<\/td><\/tr><tr><td>4<\/td><td>L NORRIS<\/td><td>McLaren Mercedes<\/td><td>1:04,658<\/td><td>+0,267<\/td><td>&nbsp;<\/td><\/tr><tr><td>5<\/td><td>L HAMILTON<\/td><td>Mercedes<\/td><td>1:04,819<\/td><td>+0,428<\/td><td>&nbsp;<\/td><\/tr><tr><td>6<\/td><td>L STROLL<\/td><td>Aston Martin Mercedes<\/td><td>1:04,893<\/td><td>+0,502<\/td><td>&nbsp;<\/td><\/tr><tr><td>7<\/td><td>F ALONSO<\/td><td>Aston Martin Mercedes<\/td><td>1:04,911<\/td><td>+0,520<\/td><td>&nbsp;<\/td><\/tr><tr><td>8<\/td><td>N H\u00dcLKENBERG<\/td><td>Haas Ferrari<\/td><td>1:05,090<\/td><td>+0,699<\/td><td>&nbsp;<\/td><\/tr><tr><td>9<\/td><td>P GASLY<\/td><td>Alpine<\/td><td>1:05,170<\/td><td>+0,779<\/td><td>&nbsp;<\/td><\/tr><tr><td>10<\/td><td>A ALBON<\/td><td>Williams Mercedes<\/td><td>1:05,823<\/td><td>+1,432<\/td><td>&nbsp;<\/td><\/tr><tr><td>11<\/td><td>G RUSSELL<\/td><td>Mercedes<\/td><td>1:05,428<\/td><td>+1,037<\/td><td>&nbsp;<\/td><\/tr><tr><td>12<\/td><td>E OCON<\/td><td>Alpine<\/td><td>1:05,453<\/td><td>+1,062<\/td><td>&nbsp;<\/td><\/tr><tr><td>13<\/td><td>O PIASTRI<\/td><td>McLaren Mercedes<\/td><td>1:05,605<\/td><td>+1,214<\/td><td>&nbsp;<\/td><\/tr><tr><td>14<\/td><td>V BOTTAS<\/td><td>Alfa Romeo Ferrari<\/td><td>1:05,680<\/td><td>+1,289<\/td><td>&nbsp;<\/td><\/tr><tr><td>15<\/td><td>S P\u00c9REZ<\/td><td>Red Bull Honda<\/td><td>2:06,688<\/td><td>+2,297<\/td><td>&nbsp;<\/td><\/tr><tr><td>16<\/td><td>Y TSUNODA<\/td><td>AlphaTauri Honda<\/td><td>1:05,784<\/td><td>+1,393<\/td><td>&nbsp;<\/td><\/tr><tr><td>17<\/td><td>G ZHOU<\/td><td>Alfa Romeo Ferrari<\/td><td>1:05,818<\/td><td>+1,427<\/td><td>&nbsp;<\/td><\/tr><tr><td>18<\/td><td>L SARGEANT<\/td><td>Williams Mercedes<\/td><td>1:05,948<\/td><td>+1,557<\/td><td>&nbsp;<\/td><\/tr><tr><td>19<\/td><td>K MAGNUSSEN<\/td><td>Haas Ferrari<\/td><td>1:05,971<\/td><td>+1,580<\/td><td>&nbsp;<\/td><\/tr><tr><td>20<\/td><td>N DE VRIES<\/td><td>Alpine<\/td><td>1:05,974<\/td><td>+1,583<\/td><td>&nbsp;<\/td><\/tr><\/tbody><\/table><\/figure>\n\n\n\n<p class=\"wp-block-paragraph\"><strong>\u25b6\ufe0f&nbsp;Inscreva-se nos dois canais do GRANDE PR\u00caMIO no YouTube:&nbsp;<a href=\"https:\/\/www.youtube.com\/channel\/UC9OlHEgxoaY6QY6nWPoiqQg?sub_confirmation=1\" target=\"_blank\" rel=\"noreferrer noopener\">GP<\/a>&nbsp;|&nbsp;<a href=\"https:\/\/www.youtube.com\/channel\/UC9csiS6q_C3C0FYhyr1rnFA?sub_confirmation=1\" target=\"_blank\" rel=\"noreferrer noopener\">GP2<\/a><\/strong><br><strong>\u25b6\ufe0f&nbsp;<a href=\"https:\/\/www.twitch.tv\/grandepremio\" target=\"_blank\" rel=\"noreferrer noopener\">Conhe\u00e7a o canal do GRANDE PR\u00caMIO na Twitch clicando aqui!<\/a><\/strong><\/p>\n\n\n\n<figure class=\"wp-block-embed is-type-video is-provider-youtube wp-block-embed-youtube wp-embed-aspect-16-9 wp-has-aspect-ratio\"><div class=\"wp-block-embed__wrapper\">\n<iframe loading=\"lazy\" title=\"F1 2023 na \u00c1ustria: acompanhe a Classifica\u00e7\u00e3o no GRANDE PR\u00caMIO\" width=\"500\" height=\"281\" src=\"https:\/\/www.youtube.com\/embed\/aiJIZE38BvA?feature=oembed\" frameborder=\"0\" allow=\"accelerometer; autoplay; clipboard-write; encrypted-media; gyroscope; picture-in-picture; web-share\" referrerpolicy=\"strict-origin-when-cross-origin\" allowfullscreen><\/iframe>\n<\/div><\/figure>\n","protected":false},"excerpt":{"rendered":"<p>Max Verstappen dominou uma classifica\u00e7\u00e3o repleta de voltas deletadas na \u00c1ustria, garantindo a pole com 1min04s503, seguido pelas Ferrari de Charles Leclerc e Carlos Sainz. E Sergio P\u00e9rez, pela quarta vez seguida, sequer foi ao Q3<\/p>\n","protected":false},"author":0,"featured_media":1000701628,"comment_status":"closed","ping_status":"closed","sticky":false,"template":"","format":"standard","meta":{"42wp_featured_image_caption":"","42wp_featured_image_credits":"","42wp_featured_video":"","42wp_featured_image_hidden":false,"42wp_authors_list":[],"footnotes":""},"categories":[2],"tags":[27776,34186,27487,25570,32017,33847,546,8235,33526,35402,969,147,6533,642,11958,160,33890,103,180,30722,23783,1491,30103,28285,915,2306,159,485,203,1117,3724,1645,1521,510,26054,204,1763,4613,35401,597],"42wp_author":[47117],"class_list":["post-101622","post","type-post","status-publish","format-standard","has-post-thumbnail","hentry","category-f1","tag-assistir-f1-ao-vivo","tag-assistir-f1-gratis","tag-assistir-f1-online","tag-audiencia","tag-calendario-f1-2023","tag-calendario-f1-2023-horarios","tag-carlos-sainz","tag-classificacao-da-f1","tag-classificacao-f1-2023","tag-como-ficou-o-grid","tag-corrida","tag-f1","tag-f1-2023","tag-f1-ao-vivo","tag-f1-live","tag-f1-tv","tag-f1-tv-2023","tag-fia","tag-formula-1","tag-formula-1-2023","tag-gp-da-austria","tag-grande-premio","tag-grande-premio-f1","tag-grandepremio","tag-grid","tag-grid-de-largada","tag-horarios-da-f1","tag-lance-stroll","tag-max-verstappen","tag-mundial-de-construtores","tag-mundial-de-f1","tag-mundial-de-pilotos","tag-nico-hulkenberg","tag-pole","tag-punicoes","tag-red-bull","tag-red-bull-ring","tag-spielberg","tag-tres-posicoes","tag-yuki-tsunoda","42wp_author-gabriel-curty"],"_links":{"self":[{"href":"https:\/\/grandepremio.com\/br\/wp-json\/wp\/v2\/posts\/101622","targetHints":{"allow":["GET"]}}],"collection":[{"href":"https:\/\/grandepremio.com\/br\/wp-json\/wp\/v2\/posts"}],"about":[{"href":"https:\/\/grandepremio.com\/br\/wp-json\/wp\/v2\/types\/post"}],"replies":[{"embeddable":true,"href":"https:\/\/grandepremio.com\/br\/wp-json\/wp\/v2\/comments?post=101622"}],"version-history":[{"count":0,"href":"https:\/\/grandepremio.com\/br\/wp-json\/wp\/v2\/posts\/101622\/revisions"}],"wp:featuredmedia":[{"embeddable":true,"href":"https:\/\/grandepremio.com\/br\/wp-json\/wp\/v2\/media\/1000701628"}],"wp:attachment":[{"href":"https:\/\/grandepremio.com\/br\/wp-json\/wp\/v2\/media?parent=101622"}],"wp:term":[{"taxonomy":"category","embeddable":true,"href":"https:\/\/grandepremio.com\/br\/wp-json\/wp\/v2\/categories?post=101622"},{"taxonomy":"post_tag","embeddable":true,"href":"https:\/\/grandepremio.com\/br\/wp-json\/wp\/v2\/tags?post=101622"},{"taxonomy":"42wp_author","embeddable":true,"href":"https:\/\/grandepremio.com\/br\/wp-json\/wp\/v2\/42wp_author?post=101622"}],"curies":[{"name":"wp","href":"https:\/\/api.w.org\/{rel}","templated":true}]}}