{"id":101636,"date":"2023-06-30T07:45:40","date_gmt":"2023-06-30T10:45:40","guid":{"rendered":"https:\/\/grandepremio.com\/br\/noticias\/f1-sexta-feira-chance-media-chuva-definicao-grid-gp-da-austria\/"},"modified":"2023-06-30T08:22:17","modified_gmt":"2023-06-30T11:22:17","slug":"f1-sexta-feira-chance-media-chuva-definicao-grid-gp-da-austria","status":"publish","type":"post","link":"https:\/\/grandepremio.com\/br\/f1\/f1-sexta-feira-chance-media-chuva-definicao-grid-gp-da-austria\/","title":{"rendered":"F1 tem sexta-feira com chance m\u00e9dia de chuva na defini\u00e7\u00e3o do grid do GP da \u00c1ustria"},"content":{"rendered":"\n<figure class=\"wp-block-embed is-type-video is-provider-youtube wp-block-embed-youtube wp-embed-aspect-16-9 wp-has-aspect-ratio\"><div class=\"wp-block-embed__wrapper\">\n<iframe loading=\"lazy\" title=\"Red Bull est\u00e1 pronta para dominar a F1 2023 em casa na \u00c1ustria? | Paddock GP #335\" width=\"500\" height=\"281\" src=\"https:\/\/www.youtube.com\/embed\/nY24oRb6SnU?feature=oembed\" frameborder=\"0\" allow=\"accelerometer; autoplay; clipboard-write; encrypted-media; gyroscope; picture-in-picture; web-share\" referrerpolicy=\"strict-origin-when-cross-origin\" allowfullscreen><\/iframe>\n<\/div><\/figure>\n\n\n\n<p class=\"wp-block-paragraph\">A chuva n\u00e3o tende a ser fator <a href=\"https:\/\/www.grandepremio.com\/br\/f1\/noticias\/red-bull-confirma-presenca-sergio-perez-classificacao-gp-austria\/\" class=\"ek-link\">importante na defini\u00e7\u00e3o do grid<\/a> de largada do <strong>GP da \u00c1ustria<\/strong>. Sim, a sexta-feira (30) em <strong>Spielberg <\/strong>ter\u00e1 a classifica\u00e7\u00e3o no fim da tarde, j\u00e1 que o <strong>Red Bull Ring<\/strong> \u00e9 uma das cinco pistas que contam com<strong> sprint race<\/strong> na <strong>F1 2023<\/strong>.<\/p>\n\n\n\n<p class=\"wp-block-paragraph\">De acordo com o <strong>Weather Channel<\/strong>, o risco de chuva para a hora da classifica\u00e7\u00e3o \u00e9 de 42% e chega at\u00e9 50% \u00e0s 18h locais (13h em Bras\u00edlia). Ou seja, caso a sess\u00e3o se alongue mais do que o esperado, a pista vai tendo mais risco de ficar molhada durante a atividade.<\/p>\n\n\n\n<figure class=\"wp-block-image size-large\"><img decoding=\"async\" src=\"https:\/\/www.grandepremio.com\/br\/wp-content\/uploads\/2022\/07\/alfaromeo-valtteribottas-03-1-1024x683.jpg\" alt=\"\" class=\"wp-image-594982\"\/><figcaption>O GP da \u00c1ustria tem sprint race no fim de semana (Foto: Alfa Romeo)<\/figcaption><\/figure>\n\n\n\n<p class=\"wp-block-paragraph\">A temperatura fica firme em 25\u00baC durante o dia todo de a\u00e7\u00e3o, do <strong>TL1<\/strong>, no come\u00e7o da tarde austr\u00edaca, at\u00e9 a classifica\u00e7\u00e3o, j\u00e1 no fim do dia. A primeira sess\u00e3o est\u00e1 marcada para 8h30 (em Bras\u00edlia).<\/p>\n\n\n\n<p class=\"wp-block-paragraph\">A umidade \u00e9 bem mais baixa do que nas etapas anteriores: ali abaixo da casa dos 50%, com ventos tamb\u00e9m n\u00e3o muito r\u00edgidos, em 6 km\/h. O p\u00f4r do sol acontece \u00e0s 21h, 3 horas depois do fim marcado das atividades.<\/p>\n\n\n\n<p class=\"wp-block-paragraph\">O\u00a0<strong>GRANDE PR\u00caMIO\u00a0<\/strong>acompanha todas as atividades do fim de semana da<strong>\u00a0<\/strong><a href=\"https:\/\/www.grandepremio.com\/formula-1\/\" target=\"_blank\" rel=\"noreferrer noopener\">F\u00f3rmula 1<\/a>\u00a0na \u00c1ustria\u00a0<strong>AO VIVO<\/strong>\u00a0e\u00a0<strong>EM\u00a0<a href=\"https:\/\/www.grandepremio.com\/br\/ao-vivo\/\" target=\"_blank\" rel=\"noreferrer noopener\">TEMPO REAL<\/a><\/strong>. No sexta-feira, no s\u00e1bado e no domingo, h\u00e1 tamb\u00e9m a segunda tela, em parceria com a\u00a0<strong>Voz do Esporte<\/strong>. A classifica\u00e7\u00e3o est\u00e1 marcada ainda para a sexta-feira, a partir das 12h (em Bras\u00edlia).<\/p>\n\n\n\n<p class=\"wp-block-paragraph\"><strong>\u25b6\ufe0f&nbsp;Inscreva-se nos dois canais do GRANDE PR\u00caMIO no YouTube:&nbsp;<a href=\"https:\/\/www.youtube.com\/channel\/UC9OlHEgxoaY6QY6nWPoiqQg?sub_confirmation=1\" target=\"_blank\" rel=\"noreferrer noopener\">GP<\/a>&nbsp;|&nbsp;<a href=\"https:\/\/www.youtube.com\/channel\/UC9csiS6q_C3C0FYhyr1rnFA?sub_confirmation=1\" target=\"_blank\" rel=\"noreferrer noopener\">GP2<\/a><\/strong><br><strong>\u25b6\ufe0f&nbsp;<a href=\"https:\/\/www.twitch.tv\/grandepremio\" target=\"_blank\" rel=\"noreferrer noopener\">Conhe\u00e7a o canal do GRANDE PR\u00caMIO na Twitch clicando aqui!<\/a><\/strong><\/p>\n\n\n\n<figure class=\"wp-block-embed is-type-video is-provider-youtube wp-block-embed-youtube wp-embed-aspect-16-9 wp-has-aspect-ratio\"><div class=\"wp-block-embed__wrapper\">\n<iframe loading=\"lazy\" title=\"Imperd\u00edvel! Assista \u00e0s corridas AO VIVO: F1 na \u00c1ustria, Indy em Mid-Ohio e mais!\" width=\"500\" height=\"281\" src=\"https:\/\/www.youtube.com\/embed\/-XswINqwRAc?feature=oembed\" frameborder=\"0\" allow=\"accelerometer; autoplay; clipboard-write; encrypted-media; gyroscope; picture-in-picture; web-share\" referrerpolicy=\"strict-origin-when-cross-origin\" allowfullscreen><\/iframe>\n<\/div><\/figure>\n","protected":false},"excerpt":{"rendered":"<p>O fim de tarde em Spielberg, na \u00c1ustria, \u00e9 de chance mediana de chuva para o momento da classifica\u00e7\u00e3o da F1. Em fim de semana de corrida sprint, a categoria vive uma das principais sexta-feiras do ano<\/p>\n","protected":false},"author":0,"featured_media":1000595610,"comment_status":"closed","ping_status":"closed","sticky":false,"template":"","format":"standard","meta":{"42wp_featured_image_caption":"","42wp_featured_image_credits":"","42wp_featured_video":"","42wp_featured_image_hidden":false,"42wp_authors_list":[],"footnotes":""},"categories":[2],"tags":[546,969,147,6533,642,160,103,180,30722,2836,14357,1491,30103,28285,915,2306,159,485,203,4486,1117,3724,1645,1521,510,26054,204,35401,597],"42wp_author":[47117],"class_list":["post-101636","post","type-post","status-publish","format-standard","has-post-thumbnail","hentry","category-f1","tag-carlos-sainz","tag-corrida","tag-f1","tag-f1-2023","tag-f1-ao-vivo","tag-f1-tv","tag-fia","tag-formula-1","tag-formula-1-2023","tag-gilles-villeneuve","tag-gp-do-canada","tag-grande-premio","tag-grande-premio-f1","tag-grandepremio","tag-grid","tag-grid-de-largada","tag-horarios-da-f1","tag-lance-stroll","tag-max-verstappen","tag-montreal","tag-mundial-de-construtores","tag-mundial-de-f1","tag-mundial-de-pilotos","tag-nico-hulkenberg","tag-pole","tag-punicoes","tag-red-bull","tag-tres-posicoes","tag-yuki-tsunoda","42wp_author-gabriel-curty"],"_links":{"self":[{"href":"https:\/\/grandepremio.com\/br\/wp-json\/wp\/v2\/posts\/101636","targetHints":{"allow":["GET"]}}],"collection":[{"href":"https:\/\/grandepremio.com\/br\/wp-json\/wp\/v2\/posts"}],"about":[{"href":"https:\/\/grandepremio.com\/br\/wp-json\/wp\/v2\/types\/post"}],"replies":[{"embeddable":true,"href":"https:\/\/grandepremio.com\/br\/wp-json\/wp\/v2\/comments?post=101636"}],"version-history":[{"count":0,"href":"https:\/\/grandepremio.com\/br\/wp-json\/wp\/v2\/posts\/101636\/revisions"}],"wp:featuredmedia":[{"embeddable":true,"href":"https:\/\/grandepremio.com\/br\/wp-json\/wp\/v2\/media\/1000595610"}],"wp:attachment":[{"href":"https:\/\/grandepremio.com\/br\/wp-json\/wp\/v2\/media?parent=101636"}],"wp:term":[{"taxonomy":"category","embeddable":true,"href":"https:\/\/grandepremio.com\/br\/wp-json\/wp\/v2\/categories?post=101636"},{"taxonomy":"post_tag","embeddable":true,"href":"https:\/\/grandepremio.com\/br\/wp-json\/wp\/v2\/tags?post=101636"},{"taxonomy":"42wp_author","embeddable":true,"href":"https:\/\/grandepremio.com\/br\/wp-json\/wp\/v2\/42wp_author?post=101636"}],"curies":[{"name":"wp","href":"https:\/\/api.w.org\/{rel}","templated":true}]}}