{"id":101650,"date":"2023-06-29T14:51:57","date_gmt":"2023-06-29T17:51:57","guid":{"rendered":"https:\/\/grandepremio.com\/br\/noticias\/desafio-domar-max-verstappen-formula-1-chega-casa-red-bull-wgp\/"},"modified":"2023-06-29T16:09:26","modified_gmt":"2023-06-29T19:09:26","slug":"desafio-domar-max-verstappen-formula-1-chega-casa-red-bull-wgp","status":"publish","type":"post","link":"https:\/\/grandepremio.com\/br\/grande-premio\/desafio-domar-max-verstappen-formula-1-chega-casa-red-bull-wgp\/","title":{"rendered":"O desafio de domar Verstappen: F\u00f3rmula 1 chega \u00e0 casa da Red Bull | WGP"},"content":{"rendered":"\n<p class=\"wp-block-paragraph\">A <strong>F\u00f3rmula 1<\/strong> chega \u00e0 nona etapa da <strong>temporada 2023<\/strong> com a <strong>Red Bull<\/strong> sendo a mandante do jogo: o GP da <strong>\u00c1ustria <\/strong>acontece no Red Bull Ring, casa dos taurinos, e o cen\u00e1rio atual n\u00e3o poderia ser mais prop\u00edcio para mais uma vit\u00f3ria de <strong>Max Verstappen<\/strong>.<\/p>\n\n\n\n<p class=\"wp-block-paragraph\">S\u00f3 que foi na \u00c1ustria, no ano passado, que a Red Bull tomou um belo rev\u00e9s da <strong>Ferrari<\/strong>: vit\u00f3ria de <strong>Charles Leclerc<\/strong> em meio ao mar laranja de torcedores de Max. Ser\u00e1 que o retrospecto pode fazer Maranello sonhar?<\/p>\n\n\n\n<p class=\"wp-block-paragraph\"><strong>\u25b6\ufe0f\u00a0Inscreva-se nos dois canais do GRANDE PR\u00caMIO no YouTube:\u00a0<a href=\"https:\/\/www.youtube.com\/channel\/UC9OlHEgxoaY6QY6nWPoiqQg?sub_confirmation=1\" target=\"_blank\" rel=\"noreferrer noopener\">GP<\/a>\u00a0|\u00a0<a href=\"https:\/\/www.youtube.com\/channel\/UC9csiS6q_C3C0FYhyr1rnFA?sub_confirmation=1\" target=\"_blank\" rel=\"noreferrer noopener\">GP2<\/a><\/strong><br><strong>\u25b6\ufe0f\u00a0<a href=\"https:\/\/www.twitch.tv\/grandepremio\" target=\"_blank\" rel=\"noreferrer noopener\">Conhe\u00e7a o canal do GRANDE PR\u00caMIO na Twitch clicando aqui!<\/a><\/strong><\/p>\n\n\n\n<p class=\"wp-block-paragraph\"><strong>Aston Martin<\/strong> e <strong>Mercedes<\/strong> tamb\u00e9m n\u00e3o podem ser desconsideradas neste final de semana que traz corrida sprint com uma pequena modifica\u00e7\u00e3o, por\u00e9m o interesse de todos \u00e9 apenas um: afinal, algu\u00e9m poder\u00e1 parar Verstappen?<\/p>\n\n\n\n<p class=\"wp-block-paragraph\">Este \u00e9 o tema do <strong>WGP <\/strong>da semana. Luana Marino comanda o programa, com Juliana Tesser e Ana Paula Cerveira nos coment\u00e1rios. A produ\u00e7\u00e3o \u00e9 de Pedro Prado.<\/p>\n\n\n\n<p class=\"wp-block-paragraph\"><strong>Assista ao programa!<\/strong><\/p>\n\n\n\n<figure class=\"wp-block-embed is-type-video is-provider-youtube wp-block-embed-youtube wp-embed-aspect-16-9 wp-has-aspect-ratio\"><div class=\"wp-block-embed__wrapper\">\n<iframe loading=\"lazy\" title=\"O desafio de domar Verstappen: F1 chega \u00e0 casa da Red Bull | WGP\" width=\"500\" height=\"281\" src=\"https:\/\/www.youtube.com\/embed\/qS08UCB3evU?feature=oembed\" frameborder=\"0\" allow=\"accelerometer; autoplay; clipboard-write; encrypted-media; gyroscope; picture-in-picture; web-share\" referrerpolicy=\"strict-origin-when-cross-origin\" allowfullscreen><\/iframe>\n<\/div><\/figure>\n","protected":false},"excerpt":{"rendered":"<p>Quem pode domar Max Verstappen e impedir a sua vit\u00f3ria de n\u00famero 42? Aston Martin, Mercedes e Ferrari v\u00e3o mais uma vez ao ataque. Ser\u00e1 que a Red Bull vai tomar o rev\u00e9s justamente em casa? Foi assim no ano passado\u2026 confira o WGP desta semana!<\/p>\n","protected":false},"author":0,"featured_media":1000701205,"comment_status":"closed","ping_status":"closed","sticky":false,"template":"","format":"standard","meta":{"42wp_featured_image_caption":"","42wp_featured_image_credits":"","42wp_featured_video":"","42wp_featured_image_hidden":false,"42wp_authors_list":[],"footnotes":""},"categories":[4],"tags":[26271,5273,147,6533,180,30722,23783,1491,28285,30840,203,1763,35516,31956,31447,27473],"42wp_author":[47147],"class_list":["post-101650","post","type-post","status-publish","format-standard","has-post-thumbnail","hentry","category-grande-premio","tag-calendario-f1","tag-classificacao-f1","tag-f1","tag-f1-2023","tag-formula-1","tag-formula-1-2023","tag-gp-da-austria","tag-grande-premio","tag-grandepremio","tag-horarios-f1","tag-max-verstappen","tag-red-bull-ring","tag-red-bull-ring-2023","tag-red-bull-ring-f1","tag-temporada-2023-f1","tag-wgp","42wp_author-luana-marino"],"_links":{"self":[{"href":"https:\/\/grandepremio.com\/br\/wp-json\/wp\/v2\/posts\/101650","targetHints":{"allow":["GET"]}}],"collection":[{"href":"https:\/\/grandepremio.com\/br\/wp-json\/wp\/v2\/posts"}],"about":[{"href":"https:\/\/grandepremio.com\/br\/wp-json\/wp\/v2\/types\/post"}],"replies":[{"embeddable":true,"href":"https:\/\/grandepremio.com\/br\/wp-json\/wp\/v2\/comments?post=101650"}],"version-history":[{"count":0,"href":"https:\/\/grandepremio.com\/br\/wp-json\/wp\/v2\/posts\/101650\/revisions"}],"wp:featuredmedia":[{"embeddable":true,"href":"https:\/\/grandepremio.com\/br\/wp-json\/wp\/v2\/media\/1000701205"}],"wp:attachment":[{"href":"https:\/\/grandepremio.com\/br\/wp-json\/wp\/v2\/media?parent=101650"}],"wp:term":[{"taxonomy":"category","embeddable":true,"href":"https:\/\/grandepremio.com\/br\/wp-json\/wp\/v2\/categories?post=101650"},{"taxonomy":"post_tag","embeddable":true,"href":"https:\/\/grandepremio.com\/br\/wp-json\/wp\/v2\/tags?post=101650"},{"taxonomy":"42wp_author","embeddable":true,"href":"https:\/\/grandepremio.com\/br\/wp-json\/wp\/v2\/42wp_author?post=101650"}],"curies":[{"name":"wp","href":"https:\/\/api.w.org\/{rel}","templated":true}]}}