{"id":101711,"date":"2023-06-27T04:45:00","date_gmt":"2023-06-27T07:45:00","guid":{"rendered":"https:\/\/grandepremio.com\/br\/noticias\/sergio-sette-camara-nio-moscou-perder-top-10-portland-faltou-comunicacao\/"},"modified":"2023-06-26T16:41:43","modified_gmt":"2023-06-26T19:41:43","slug":"sergio-sette-camara-nio-moscou-perder-top-10-portland-faltou-comunicacao","status":"publish","type":"post","link":"https:\/\/grandepremio.com\/br\/formula-e\/sergio-sette-camara-nio-moscou-perder-top-10-portland-faltou-comunicacao\/","title":{"rendered":"Sette C\u00e2mara diz que NIO &#8220;moscou&#8221; ao perder top-10 em Portland: &#8220;Faltou comunica\u00e7\u00e3o&#8221;"},"content":{"rendered":"\n<figure class=\"wp-block-embed is-type-video is-provider-youtube wp-block-embed-youtube wp-embed-aspect-16-9 wp-has-aspect-ratio\"><div class=\"wp-block-embed__wrapper\">\n<iframe loading=\"lazy\" title=\"F\u00d3RMULA E 2023 - eP DE PORTLAND | 12\u00aa etapa | Corrida\" width=\"500\" height=\"281\" src=\"https:\/\/www.youtube.com\/embed\/jc8_1o2D2Yw?feature=oembed\" frameborder=\"0\" allow=\"accelerometer; autoplay; clipboard-write; encrypted-media; gyroscope; picture-in-picture; web-share\" referrerpolicy=\"strict-origin-when-cross-origin\" allowfullscreen><\/iframe>\n<\/div><\/figure>\n\n\n\n<p class=\"wp-block-paragraph\">O brasileiro <strong>S\u00e9rgio Sette C\u00e2mara <\/strong>se colocou muito perto dos pontos no <a aria-label=\"eP de Portland (opens in a new tab)\" href=\"https:\/\/www.youtube.com\/watch?v=jc8_1o2D2Yw\" target=\"_blank\" rel=\"noreferrer noopener\" class=\"ek-link\"><strong>eP de Portland<\/strong><\/a>, realizado pela <strong>F\u00f3rmula E<\/strong> no \u00faltimo s\u00e1bado (24), mas n\u00e3o conseguiu se manter entre os primeiros colocados at\u00e9 o fim e <a aria-label=\"amargou uma 16\u00aa coloca\u00e7\u00e3o de pouco destaque (opens in a new tab)\" href=\"https:\/\/www.grandepremio.com\/br\/formula-e\/noticias\/nick-cassidy-escala-pelotao-atuacao-memoravel-vence-ep-de-portland-lucas-di-grassi-7o\/\" target=\"_blank\" rel=\"noreferrer noopener\" class=\"ek-link\">amargou uma 16\u00aa coloca\u00e7\u00e3o de pouco destaque<\/a> na \u00fanica corrida da categoria nos Estados Unidos em 2023. Segundo o piloto da <strong>NIO<\/strong>, a prova \u2014 apesar do resultado \u2014 foi a \u00fanica sess\u00e3o em que conseguiu extrair desempenho do carro na etapa americana.<\/p>\n\n\n\n<p class=\"wp-block-paragraph\">&#8220;A corrida foi das melhores sess\u00f5es que tive em Portland&#8221;, disse Sette C\u00e2mara. &#8220;O que realmente decepcionou foi a participa\u00e7\u00e3o nas duas sess\u00f5es de treinos livres e a classifica\u00e7\u00e3o, em que n\u00e3o tinha ritmo e n\u00e3o consegui extrair nenhuma performance do carro&#8221;, admitiu.<\/p>\n\n\n\n<p class=\"wp-block-paragraph\"><strong>\u25b6\ufe0f&nbsp;<a href=\"https:\/\/www.twitch.tv\/grandepremio\" target=\"_blank\" rel=\"noreferrer noopener\">Conhe\u00e7a o canal do GRANDE PR\u00caMIO na Twitch clicando aqui!<\/a><\/strong><\/p>\n\n\n\n<figure class=\"wp-block-image size-large\"><img decoding=\"async\" src=\"https:\/\/www.grandepremio.com\/br\/wp-content\/uploads\/2023\/02\/FoodgmlXwAED6iD-1024x683.jpg\" alt=\"\" class=\"wp-image-650926\"\/><figcaption>Brasileiro espera que a NIO volte a pontuar no retorno da F\u00f3rmula E aos circuitos de rua (Foto: NIO 333)<\/figcaption><\/figure>\n\n\n\n<p class=\"wp-block-paragraph\"><strong>\u25b6\ufe0f&nbsp;Inscreva-se nos dois canais do GRANDE PR\u00caMIO no YouTube:&nbsp;<a href=\"https:\/\/www.youtube.com\/channel\/UC9OlHEgxoaY6QY6nWPoiqQg?sub_confirmation=1\" target=\"_blank\" rel=\"noreferrer noopener\">GP<\/a>&nbsp;|&nbsp;<a href=\"https:\/\/www.youtube.com\/channel\/UC9csiS6q_C3C0FYhyr1rnFA?sub_confirmation=1\" target=\"_blank\" rel=\"noreferrer noopener\">GP2<\/a><\/strong><\/p>\n\n\n\n<p class=\"wp-block-paragraph\">Na corrida, entretanto, S\u00e9rgio chegou a ocupar o quinto lugar em alguns momentos, antes de os ponteiros aumentarem o ritmo de vez e deixarem o brasileiro para tr\u00e1s. Segundo ele, faltou estabelecer uma comunica\u00e7\u00e3o melhor com a equipe pelo r\u00e1dio para definir um plano que o mantivesse entre os dez primeiros colocados.<\/p>\n\n\n\n<p class=\"wp-block-paragraph\">&#8220;Durante a corrida, pelo menos consegui lutar pelo top-10&#8221;, destacou. &#8220;Momentaneamente, cheguei a ficar em 5\u00ba, mas, no final das contas, faltou uma comunica\u00e7\u00e3o mais eficiente entre eu e meu engenheiro&#8221;, lamentou o brasileiro.<\/p>\n\n\n\n<p class=\"wp-block-paragraph\">&#8220;Os l\u00edderes elevaram o ritmo da prova, muitas pessoas me passaram e a gente ficou &#8216;moscando&#8217; ali, perdemos muitas posi\u00e7\u00f5es e n\u00e3o conseguimos recuperar depois&#8221;, explicou. &#8220;Espero que em Roma e Londres, que s\u00e3o circuitos de rua, a gente consiga fazer um resultado melhor&#8221;, finalizou.<\/p>\n\n\n\n<p class=\"wp-block-paragraph\">A pr\u00f3xima etapa do campeonato \u00e9 o&nbsp;<strong>eP de&nbsp;<a href=\"https:\/\/www.grandepremio.com\/br\/circuito\/roma\/\" target=\"_blank\" rel=\"noreferrer noopener\">Roma<\/a><\/strong>, programado para acontecer entre os dias 15 e 16 de julho. O&nbsp;<strong>GRANDE PR\u00caMIO<\/strong>, emissora oficial da&nbsp;<a href=\"https:\/\/www.grandepremio.com\/br\/formula-e\/\" target=\"_blank\" rel=\"noreferrer noopener\">F\u00f3rmula E<\/a>&nbsp;no Brasil, transmite todas as atividades de pista do fim de semana&nbsp;<strong>AO VIVO e COM IMAGENS<\/strong>&nbsp;no&nbsp;<strong>YouTube&nbsp;<\/strong>e no&nbsp;<strong>Kwai<\/strong>.<\/p>\n","protected":false},"excerpt":{"rendered":"<p>S\u00e9rgio Sette C\u00e2mara chegou a entrar no top-5 do eP de Portland em determinado momento, mas n\u00e3o conseguiu manter n\u00edvel, despencou nos \u00faltimos instantes da corrida e reclamou da comunica\u00e7\u00e3o com a equipe durante a prova<\/p>\n","protected":false},"author":0,"featured_media":1000699854,"comment_status":"closed","ping_status":"closed","sticky":false,"template":"","format":"standard","meta":{"42wp_featured_image_caption":"","42wp_featured_image_credits":"","42wp_featured_video":"","42wp_featured_image_hidden":false,"42wp_authors_list":[],"footnotes":""},"categories":[19],"tags":[28679,6853,33229,379,30779,840,31435,1601,1491,30103,28285,375,1025],"42wp_author":[47142],"class_list":["post-101711","post","type-post","status-publish","format-standard","has-post-thumbnail","hentry","category-formula-e","tag-calendario-formula-e","tag-classificacao-formula-e","tag-ep-de-portland","tag-fe","tag-fe-2023","tag-formula-e","tag-formula-e-2023","tag-gen3","tag-grande-premio","tag-grande-premio-f1","tag-grandepremio","tag-nio","tag-sergio-sette-camara","42wp_author-jp-nascimento"],"_links":{"self":[{"href":"https:\/\/grandepremio.com\/br\/wp-json\/wp\/v2\/posts\/101711","targetHints":{"allow":["GET"]}}],"collection":[{"href":"https:\/\/grandepremio.com\/br\/wp-json\/wp\/v2\/posts"}],"about":[{"href":"https:\/\/grandepremio.com\/br\/wp-json\/wp\/v2\/types\/post"}],"replies":[{"embeddable":true,"href":"https:\/\/grandepremio.com\/br\/wp-json\/wp\/v2\/comments?post=101711"}],"version-history":[{"count":0,"href":"https:\/\/grandepremio.com\/br\/wp-json\/wp\/v2\/posts\/101711\/revisions"}],"wp:featuredmedia":[{"embeddable":true,"href":"https:\/\/grandepremio.com\/br\/wp-json\/wp\/v2\/media\/1000699854"}],"wp:attachment":[{"href":"https:\/\/grandepremio.com\/br\/wp-json\/wp\/v2\/media?parent=101711"}],"wp:term":[{"taxonomy":"category","embeddable":true,"href":"https:\/\/grandepremio.com\/br\/wp-json\/wp\/v2\/categories?post=101711"},{"taxonomy":"post_tag","embeddable":true,"href":"https:\/\/grandepremio.com\/br\/wp-json\/wp\/v2\/tags?post=101711"},{"taxonomy":"42wp_author","embeddable":true,"href":"https:\/\/grandepremio.com\/br\/wp-json\/wp\/v2\/42wp_author?post=101711"}],"curies":[{"name":"wp","href":"https:\/\/api.w.org\/{rel}","templated":true}]}}