{"id":101736,"date":"2023-06-26T04:30:00","date_gmt":"2023-06-26T07:30:00","guid":{"rendered":"https:\/\/grandepremio.com\/br\/noticias\/fabio-quartararo-preve-cirurgia-piorar-lesao-pe-espera-estar-bem-silverstone\/"},"modified":"2023-06-25T14:17:58","modified_gmt":"2023-06-25T17:17:58","slug":"fabio-quartararo-preve-cirurgia-piorar-lesao-pe-espera-estar-bem-silverstone","status":"publish","type":"post","link":"https:\/\/grandepremio.com\/br\/motogp\/fabio-quartararo-preve-cirurgia-piorar-lesao-pe-espera-estar-bem-silverstone\/","title":{"rendered":"Quartararo prev\u00ea cirurgia ap\u00f3s piorar les\u00e3o no p\u00e9 e espera &#8220;estar bem para Silverstone&#8221;"},"content":{"rendered":"\n<p class=\"wp-block-paragraph\"> <strong>Fabio Quartararo<\/strong> viver\u00e1 um per\u00edodo complicado durante as f\u00e9rias da categoria que come\u00e7am ap\u00f3s o <strong>GP da Holanda<\/strong>. O piloto da <strong>Yamaha <\/strong><a href=\"https:\/\/www.grandepremio.com\/br\/motogp\/noticias\/fabio-quartararo-piora-fratura-dedao-pe-queda-gp-holanda\/\" class=\"ek-link\">sofreu um acidente com <strong>Johann Zarco<\/strong><\/a>, da <strong>Ducati<\/strong>, e acredita que ter\u00e1 de passar por uma cirurgia no ded\u00e3o de seu p\u00e9 esquerdo, que j\u00e1 estava lesionado antes da corrida em <strong>Assen<\/strong>.<\/p>\n\n\n\n<p class=\"wp-block-paragraph\">O franc\u00eas acabou tamb\u00e9m tendo uma entorse no cotovelo esquerdo devido a queda. A pr\u00f3xima rodada da <strong>MotoGP <\/strong>ser\u00e1 apenas no dia 6 de agosto no <strong>GP da Gr\u00e3-Bretanha <\/strong>e, com isso, &#8216;El Diablo&#8217; tem tempo para se recuperar e se preparar para a segunda metade da temporada.<\/p>\n\n\n\n<p class=\"wp-block-paragraph\">\u201c[A recupera\u00e7\u00e3o do bra\u00e7o] n\u00e3o ser\u00e1 t\u00e3o longa. J\u00e1 o p\u00e9, vou ter de verificar, mas espero uma cirurgia. N\u00e3o sei se poderia correr agora, est\u00e1 doendo muito. Acho que vou descansar agora, mas espero estar pronto para Silverstone&#8221;, comentou o piloto.<\/p>\n\n\n\n<figure class=\"wp-block-video\"><video class=\"video-js vjs-big-play-centered\" data-gp-vjs=\"1\" controls poster=\"https:\/\/www.grandepremio.com\/br\/wp-content\/uploads\/2023\/06\/Quartararo-e-Zarco-na-Holanda-poster.jpeg\" src=\"https:\/\/www.grandepremio.com\/br\/wp-content\/uploads\/2023\/06\/Quartararo-e-Zarco-na-Holanda.mp4\"><\/video><\/figure>\n\n\n\n<p class=\"wp-block-paragraph\">No incidente, Zarco se levantou imediatamente, mas Quartararo teve de ser ajudado pelos comiss\u00e1rios de pista e levado para o centro m\u00e9dico. O <strong>#20<\/strong> ainda explicou as raz\u00f5es do acidente. Segundo ele, tudo come\u00e7ou com sua largada ruim. &#8220;Cometi um erro na largada e a partir da\u00ed forcei um pouco para compensar. A culpa \u00e9 minha. Mas tivemos um \u00f3timo ritmo, grande velocidade, ent\u00e3o vou encarar como um fim de semana positivo. Sinto que tenho andado no meu melhor&#8221;, lamentou.<\/p>\n\n\n\n<p class=\"wp-block-paragraph\"><strong>\u25b6\ufe0f&nbsp;<a href=\"https:\/\/www.twitch.tv\/grandepremio\" target=\"_blank\" rel=\"noreferrer noopener\">Conhe\u00e7a o canal do GRANDE PR\u00caMIO na Twitch clicando aqui!<\/a><\/strong><\/p>\n\n\n\n<p class=\"wp-block-paragraph\"><strong>\u25b6\ufe0f&nbsp;Inscreva-se nos dois canais do GRANDE PR\u00caMIO no YouTube:&nbsp;<a href=\"https:\/\/www.youtube.com\/channel\/UC9OlHEgxoaY6QY6nWPoiqQg?sub_confirmation=1\" target=\"_blank\" rel=\"noreferrer noopener\">GP<\/a>&nbsp;|&nbsp;<a href=\"https:\/\/www.youtube.com\/channel\/UC9csiS6q_C3C0FYhyr1rnFA?sub_confirmation=1\" target=\"_blank\" rel=\"noreferrer noopener\">GP2<\/a><\/strong><\/p>\n\n\n\n<p class=\"wp-block-paragraph\">Johann Zarco tamb\u00e9m comentou sobre o acidente, reiterando que n\u00e3o sofreu &#8220;nenhum grande machucado&#8221;. &#8220;Quando tentei passar Fabio entre as curvas 7 e 8, acelerei novamente para sair bem na entrada da 8. Ele caiu e como eu j\u00e1 estava bem perto da roda dele, me levou&#8221;, contou. No momento da queda, os dois ocupavam a 12\u00aa e 13\u00aa posi\u00e7\u00f5es na prova.&nbsp;<\/p>\n\n\n\n<p class=\"wp-block-paragraph\">Esse \u00e9 o primeiro rev\u00e9s de Quartararo ap\u00f3s tr\u00eas p\u00f3dios consecutivos. &#8220;Desde sexta-feira, estava tudo uma bagun\u00e7a e arrastei isso pelo resto do fim de semana. Mas as f\u00e9rias ser\u00e3o boas. N\u00e3o falta muito para lutarmos pela vit\u00f3ria&#8221;, concluiu.<\/p>\n\n\n\n<p class=\"wp-block-paragraph\">A&nbsp;<strong><a href=\"https:\/\/grandepremio.com\/motovelocidade\/\" target=\"_blank\" rel=\"noreferrer noopener\">MotoGP<\/a><\/strong>&nbsp;agora entra em f\u00e9rias e volta \u00e0 ativa apenas entre os dias 4 e 6 de agosto para o GP da&nbsp;<strong>Gr\u00e3-Bretanha<\/strong>, em&nbsp;<strong><a href=\"https:\/\/www.grandepremio.com\/br\/circuito\/silverstone\/\" target=\"_blank\" rel=\"noreferrer noopener\">Silverstone<\/a><\/strong>. O&nbsp;<strong>GRANDE PR\u00caMIO<\/strong>&nbsp;acompanha todas as atividades do&nbsp;<strong>Mundial de&nbsp;<a href=\"https:\/\/www.grandepremio.com\/motovelocidade\/\" target=\"_blank\" rel=\"noreferrer noopener\">Motovelocidade<\/a>&nbsp;2023<\/strong>.<\/p>\n","protected":false},"excerpt":{"rendered":"<p>Fabio Quartararo caiu no GP da Holanda e, al\u00e9m de um entorse no cotovelo, piorou a les\u00e3o no ded\u00e3o do p\u00e9 esquerdo<\/p>\n","protected":false},"author":0,"featured_media":1000700259,"comment_status":"closed","ping_status":"closed","sticky":false,"template":"","format":"standard","meta":{"42wp_featured_image_caption":"","42wp_featured_image_credits":"","42wp_featured_video":"","42wp_featured_image_hidden":false,"42wp_authors_list":[],"footnotes":""},"categories":[8],"tags":[131,110,1388,24836,28285,144,78,27538,172],"42wp_author":[47157],"class_list":["post-101736","post","type-post","status-publish","format-standard","has-post-thumbnail","hentry","category-motogp","tag-ducati","tag-fabio-quartararo","tag-gp-da-holanda","tag-grande-premio-2","tag-grandepremio","tag-johann-zarco","tag-motogp","tag-motogp-2023","tag-yamaha","42wp_author-jonas-souza"],"_links":{"self":[{"href":"https:\/\/grandepremio.com\/br\/wp-json\/wp\/v2\/posts\/101736","targetHints":{"allow":["GET"]}}],"collection":[{"href":"https:\/\/grandepremio.com\/br\/wp-json\/wp\/v2\/posts"}],"about":[{"href":"https:\/\/grandepremio.com\/br\/wp-json\/wp\/v2\/types\/post"}],"replies":[{"embeddable":true,"href":"https:\/\/grandepremio.com\/br\/wp-json\/wp\/v2\/comments?post=101736"}],"version-history":[{"count":0,"href":"https:\/\/grandepremio.com\/br\/wp-json\/wp\/v2\/posts\/101736\/revisions"}],"wp:featuredmedia":[{"embeddable":true,"href":"https:\/\/grandepremio.com\/br\/wp-json\/wp\/v2\/media\/1000700259"}],"wp:attachment":[{"href":"https:\/\/grandepremio.com\/br\/wp-json\/wp\/v2\/media?parent=101736"}],"wp:term":[{"taxonomy":"category","embeddable":true,"href":"https:\/\/grandepremio.com\/br\/wp-json\/wp\/v2\/categories?post=101736"},{"taxonomy":"post_tag","embeddable":true,"href":"https:\/\/grandepremio.com\/br\/wp-json\/wp\/v2\/tags?post=101736"},{"taxonomy":"42wp_author","embeddable":true,"href":"https:\/\/grandepremio.com\/br\/wp-json\/wp\/v2\/42wp_author?post=101736"}],"curies":[{"name":"wp","href":"https:\/\/api.w.org\/{rel}","templated":true}]}}