{"id":101772,"date":"2023-06-24T17:24:53","date_gmt":"2023-06-24T20:24:53","guid":{"rendered":"https:\/\/grandepremio.com\/br\/noticias\/hamda-al-qubaisi-domina-e-vence-corrida-1-da-f1-academy-em-zandvoort\/"},"modified":"2023-06-25T18:25:26","modified_gmt":"2023-06-25T21:25:26","slug":"hamda-al-qubaisi-domina-e-vence-corrida-1-da-f1-academy-em-zandvoort","status":"publish","type":"post","link":"https:\/\/grandepremio.com\/br\/f1-academy\/hamda-al-qubaisi-domina-e-vence-corrida-1-da-f1-academy-em-zandvoort\/","title":{"rendered":"Hamda Al Qubaisi domina e vence corrida 1 da F1 Academy em Zandvoort"},"content":{"rendered":"\n<p class=\"wp-block-paragraph\"><strong>Hamda Al Qubaisi <\/strong>dominou a corrida 1 da <strong>F1 Academy <\/strong>em<strong> Zandvoort,<\/strong> na Holanda, disputada neste s\u00e1bado (24). A pilota emirade largou da pole-position e dominou a prova de ponta a ponta, \u00c9 a segunda vit\u00f3ria de Al Qubaisi na temporada inaugural da categoria inteiramente feminina.<\/p>\n\n\n\n<p class=\"wp-block-paragraph\">L\u00edder do campeonato, a espanhola <strong>Marta Garc\u00eda<\/strong> chegou a ocupar posi\u00e7\u00f5es de p\u00f3dio, mas sofreu com problemas mec\u00e2nicos e foi for\u00e7ada a abandonar. Foi a primeira vez na atual temporada em que Garc\u00eda n\u00e3o completou uma corrida. A vantagem sobre Hamda na classifia\u00e7\u00e3o do campeonato caiu para 11 pontos.<\/p>\n\n\n\n<figure class=\"wp-block-image size-full\"><img decoding=\"async\" src=\"https:\/\/www.grandepremio.com\/br\/wp-content\/uploads\/2023\/06\/imagem_2023-06-24_171659530.png\" alt=\"\" class=\"wp-image-699857\"\/><figcaption>Hamda Al Qubaisi venceu (Foto: F1 Academy)<\/figcaption><\/figure>\n\n\n\n<p class=\"wp-block-paragraph\"><strong>\u25b6\ufe0f\u00a0Inscreva-se nos dois canais do GRANDE PR\u00caMIO no YouTube:\u00a0<a href=\"https:\/\/www.youtube.com\/channel\/UC9OlHEgxoaY6QY6nWPoiqQg?sub_confirmation=1\" target=\"_blank\" rel=\"noreferrer noopener\">GP<\/a>\u00a0|\u00a0<a href=\"https:\/\/www.youtube.com\/channel\/UC9csiS6q_C3C0FYhyr1rnFA?sub_confirmation=1\" target=\"_blank\" rel=\"noreferrer noopener\">GP2<\/a><\/strong><br><strong>\u25b6\ufe0f\u00a0<a href=\"https:\/\/www.twitch.tv\/grandepremio\" target=\"_blank\" rel=\"noreferrer noopener\">Conhe\u00e7a o canal do GRANDE PR\u00caMIO na Twitch clicando aqui!<\/a><\/strong><\/p>\n\n\n\n<p class=\"wp-block-paragraph\">O p\u00f3dio em Zandvoort tamb\u00e9m teve a presen\u00e7a da su\u00ed\u00e7a <strong>Lena B\u00fchler<\/strong>, no segundo lugar, enquanto a espanhola <strong>Nerea Mart\u00ed <\/strong>ficou na terceira posi\u00e7\u00e3o. A brit\u00e2nica <strong>Jessica Edgar<\/strong> foi quarta, seguida pela pilota da casa, <strong>Emely de Heus.<\/strong><\/p>\n\n\n\n<p class=\"wp-block-paragraph\">O sexto posto ficou com a alem\u00e3 Carrie Schreiner, seguida pela inglesa Abbi Pullling, a emirade Amna Al Qubaisi, a francesa Lola Lovinfosse e a filipina Bianca Bustamante, que fecharam os pontos.<\/p>\n\n\n\n<p class=\"wp-block-paragraph\">As corridas 2 e 3 da rodada tripla da F1 Academy em Zandvoort acontecem neste domingo (25).<\/p>\n","protected":false},"excerpt":{"rendered":"<p>Hamda Al Qubaisi demonstrou uma performance impec\u00e1vel na corrida 1 da F1 Academy em Zandvoort, na Holanda, neste s\u00e1bado (24), deixando a concorr\u00eancia para tr\u00e1s. A pilota dos Emirados \u00c1rabes Unidos garantiu a pole position e liderou de ponta a ponta, conquistando sua segunda vit\u00f3ria na temporada inaugural da categoria totalmente feminina.<\/p>\n","protected":false},"author":0,"featured_media":1000699856,"comment_status":"closed","ping_status":"closed","sticky":false,"template":"","format":"standard","meta":{"42wp_featured_image_caption":"","42wp_featured_image_credits":"","42wp_featured_video":"","42wp_featured_image_hidden":false,"42wp_authors_list":[],"footnotes":""},"categories":[48],"tags":[33060,1388,28285,25446,1389],"42wp_author":[47119],"class_list":["post-101772","post","type-post","status-publish","format-standard","has-post-thumbnail","hentry","category-f1-academy","tag-f1-academy","tag-gp-da-holanda","tag-grandepremio","tag-marta-garcia","tag-zandvoort","42wp_author-gabriel-carvalho"],"_links":{"self":[{"href":"https:\/\/grandepremio.com\/br\/wp-json\/wp\/v2\/posts\/101772","targetHints":{"allow":["GET"]}}],"collection":[{"href":"https:\/\/grandepremio.com\/br\/wp-json\/wp\/v2\/posts"}],"about":[{"href":"https:\/\/grandepremio.com\/br\/wp-json\/wp\/v2\/types\/post"}],"replies":[{"embeddable":true,"href":"https:\/\/grandepremio.com\/br\/wp-json\/wp\/v2\/comments?post=101772"}],"version-history":[{"count":0,"href":"https:\/\/grandepremio.com\/br\/wp-json\/wp\/v2\/posts\/101772\/revisions"}],"wp:featuredmedia":[{"embeddable":true,"href":"https:\/\/grandepremio.com\/br\/wp-json\/wp\/v2\/media\/1000699856"}],"wp:attachment":[{"href":"https:\/\/grandepremio.com\/br\/wp-json\/wp\/v2\/media?parent=101772"}],"wp:term":[{"taxonomy":"category","embeddable":true,"href":"https:\/\/grandepremio.com\/br\/wp-json\/wp\/v2\/categories?post=101772"},{"taxonomy":"post_tag","embeddable":true,"href":"https:\/\/grandepremio.com\/br\/wp-json\/wp\/v2\/tags?post=101772"},{"taxonomy":"42wp_author","embeddable":true,"href":"https:\/\/grandepremio.com\/br\/wp-json\/wp\/v2\/42wp_author?post=101772"}],"curies":[{"name":"wp","href":"https:\/\/api.w.org\/{rel}","templated":true}]}}