{"id":101774,"date":"2023-06-24T16:02:59","date_gmt":"2023-06-24T19:02:59","guid":{"rendered":"https:\/\/grandepremio.com\/br\/noticias\/maro-engel-quebra-jejum-6-anos-vence-corrida-1-dtm-zandvoort\/"},"modified":"2023-06-26T13:20:54","modified_gmt":"2023-06-26T16:20:54","slug":"maro-engel-quebra-jejum-6-anos-vence-corrida-1-dtm-zandvoort","status":"publish","type":"post","link":"https:\/\/grandepremio.com\/br\/dtm\/maro-engel-quebra-jejum-6-anos-vence-corrida-1-dtm-zandvoort\/","title":{"rendered":"Engel quebra jejum de 6 anos e vence corrida 1 do DTM em Zandvoort"},"content":{"rendered":"\n<p class=\"wp-block-paragraph\"><strong>Maro Engel, da Mercedes<\/strong>, venceu a corrida 1 do <strong>DTM<\/strong> em<strong> Zandvoort,<\/strong> na Holanda, disputada neste s\u00e1bado (24). O piloto alem\u00e3o, que representa a <strong>Team Mann-Filter,<\/strong> largou da pole-position e dominou a prova, s\u00f3 perdendo a lideran\u00e7a apenas no momento do pit-stop. Foi a primeira vit\u00f3ria de Engel no campeonato desde 2017.<\/p>\n\n\n\n<p class=\"wp-block-paragraph\">O segundo lugar ficou com o atual campe\u00e3o Sheldon van der Linde, da BMW, enquanto o terceiro posto ficou nas m\u00e3os do franc\u00eas <strong>Franck Perera<\/strong>, da Lamborghini. Perera, inclusive, vai para o domingo como l\u00edder do campeonato, com 48 pontos contra 42 do alem\u00e3o <strong>Tim Heinemann,<\/strong> que foi apenas 19\u00ba neste s\u00e1bado.<\/p>\n\n\n\n<p class=\"wp-block-paragraph\"><strong>\u25b6\ufe0f\u00a0Inscreva-se nos dois canais do GRANDE PR\u00caMIO no YouTube:\u00a0<a href=\"https:\/\/www.youtube.com\/channel\/UC9OlHEgxoaY6QY6nWPoiqQg?sub_confirmation=1\" target=\"_blank\" rel=\"noreferrer noopener\">GP<\/a>\u00a0|\u00a0<a href=\"https:\/\/www.youtube.com\/channel\/UC9csiS6q_C3C0FYhyr1rnFA?sub_confirmation=1\" target=\"_blank\" rel=\"noreferrer noopener\">GP2<\/a><\/strong><br><strong>\u25b6\ufe0f\u00a0<a href=\"https:\/\/www.twitch.tv\/grandepremio\" target=\"_blank\" rel=\"noreferrer noopener\">Conhe\u00e7a o canal do GRANDE PR\u00caMIO na Twitch clicando aqui!<\/a><\/strong><\/p>\n\n\n\n<figure class=\"wp-block-image size-large\"><img decoding=\"async\" src=\"https:\/\/www.grandepremio.com\/br\/wp-content\/uploads\/2023\/06\/imagem_2023-06-24_155459636-1024x683.png\" alt=\"\" class=\"wp-image-699829\"\/><figcaption>Engel quebrou jejum de  6 anos no DTM (Foto: DTM)<\/figcaption><\/figure>\n\n\n\n<p class=\"wp-block-paragraph\">O italiano <strong>Mirko Bortolotti<\/strong> ficou na quarta posi\u00e7\u00e3o, seguido pelo alem\u00e3o <strong>Marco Wittmann, <\/strong>que fechou o top-5. O austr\u00edaco <strong>Lucas Auer<\/strong> foi sexto, \u00e0 frente do compatriota <strong>Thomas Preining<\/strong>. Estreando na temporada apenas neste fim de semana, <strong>Albert Costa e Dries Vanthoor<\/strong> vieram na sequ\u00eancia, enquanto <strong>Jusuf Ortega <\/strong>finalizou o top-10.<\/p>\n\n\n\n<p class=\"wp-block-paragraph\">O DTM retorna neste domingo com o encerramento da rodada dupla de Zandvoort. O campeonato \u00e9 formado por 8 etapas e tem previs\u00e3o de t\u00e9rmino em 21 e 22 de outubro.<\/p>\n","protected":false},"excerpt":{"rendered":"<p>Sem vencer desde 2017, Maro Engel brilhou e saiu com o triunfo de forma dominante na corrida 1 do DTM em Zandvoort, na Holanda<\/p>\n","protected":false},"author":0,"featured_media":1000699830,"comment_status":"closed","ping_status":"closed","sticky":false,"template":"","format":"standard","meta":{"42wp_featured_image_caption":"","42wp_featured_image_credits":"","42wp_featured_video":"","42wp_featured_image_hidden":false,"42wp_authors_list":[],"footnotes":""},"categories":[13],"tags":[981,707,969,7532,412,1491,28285,901,739,25544,1550,4103,7522,82,29379,25924,3330,1389],"42wp_author":[47119],"class_list":["post-101774","post","type-post","status-publish","format-standard","has-post-thumbnail","hentry","category-dtm","tag-automobilismo","tag-bmw","tag-corrida","tag-dries-vanthoor","tag-dtm","tag-grande-premio","tag-grandepremio","tag-holanda","tag-lamborghini","tag-lideranca","tag-lucas-auer","tag-marco-wittmann","tag-maro-engel","tag-mercedes","tag-mirko-bortolotti","tag-sheldon-van-der-linde","tag-thomas-preining","tag-zandvoort","42wp_author-gabriel-carvalho"],"_links":{"self":[{"href":"https:\/\/grandepremio.com\/br\/wp-json\/wp\/v2\/posts\/101774","targetHints":{"allow":["GET"]}}],"collection":[{"href":"https:\/\/grandepremio.com\/br\/wp-json\/wp\/v2\/posts"}],"about":[{"href":"https:\/\/grandepremio.com\/br\/wp-json\/wp\/v2\/types\/post"}],"replies":[{"embeddable":true,"href":"https:\/\/grandepremio.com\/br\/wp-json\/wp\/v2\/comments?post=101774"}],"version-history":[{"count":0,"href":"https:\/\/grandepremio.com\/br\/wp-json\/wp\/v2\/posts\/101774\/revisions"}],"wp:featuredmedia":[{"embeddable":true,"href":"https:\/\/grandepremio.com\/br\/wp-json\/wp\/v2\/media\/1000699830"}],"wp:attachment":[{"href":"https:\/\/grandepremio.com\/br\/wp-json\/wp\/v2\/media?parent=101774"}],"wp:term":[{"taxonomy":"category","embeddable":true,"href":"https:\/\/grandepremio.com\/br\/wp-json\/wp\/v2\/categories?post=101774"},{"taxonomy":"post_tag","embeddable":true,"href":"https:\/\/grandepremio.com\/br\/wp-json\/wp\/v2\/tags?post=101774"},{"taxonomy":"42wp_author","embeddable":true,"href":"https:\/\/grandepremio.com\/br\/wp-json\/wp\/v2\/42wp_author?post=101774"}],"curies":[{"name":"wp","href":"https:\/\/api.w.org\/{rel}","templated":true}]}}