{"id":101811,"date":"2023-06-23T17:12:30","date_gmt":"2023-06-23T20:12:30","guid":{"rendered":"https:\/\/grandepremio.com\/br\/noticias\/sergio-sette-camara-importancia-gestao-energia-reta-muito-longa-portland\/"},"modified":"2023-06-23T17:41:51","modified_gmt":"2023-06-23T20:41:51","slug":"sergio-sette-camara-importancia-gestao-energia-reta-muito-longa-portland","status":"publish","type":"post","link":"https:\/\/grandepremio.com\/br\/formula-e\/sergio-sette-camara-importancia-gestao-energia-reta-muito-longa-portland\/","title":{"rendered":"Sette C\u00e2mara destaca import\u00e2ncia da gest\u00e3o de energia em &#8220;reta muito longa&#8221; de Portland"},"content":{"rendered":"\n<figure class=\"wp-block-embed is-type-video is-provider-youtube wp-block-embed-youtube wp-embed-aspect-16-9 wp-has-aspect-ratio\"><div class=\"wp-block-embed__wrapper\">\n<iframe loading=\"lazy\" title=\"ALERGIA A VENCER VAI TIRAR T\u00cdTULO DE JAKE DENNIS NA F\u00d3RMULA E | GP \u00c0S 10\" width=\"500\" height=\"281\" src=\"https:\/\/www.youtube.com\/embed\/QHPUDtIDSoY?feature=oembed\" frameborder=\"0\" allow=\"accelerometer; autoplay; clipboard-write; encrypted-media; gyroscope; picture-in-picture; web-share\" referrerpolicy=\"strict-origin-when-cross-origin\" allowfullscreen><\/iframe>\n<\/div><\/figure>\n\n\n\n<p class=\"wp-block-paragraph\">Depois de ser retirado do grid do <strong><a href=\"https:\/\/www.youtube.com\/watch?v=wwYlRjDMmSs\" target=\"_blank\" aria-label=\" (opens in a new tab)\" rel=\"noreferrer noopener\" class=\"ek-link\">eP de Jacarta 2<\/a><\/strong> por determina\u00e7\u00e3o da <strong>FIA<\/strong>, que n\u00e3o considerou o carro da <strong>NIO <\/strong>seguro, <strong>S\u00e9rgio<\/strong> <strong>Sette<\/strong> <strong>C\u00e2mara <\/strong>estar\u00e1 de volta \u00e0 a\u00e7\u00e3o no pr\u00f3ximo fim de semana, no <strong>eP de Portland<\/strong> da <strong>F\u00f3rmula E<\/strong>. Em uma temporada j\u00e1 protagonizada por circuitos extremamente r\u00e1pidos, a pista americana promete n\u00e3o decepcionar em nenhum aspecto com suas longas retas, e isso j\u00e1 gera preocupa\u00e7\u00f5es em rela\u00e7\u00e3o \u00e0s estrat\u00e9gias.<\/p>\n\n\n\n<p class=\"wp-block-paragraph\">Segundo o piloto brasileiro, a configura\u00e7\u00e3o do tra\u00e7ado vai obrigar os pilotos a se preocuparem bastante com o gerenciamento de energia dos carros, algo que pode determinar a vit\u00f3ria na \u00fanica corrida da F\u00f3rmula E nos Estados Unidos em 2023.<\/p>\n\n\n\n<p class=\"wp-block-paragraph\">&#8220;A gest\u00e3o de energia vai ser mais importante aqui do que em outras corridas. A reta \u00e9 muito longa, ent\u00e3o, a gente vai ter de tirar o p\u00e9 no meio da reta&#8221;, ressaltou. &#8220;Quem tiver mais energia no final da corrida vai levar a melhor, sem d\u00favidas&#8221;, finalizou.<\/p>\n\n\n\n<p class=\"wp-block-paragraph\"><strong>\u25b6\ufe0f&nbsp;<a href=\"https:\/\/www.twitch.tv\/grandepremio\" target=\"_blank\" rel=\"noreferrer noopener\">Conhe\u00e7a o canal do GRANDE PR\u00caMIO na Twitch clicando aqui!<\/a><\/strong><\/p>\n\n\n\n<figure class=\"wp-block-image size-large\"><img decoding=\"async\" src=\"https:\/\/www.grandepremio.com\/br\/wp-content\/uploads\/2023\/06\/EPS910_074048_AF28632-2048x2048-1-1024x683.jpg\" alt=\"\" class=\"wp-image-690832\"\/><figcaption>Sette C\u00e2mara nem largou na corrida 2 em Jacarta (Foto: F\u00f3rmula E)<\/figcaption><\/figure>\n\n\n\n<p class=\"wp-block-paragraph\">O brasileiro lamentou o problema el\u00e9trico sofrido em Jacarta, o que n\u00e3o permitiu que o carro tivesse seguran\u00e7a o suficiente para correr, mas disse que a equipe j\u00e1 trabalhou para acertar os ponteiros em Portland.<\/p>\n\n\n\n<p class=\"wp-block-paragraph\">&#8220;Estou com muita vontade de voltar para as pistas, n\u00e3o consegui fazer a corrida 2 de Jacarta porque tive um problema no carro \u2014 o que foi uma pena, porque eu tinha me classificado bem em compara\u00e7\u00e3o ao primeiro dia&#8221;, destacou o brasileiro.<\/p>\n\n\n\n<p class=\"wp-block-paragraph\">&#8220;A gente teve problemas el\u00e9tricos, meu carro est\u00e1 sendo reconstru\u00eddo e vai estar tudo bem para amanh\u00e3&#8221;, garantiu. &#8220;Eu estou bem animado&#8221;, frisou.<\/p>\n\n\n\n<p class=\"wp-block-paragraph\">Por fim, ao opinar sobre as principais diferen\u00e7as entre circuitos urbanos e permanentes, como o de Portland, por exemplo, S\u00e9rgio n\u00e3o se esquivou e disse ter prefer\u00eancia pelos de rua. Por outro lado, o piloto compreende a import\u00e2ncia da mescla com pistas mais tradicionais.<\/p>\n\n\n\n<figure class=\"wp-block-image size-large\"><img decoding=\"async\" src=\"https:\/\/www.grandepremio.com\/br\/wp-content\/uploads\/2023\/05\/EPS909_071858SMG_2644-2048x2048-1-1024x683.jpg\" alt=\"\" class=\"wp-image-681025\"\/><figcaption>Sette C\u00e2mara destacou a import\u00e2ncia de controlar a energia em Portland (Foto: F\u00f3rmula E)<\/figcaption><\/figure>\n\n\n\n<p class=\"wp-block-paragraph\"><strong>\u25b6\ufe0f&nbsp;Inscreva-se nos dois canais do GRANDE PR\u00caMIO no YouTube:&nbsp;<a href=\"https:\/\/www.youtube.com\/channel\/UC9OlHEgxoaY6QY6nWPoiqQg?sub_confirmation=1\" target=\"_blank\" rel=\"noreferrer noopener\">GP<\/a>&nbsp;|&nbsp;<a href=\"https:\/\/www.youtube.com\/channel\/UC9csiS6q_C3C0FYhyr1rnFA?sub_confirmation=1\" target=\"_blank\" rel=\"noreferrer noopener\">GP2<\/a><\/strong><\/p>\n\n\n\n<p class=\"wp-block-paragraph\">&#8220;Tenho uma prefer\u00eancia por circuitos urbanos, acho que a F\u00f3rmula E foi desenhada para eles&#8221;, disse. &#8220;Mas os circuitos permanentes t\u00eam sua gra\u00e7a tamb\u00e9m, \u00e9 bom ter uma, duas, at\u00e9 tr\u00eas corridas em pistas assim. Acho que [essa mistura], com a maioria de circuitos urbanos, \u00e9 a receita perfeita para a F\u00f3rmula E&#8221;, avaliou.<\/p>\n\n\n\n<p class=\"wp-block-paragraph\">O\u00a0<strong>GRANDE PR\u00caMIO<\/strong>, emissora oficial da\u00a0<a href=\"https:\/\/www.grandepremio.com\/br\/formula-e\/\" target=\"_blank\" rel=\"noreferrer noopener\"><\/a><a href=\"https:\/\/www.grandepremio.com\/br\/formula-e\/\" target=\"_blank\" rel=\"noreferrer noopener\">F\u00f3rmula E<\/a>\u00a0no Brasil, vai transmitir todas as atividades de pista\u00a0<strong>AO VIVO<\/strong>\u00a0e com imagens diretamente do\u00a0<strong>YouTube\u00a0<\/strong>e do aplicativo\u00a0<strong>Kwai<\/strong>. A\u00a0<a href=\"https:\/\/formula1aovivo.com\/\" target=\"_blank\" rel=\"noreferrer noopener\">transmiss\u00e3o<\/a>\u00a0desta sexta-feira (23), com o <strong>TL1 <\/strong>de <strong>Portland<\/strong>, abre pouco antes do in\u00edcio da sess\u00e3o, \u00e0s\u00a0<strong>20h45.<\/strong>\u00a0<\/p>\n\n\n\n<p class=\"wp-block-paragraph\"><strong>Matheus Pinheiro\u00a0<\/strong>comanda a narra\u00e7\u00e3o, com coment\u00e1rios de\u00a0<strong>JP Nascimento\u00a0<\/strong>e\u00a0<strong>Pedro Henrique Marum<\/strong>, al\u00e9m da produ\u00e7\u00e3o de\u00a0<strong>Rodrigo Berton\u00a0<\/strong>em conjunto com a\u00a0<strong>LiveSports<\/strong>.<\/p>\n","protected":false},"excerpt":{"rendered":"<p>S\u00e9rgio Sette C\u00e2mara destacou caracter\u00edsticas do tra\u00e7ado de Portland, onde a F\u00f3rmula E estreia neste fim de semana, e disse que a gest\u00e3o de energia pode determinar o vencedor<\/p>\n","protected":false},"author":0,"featured_media":1000689133,"comment_status":"closed","ping_status":"closed","sticky":false,"template":"","format":"standard","meta":{"42wp_featured_image_caption":"","42wp_featured_image_credits":"","42wp_featured_video":"","42wp_featured_image_hidden":false,"42wp_authors_list":[],"footnotes":""},"categories":[19],"tags":[28679,6853,33229,379,30779,840,31435,1601,1491,30103,28285,375,1025],"42wp_author":[47142],"class_list":["post-101811","post","type-post","status-publish","format-standard","has-post-thumbnail","hentry","category-formula-e","tag-calendario-formula-e","tag-classificacao-formula-e","tag-ep-de-portland","tag-fe","tag-fe-2023","tag-formula-e","tag-formula-e-2023","tag-gen3","tag-grande-premio","tag-grande-premio-f1","tag-grandepremio","tag-nio","tag-sergio-sette-camara","42wp_author-jp-nascimento"],"_links":{"self":[{"href":"https:\/\/grandepremio.com\/br\/wp-json\/wp\/v2\/posts\/101811","targetHints":{"allow":["GET"]}}],"collection":[{"href":"https:\/\/grandepremio.com\/br\/wp-json\/wp\/v2\/posts"}],"about":[{"href":"https:\/\/grandepremio.com\/br\/wp-json\/wp\/v2\/types\/post"}],"replies":[{"embeddable":true,"href":"https:\/\/grandepremio.com\/br\/wp-json\/wp\/v2\/comments?post=101811"}],"version-history":[{"count":0,"href":"https:\/\/grandepremio.com\/br\/wp-json\/wp\/v2\/posts\/101811\/revisions"}],"wp:featuredmedia":[{"embeddable":true,"href":"https:\/\/grandepremio.com\/br\/wp-json\/wp\/v2\/media\/1000689133"}],"wp:attachment":[{"href":"https:\/\/grandepremio.com\/br\/wp-json\/wp\/v2\/media?parent=101811"}],"wp:term":[{"taxonomy":"category","embeddable":true,"href":"https:\/\/grandepremio.com\/br\/wp-json\/wp\/v2\/categories?post=101811"},{"taxonomy":"post_tag","embeddable":true,"href":"https:\/\/grandepremio.com\/br\/wp-json\/wp\/v2\/tags?post=101811"},{"taxonomy":"42wp_author","embeddable":true,"href":"https:\/\/grandepremio.com\/br\/wp-json\/wp\/v2\/42wp_author?post=101811"}],"curies":[{"name":"wp","href":"https:\/\/api.w.org\/{rel}","templated":true}]}}