{"id":101818,"date":"2023-06-23T14:48:04","date_gmt":"2023-06-23T17:48:04","guid":{"rendered":"https:\/\/grandepremio.com\/br\/noticias\/sebastien-ogier-lidera-abre-vantagem-sexta-feira-rali-quenia-thierry-neuville-abandona\/"},"modified":"2023-06-26T13:26:56","modified_gmt":"2023-06-26T16:26:56","slug":"sebastien-ogier-lidera-abre-vantagem-sexta-feira-rali-quenia-thierry-neuville-abandona","status":"publish","type":"post","link":"https:\/\/grandepremio.com\/br\/rally\/sebastien-ogier-lidera-abre-vantagem-sexta-feira-rali-quenia-thierry-neuville-abandona\/","title":{"rendered":"Ogier lidera e abre vantagem na sexta-feira de Rali do Qu\u00eania. Neuville abandona"},"content":{"rendered":"\n<p class=\"wp-block-paragraph\">O franc\u00eas <strong>S\u00e9bastien Ogier, da Toyota<\/strong>, saiu com a lideran\u00e7a no segundo dia de <strong>Rally Safari, no Qu\u00eania. <\/strong>Mesmo com um problema na unidade h\u00edbrida do Yaris no come\u00e7o do dia, ele se recuperou ao longo da sexta-feira (23) e terminou na lideran\u00e7a, abrindo 22s5 para o atual campe\u00e3o e companheuro de equipe <strong>Kalle Rovanper\u00e4.<\/strong><\/p>\n\n\n\n<p class=\"wp-block-paragraph\">Rovanper\u00e4, que tamb\u00e9m lidera o atual campeonato, sofreu com understeer na segunda metade do dia, e acabou deixando a lideran\u00e7a de Ogier aumentar. Apesar disso, a sexta-feira ainda \u00e9 de celebra\u00e7\u00e3o da Toyota, que forma 1-2-3 na classifica\u00e7\u00e3o com o gal\u00eas<strong> Elfyn Evans<\/strong> completando no terceiro lugar.<\/p>\n\n\n\n<p class=\"wp-block-paragraph\">A sexta-feira tamb\u00e9m ficou marcada pelo abandono do belga<strong> Thierry Neuville<\/strong>. <a href=\"https:\/\/www.grandepremio.com\/br\/rally\/noticias\/thierry-neuville-confirma-vitoria-rali-italia-sardenha-quebra-jejum-hyundai\/\" class=\"ek-link\">Vencedor da \u00faltima etapa <\/a>do WRC, que aconteceu na It\u00e1lia, o piloto abandonou ap\u00f3s um acidente que destruiu a suspens\u00e3o dianteira esquerda. O quarto lugar agora \u00e9 de <strong>Esapekka Lappi,<\/strong> companheiro de Thierry na Hyundai.<\/p>\n\n\n\n<p class=\"wp-block-paragraph\"><strong>\u25b6\ufe0f\u00a0Inscreva-se nos dois canais do GRANDE PR\u00caMIO no YouTube:\u00a0<a href=\"https:\/\/www.youtube.com\/channel\/UC9OlHEgxoaY6QY6nWPoiqQg?sub_confirmation=1\" target=\"_blank\" rel=\"noreferrer noopener\">GP<\/a>\u00a0|\u00a0<a href=\"https:\/\/www.youtube.com\/channel\/UC9csiS6q_C3C0FYhyr1rnFA?sub_confirmation=1\" target=\"_blank\" rel=\"noreferrer noopener\">GP2<\/a><\/strong><br><strong>\u25b6\ufe0f\u00a0<a href=\"https:\/\/www.twitch.tv\/grandepremio\" target=\"_blank\" rel=\"noreferrer noopener\">Conhe\u00e7a o canal do GRANDE PR\u00caMIO na Twitch clicando aqui!<\/a><\/strong><\/p>\n\n\n\n<figure class=\"wp-block-image size-large\"><img decoding=\"async\" src=\"https:\/\/www.grandepremio.com\/br\/wp-content\/uploads\/2023\/06\/imagem_2023-06-23_143721728-1024x576.png\" alt=\"\" class=\"wp-image-699257\"\/><figcaption>Ogier lidera no Qu\u00eania (Foto: WRC)<\/figcaption><\/figure>\n\n\n\n<p class=\"wp-block-paragraph\">A Toyota aparece de novo no quinto lugar com o japon\u00eas <strong>Takamoto Katsuta<\/strong>, enquanto a Hyundai \u00e9 sexta com o espanhol <strong>Dani Sordo.<\/strong> Em seguida, surgem os carros da Ford, com <strong>Ott T\u00e4nak<\/strong> em s\u00e9timo e Pierre-Louis Loubet na oitava posi\u00e7\u00e3o. O top-10 \u00e9 finalizado por pilotos do WRC2: o luxemburgu\u00eas Gr\u00e9goire Munster e o polon\u00eas Kajetan Kajetanowicz.<\/p>\n\n\n\n<p class=\"wp-block-paragraph\">O Rally Safari, no Qu\u00eania, tem sequ\u00eancia neste s\u00e1bado (24) com mais seis especiais. O encerramento \u00e9 esperado para acontecer no domingo, com outros seis est\u00e1gios.<\/p>\n","protected":false},"excerpt":{"rendered":"<p>S\u00e9bastien Ogier j\u00e1 carrega uma enorme vantagem para os concorrentes no Rally Safari, no Qu\u00eania. Vencedor na Sardenha, Thierry Neuville abandonou<\/p>\n","protected":false},"author":0,"featured_media":1000699254,"comment_status":"closed","ping_status":"closed","sticky":false,"template":"","format":"standard","meta":{"42wp_featured_image_caption":"","42wp_featured_image_credits":"","42wp_featured_video":"","42wp_featured_image_hidden":false,"42wp_authors_list":[],"footnotes":""},"categories":[5],"tags":[487,981,3148,740,3614,6736,882,1491,28285,2073,26932,25544,5170,1721,26310,28447,737,178],"42wp_author":[47119],"class_list":["post-101818","post","type-post","status-publish","format-standard","has-post-thumbnail","hentry","category-rally","tag-acidente","tag-automobilismo","tag-dani-sordo","tag-elfyn-evans","tag-esapekka-lappi","tag-esportes","tag-ford","tag-grande-premio","tag-grandepremio","tag-hyundai","tag-kalle-rovanpera","tag-lideranca","tag-ott-tanak","tag-sebastien-ogier","tag-suspensao","tag-takamoto-katsuta","tag-thierry-neuville","tag-toyota","42wp_author-gabriel-carvalho"],"_links":{"self":[{"href":"https:\/\/grandepremio.com\/br\/wp-json\/wp\/v2\/posts\/101818","targetHints":{"allow":["GET"]}}],"collection":[{"href":"https:\/\/grandepremio.com\/br\/wp-json\/wp\/v2\/posts"}],"about":[{"href":"https:\/\/grandepremio.com\/br\/wp-json\/wp\/v2\/types\/post"}],"replies":[{"embeddable":true,"href":"https:\/\/grandepremio.com\/br\/wp-json\/wp\/v2\/comments?post=101818"}],"version-history":[{"count":0,"href":"https:\/\/grandepremio.com\/br\/wp-json\/wp\/v2\/posts\/101818\/revisions"}],"wp:featuredmedia":[{"embeddable":true,"href":"https:\/\/grandepremio.com\/br\/wp-json\/wp\/v2\/media\/1000699254"}],"wp:attachment":[{"href":"https:\/\/grandepremio.com\/br\/wp-json\/wp\/v2\/media?parent=101818"}],"wp:term":[{"taxonomy":"category","embeddable":true,"href":"https:\/\/grandepremio.com\/br\/wp-json\/wp\/v2\/categories?post=101818"},{"taxonomy":"post_tag","embeddable":true,"href":"https:\/\/grandepremio.com\/br\/wp-json\/wp\/v2\/tags?post=101818"},{"taxonomy":"42wp_author","embeddable":true,"href":"https:\/\/grandepremio.com\/br\/wp-json\/wp\/v2\/42wp_author?post=101818"}],"curies":[{"name":"wp","href":"https:\/\/api.w.org\/{rel}","templated":true}]}}