{"id":101857,"date":"2023-06-22T08:30:42","date_gmt":"2023-06-22T11:30:42","guid":{"rendered":"https:\/\/grandepremio.com\/br\/noticias\/privilegio-max-verstappen-fernando-alonso-lewis-hamilton-comentam-podio-historico-gp-do-canada\/"},"modified":"2023-06-22T10:08:22","modified_gmt":"2023-06-22T13:08:22","slug":"privilegio-max-verstappen-fernando-alonso-lewis-hamilton-comentam-podio-historico-gp-do-canada","status":"publish","type":"post","link":"https:\/\/grandepremio.com\/br\/f1\/privilegio-max-verstappen-fernando-alonso-lewis-hamilton-comentam-podio-historico-gp-do-canada\/","title":{"rendered":"&#8220;Privil\u00e9gio&#8221;: Verstappen, Alonso e Hamilton comentam p\u00f3dio hist\u00f3rico do GP do Canad\u00e1"},"content":{"rendered":"\n<figure class=\"wp-block-embed is-type-video is-provider-youtube wp-block-embed-youtube wp-embed-aspect-16-9 wp-has-aspect-ratio\"><div class=\"wp-block-embed__wrapper\">\n<iframe loading=\"lazy\" title=\"HAMILTON NEGA GRANDE MUDAN\u00c7A NO W14 &amp;apos;B&amp;apos; E NEYMAR IRRITA FIA | TT GP #101\" width=\"500\" height=\"281\" src=\"https:\/\/www.youtube.com\/embed\/a9somgJ7APc?feature=oembed\" frameborder=\"0\" allow=\"accelerometer; autoplay; clipboard-write; encrypted-media; gyroscope; picture-in-picture; web-share\" referrerpolicy=\"strict-origin-when-cross-origin\" allowfullscreen><\/iframe>\n<\/div><figcaption>HAMILTON NEGA GRANDE MUDAN\u00c7A NO W14 &#8216;B&#8217; E NEYMAR IRRITA FIA | TT GP\u00a0<a href=\"https:\/\/www.youtube.com\/hashtag\/101\">#101<\/a><\/figcaption><\/figure>\n\n\n\n<p class=\"wp-block-paragraph\">O p\u00f3dio do <strong><a href=\"https:\/\/www.grandepremio.com\/br\/f1\/noticias\/max-verstappen-vence-gp-do-canada-empata-ayrton-senna-f1-fernando-alonso-lewis-hamilton-vao-podio\/\" class=\"ek-link\">GP do Canad\u00e1<\/a><\/strong>, realizado no \u00faltimo fim de semana, bateu um recorde hist\u00f3rico da <strong>F\u00f3rmula 1<\/strong>: nunca antes um p\u00f3dio reuniu tr\u00eas pilotos que, juntos, <strong><a href=\"https:\/\/www.grandepremio.com\/br\/f1\/noticias\/podio-gp-do-canada-recorde-historico-pilotos-mais-idas-top-3-f1\/\" class=\"ek-link\">somavam tantas idas ao p\u00f3dio<\/a><\/strong>. Com <strong>Max Verstappen<\/strong> na frente, <strong>Fernando Alonso<\/strong> em segundo e <strong>Lewis Hamilton<\/strong> logo atr\u00e1s, a soma ficou em 383 p\u00f3dios. E os tr\u00eas pilotos reconheceram a import\u00e2ncia do momento.<\/p>\n\n\n\n<p class=\"wp-block-paragraph\"><strong>\u25b6\ufe0f\u00a0Inscreva-se nos dois canais do GRANDE PR\u00caMIO no YouTube:\u00a0<a href=\"https:\/\/www.youtube.com\/channel\/UC9OlHEgxoaY6QY6nWPoiqQg?sub_confirmation=1\" target=\"_blank\" rel=\"noreferrer noopener\">GP<\/a>\u00a0|\u00a0<a href=\"https:\/\/www.youtube.com\/channel\/UC9csiS6q_C3C0FYhyr1rnFA?sub_confirmation=1\" target=\"_blank\" rel=\"noreferrer noopener\">GP2<\/a><\/strong><br><strong>\u25b6\ufe0f\u00a0<a href=\"https:\/\/www.twitch.tv\/grandepremio\" target=\"_blank\" rel=\"noreferrer noopener\">Conhe\u00e7a o canal do GRANDE PR\u00caMIO na Twitch clicando aqui!<\/a><\/strong><\/p>\n\n\n\n<p class=\"wp-block-paragraph\">Al\u00e9m da quantidade de p\u00f3dios, os tr\u00eas juntos contam com 11 t\u00edtulos \u2014 com Verstappen claramente no caminho de aumentar a conta at\u00e9 o fim de 2023. O holand\u00eas admitiu a alegria por dividir o momento com os veteranos. Afinal, Max tinha tr\u00eas anos de idade quando Alonso estreou na F1 e dez quando Hamilton chegou.<\/p>\n\n\n\n<p class=\"wp-block-paragraph\">&#8220;Lembro, antigamente, de assistir a esses dois j\u00e1 correndo um contra o outro na F1. Ent\u00e3o, claro, fico muito feliz de estar tamb\u00e9m na F1 e poder correr com eles \u00e9 provavelmente a melhor coisa&#8221;, afirmou Verstappen.<\/p>\n\n\n\n<p class=\"wp-block-paragraph\">&#8220;Quando podemos dividir um p\u00f3dio, e acho que fizemos algumas vezes, \u00e9 \u00f3timo. Claro que eles querem trocar de posi\u00e7\u00e3o, sem d\u00favidas [e terminar am primeiro]. Estou feliz por estar no meio no momento&#8221;, brincou.<\/p>\n\n\n\n<p class=\"wp-block-paragraph\">Alonso tamb\u00e9m deu vaz\u00e3o ao momento, que j\u00e1 tinha acontecido h\u00e1 algumas semanas, no <strong><a href=\"https:\/\/www.grandepremio.com\/br\/f1\/noticias\/max-verstappen-recupera-ataque-mercedes-vence-caotico-gp-da-australia-formula-1\/\" class=\"ek-link\">GP da Austr\u00e1lia<\/a><\/strong>.<\/p>\n\n\n\n<figure class=\"wp-block-image size-large\"><img decoding=\"async\" src=\"https:\/\/www.grandepremio.com\/br\/wp-content\/uploads\/2023\/06\/f1-2023-canada-corrida-redbull-maxverstappen-11-1024x672.jpg\" alt=\"\" class=\"wp-image-697705\"\/><figcaption>O p\u00f3dio de lendas no GP do Canad\u00e1 teve Verstappen, Alonso, Hamilton e Newey (Foto: Red Bull Content Pool)<\/figcaption><\/figure>\n\n\n\n<p class=\"wp-block-paragraph\">&#8220;\u00c9 \u00f3timo, eu me divirto muito com essas batalhas e estes p\u00f3dios. Aconteceu na Austr\u00e1lia e agora aqui. Existe muito respeito e talento quando luto contra Max e Lewis. Sei que n\u00e3o d\u00e1 para cometer erros, porque eles v\u00e3o tirar vantagem disso e n\u00e3o v\u00e3o errar. Se quer bat\u00ea-los, precisa ser mais r\u00e1pido d\u00e9cimo ap\u00f3s d\u00e9cimo&#8221;, comentou.<\/p>\n\n\n\n<p class=\"wp-block-paragraph\">&#8220;\u00c9 uma batalha muita intensa, justa e respeitosa, mesmo na possibilidade de ultrapassagem com o DRS que tive, quando passei Lewis, voc\u00ea sabe que d\u00e1 para confiar no que ele est\u00e1 fazendo: vai defender duramente, mas dentro dos limites. E \u00e9 o mesmo na largada: quando largo com eles ao lado nas duas primeiras filas, d\u00e1 para saber que h\u00e1 uma no\u00e7\u00e3o de aten\u00e7\u00e3o e respeito, e n\u00e3o \u00e9 assim com todo mundo&#8221;, seguiu.<\/p>\n\n\n\n<p class=\"wp-block-paragraph\">Por fim, Hamilton ressaltou o privil\u00e9gio do p\u00f3dio hist\u00f3rico. &#8220;Concordo com Fernando: \u00e9 um privil\u00e9gio estar aqui com esses dois, que conquistaram coisas incr\u00edveis na carreira. N\u00e3o sei se j\u00e1 existiu um top-3 assim antes. N\u00e2o acredito, mas espero que aconte\u00e7a de novo&#8221;, falou.<\/p>\n\n\n\n<p class=\"wp-block-paragraph\">&#8220;Como disse Fernando, h\u00e1 muito respeito entre n\u00f3s, j\u00e1 que conseguimos correr t\u00e3o pr\u00f3ximos e confiar um no outro. Realmente espero que, em algum momento no futuro, teremos um grid mais equilibrado entre os carros e que as corridas fiquem mais divertidas&#8221;, finalizou.<\/p>\n\n\n\n<p class=\"wp-block-paragraph\">A <strong>F\u00f3rmula 1 <\/strong>volta em duas semanas, entre os dias 30 de junho e 2 de julho, com o <strong>GP da \u00c1ustria<\/strong>, em <strong>Spielberg<\/strong>, nona etapa da temporada 2023. E o <strong>GRANDE PR\u00caMIO<\/strong> acompanha tudo.<\/p>\n\n\n\n<figure class=\"wp-block-embed is-type-video is-provider-youtube wp-block-embed-youtube wp-embed-aspect-16-9 wp-has-aspect-ratio\"><div class=\"wp-block-embed__wrapper\">\n<iframe loading=\"lazy\" title=\"HAMILTON X ALONSO \u00c9 A SALVA\u00c7\u00c3O DA F1 2023? | GP \u00c0S 10\" width=\"500\" height=\"281\" src=\"https:\/\/www.youtube.com\/embed\/p-YXKgpHMhM?feature=oembed\" frameborder=\"0\" allow=\"accelerometer; autoplay; clipboard-write; encrypted-media; gyroscope; picture-in-picture; web-share\" referrerpolicy=\"strict-origin-when-cross-origin\" allowfullscreen><\/iframe>\n<\/div><figcaption>HAMILTON X ALONSO \u00c9 A SALVA\u00c7\u00c3O DA F1 2023? | GP \u00c0S 10<\/figcaption><\/figure>\n","protected":false},"excerpt":{"rendered":"<p>Max Verstappen, Fernando Alonso e Lewis Hamilton, os tr\u00eas primeiros colocados do GP do Canad\u00e1, avaliaram o significado do p\u00f3dio mais cheio de idas ao p\u00f3dio da hist\u00f3ria da F\u00f3rmula 1<\/p>\n","protected":false},"author":0,"featured_media":1000698033,"comment_status":"closed","ping_status":"closed","sticky":false,"template":"","format":"standard","meta":{"42wp_featured_image_caption":"","42wp_featured_image_credits":"","42wp_featured_video":"","42wp_featured_image_hidden":false,"42wp_authors_list":[],"footnotes":""},"categories":[2],"tags":[309,6533,176,30722,14357,1491,30103,28285,87,203,82,35129,19348,25507,204],"42wp_author":[47120],"class_list":["post-101857","post","type-post","status-publish","format-standard","has-post-thumbnail","hentry","category-f1","tag-aston-martin","tag-f1-2023","tag-fernando-alonso","tag-formula-1-2023","tag-gp-do-canada","tag-grande-premio","tag-grande-premio-f1","tag-grandepremio","tag-lewis-hamilton","tag-max-verstappen","tag-mercedes","tag-onde-assistir-f1","tag-podio","tag-radios","tag-red-bull","42wp_author-pedro-henrique-marum"],"_links":{"self":[{"href":"https:\/\/grandepremio.com\/br\/wp-json\/wp\/v2\/posts\/101857","targetHints":{"allow":["GET"]}}],"collection":[{"href":"https:\/\/grandepremio.com\/br\/wp-json\/wp\/v2\/posts"}],"about":[{"href":"https:\/\/grandepremio.com\/br\/wp-json\/wp\/v2\/types\/post"}],"replies":[{"embeddable":true,"href":"https:\/\/grandepremio.com\/br\/wp-json\/wp\/v2\/comments?post=101857"}],"version-history":[{"count":0,"href":"https:\/\/grandepremio.com\/br\/wp-json\/wp\/v2\/posts\/101857\/revisions"}],"wp:featuredmedia":[{"embeddable":true,"href":"https:\/\/grandepremio.com\/br\/wp-json\/wp\/v2\/media\/1000698033"}],"wp:attachment":[{"href":"https:\/\/grandepremio.com\/br\/wp-json\/wp\/v2\/media?parent=101857"}],"wp:term":[{"taxonomy":"category","embeddable":true,"href":"https:\/\/grandepremio.com\/br\/wp-json\/wp\/v2\/categories?post=101857"},{"taxonomy":"post_tag","embeddable":true,"href":"https:\/\/grandepremio.com\/br\/wp-json\/wp\/v2\/tags?post=101857"},{"taxonomy":"42wp_author","embeddable":true,"href":"https:\/\/grandepremio.com\/br\/wp-json\/wp\/v2\/42wp_author?post=101857"}],"curies":[{"name":"wp","href":"https:\/\/api.w.org\/{rel}","templated":true}]}}