{"id":101874,"date":"2023-06-21T04:15:00","date_gmt":"2023-06-21T07:15:00","guid":{"rendered":"https:\/\/grandepremio.com\/br\/noticias\/consultor-red-bull-ferrari-mercedes-regrediram-2022-2023\/"},"modified":"2023-06-20T14:41:49","modified_gmt":"2023-06-20T17:41:49","slug":"consultor-red-bull-ferrari-mercedes-regrediram-2022-2023","status":"publish","type":"post","link":"https:\/\/grandepremio.com\/br\/f1\/consultor-red-bull-ferrari-mercedes-regrediram-2022-2023\/","title":{"rendered":"Consultor da Red Bull diz que Ferrari e Mercedes &#8220;regrediram&#8221; de 2022 para 2023"},"content":{"rendered":"\n<figure class=\"wp-block-embed is-type-video is-provider-youtube wp-block-embed-youtube wp-embed-aspect-16-9 wp-has-aspect-ratio\"><div class=\"wp-block-embed__wrapper\">\n<iframe loading=\"lazy\" title=\"MERCEDES N\u00c3O TEM ESCOLHA NA F1: \u00c9 ASSINAR OU ASSINAR COM HAMILTON\" width=\"500\" height=\"281\" src=\"https:\/\/www.youtube.com\/embed\/dUNRcLm8q-k?feature=oembed\" frameborder=\"0\" allow=\"accelerometer; autoplay; clipboard-write; encrypted-media; gyroscope; picture-in-picture; web-share\" referrerpolicy=\"strict-origin-when-cross-origin\" allowfullscreen><\/iframe>\n<\/div><\/figure>\n\n\n\n<p class=\"wp-block-paragraph\">Na opini\u00e3o de <strong>Helmut Marko<\/strong>, que desempenha a fun\u00e7\u00e3o de consultor-esportivo da <strong>Red Bull<\/strong>, <strong>Ferrari <\/strong>e <strong>Mercedes <\/strong>regrediram na passagem de 2022 para 2023 na <strong>F\u00f3rmula 1<\/strong>. Questionado sobre uma aproxima\u00e7\u00e3o das rivais ao carro taurino no <strong>GP do Canad\u00e1<\/strong>, <a href=\"https:\/\/www.grandepremio.com\/br\/f1\/noticias\/max-verstappen-vence-gp-do-canada-empata-ayrton-senna-f1-fernando-alonso-lewis-hamilton-vao-podio\/\" target=\"_blank\" aria-label=\"disputado no \u00faltimo fim de semana (opens in a new tab)\" rel=\"noreferrer noopener\" class=\"ek-link\">disputado no \u00faltimo fim de semana<\/a>, Marko at\u00e9 <a href=\"https:\/\/www.grandepremio.com\/br\/f1\/noticias\/consultor-red-bull-admite-queda-nivel-canada-distancia-tornou-menor\/\" target=\"_blank\" aria-label=\"reconheceu certa queda de rendimento (opens in a new tab)\" rel=\"noreferrer noopener\" class=\"ek-link\">reconheceu certa queda de rendimento<\/a>. Por outro lado, o austr\u00edaco pontuou que a soberania de sua equipe se d\u00e1 tamb\u00e9m pelas dificuldades de evolu\u00e7\u00e3o das rivais.<\/p>\n\n\n\n<p class=\"wp-block-paragraph\">Al\u00e9m da admiss\u00e3o de que a corrida dos taurinos foi um pouco abaixo do normal, sobrou uma cutucada para as rivais no melhor estilo Marko. Segundo o consultor, tanto Ferrari quanto Mercedes chegaram em 2023 sem evolu\u00e7\u00f5es em rela\u00e7\u00e3o ao ano passado, o que fez com que a equipe austr\u00edaca disparasse e deixasse a concorr\u00eancia para tr\u00e1s. Em dias ruins, entretanto, o n\u00edvel fica melhor equiparado.<\/p>\n\n\n\n<p class=\"wp-block-paragraph\"><strong>\u25b6\ufe0f&nbsp;<a href=\"https:\/\/www.twitch.tv\/grandepremio\" target=\"_blank\" rel=\"noreferrer noopener\">Conhe\u00e7a o canal do GRANDE PR\u00caMIO na Twitch clicando aqui!<\/a><\/strong><\/p>\n\n\n\n<figure class=\"wp-block-image size-large\"><img decoding=\"async\" src=\"https:\/\/www.grandepremio.com\/br\/wp-content\/uploads\/2023\/06\/f1-2023-canada-corrida-redbull-maxverstappen-08-1024x667.jpg\" alt=\"\" class=\"wp-image-697555\"\/><figcaption>Mesmo com dificuldades com os pneus, Verstappen venceu de ponta a ponta no Canad\u00e1 (Foto: Red Bull Content Pool)<\/figcaption><\/figure>\n\n\n\n<p class=\"wp-block-paragraph\"><strong>\u25b6\ufe0f&nbsp;Inscreva-se nos dois canais do GRANDE PR\u00caMIO no YouTube:&nbsp;<a href=\"https:\/\/www.youtube.com\/channel\/UC9OlHEgxoaY6QY6nWPoiqQg?sub_confirmation=1\" target=\"_blank\" rel=\"noreferrer noopener\">GP<\/a>&nbsp;|&nbsp;<a href=\"https:\/\/www.youtube.com\/channel\/UC9csiS6q_C3C0FYhyr1rnFA?sub_confirmation=1\" target=\"_blank\" rel=\"noreferrer noopener\">GP2<\/a><\/strong><\/p>\n\n\n\n<p class=\"wp-block-paragraph\">&#8220;Todos pensam que a Red Bull \u00e9 um [carro] fant\u00e1stico&#8221;, afirmou. &#8220;Sim, \u00e9 um bom carro. Mas Ferrari e Mercedes n\u00e3o melhoraram em rela\u00e7\u00e3o ao ano passado. Acho que elas regrediram no come\u00e7o da temporada. Ent\u00e3o, quando n\u00e3o estamos em nosso melhor, elas ficam mais perto. \u00c9 simples assim&#8221;, finalizou.<\/p>\n\n\n\n<p class=\"wp-block-paragraph\">Apesar da dist\u00e2ncia menor em rela\u00e7\u00e3o aos carros de tr\u00e1s, o GP do Canad\u00e1 ainda se provou um passeio para Verstappen. Com a briga se desenrolando pela segunda coloca\u00e7\u00e3o entre\u00a0<strong><a href=\"https:\/\/www.grandepremio.com\/br\/piloto\/lewis-hamilton\/\" target=\"_blank\" rel=\"noreferrer noopener\">Lewis Hamilton<\/a>\u00a0<\/strong>e <strong>Fernando Alonso<\/strong>, o holand\u00eas n\u00e3o foi incomodado em nenhum momento. No fim, o espanhol venceu a batalha contra o heptacampe\u00e3o, que completou o p\u00f3dio no terceiro lugar.<\/p>\n\n\n\n<p class=\"wp-block-paragraph\">O triunfo do bicampe\u00e3o mundial, de quebra, valeu duas quebras de marca no mesmo fim de semana:\u00a0<a href=\"https:\/\/www.grandepremio.com\/br\/f1\/noticias\/max-verstappen-chega-41-vitorias-empata-ayrton-senna-5o-lugar-historia-f1\/\" target=\"_blank\" rel=\"noreferrer noopener\">al\u00e9m de ter igualado as\u00a0<strong>41\u00a0<\/strong>vit\u00f3rias<\/a>\u00a0de\u00a0<strong>Ayrton Senna\u00a0<\/strong>na F\u00f3rmula 1, Verstappen ainda deu \u00e0 Red Bull\u00a0<a href=\"https:\/\/www.grandepremio.com\/br\/f1\/noticias\/max-verstappen-red-bull-100-vitorias-formula-1-gp-canada\/\" target=\"_blank\" rel=\"noreferrer noopener\">sua vit\u00f3ria de n\u00famero 100<\/a>\u00a0na categoria.<\/p>\n\n\n\n<p class=\"wp-block-paragraph\">O&nbsp;<strong>GRANDE PR\u00caMIO&nbsp;<\/strong>acompanha todas as atividades da&nbsp;<a href=\"https:\/\/www.grandepremio.com\/formula-1\/\" target=\"_blank\" rel=\"noreferrer noopener\">F\u00f3rmula 1<\/a>&nbsp;2023&nbsp;<strong>AO VIVO<\/strong>&nbsp;e&nbsp;<strong>EM&nbsp;<a href=\"https:\/\/www.grandepremio.com\/br\/ao-vivo\/\" target=\"_blank\" rel=\"noreferrer noopener\">TEMPO REAL<\/a><\/strong>. A pr\u00f3xima etapa est\u00e1 marcada para acontecer entre 30 de junho e 2 de julho, com o<strong>&nbsp;GP da \u00c1ustria<\/strong>. No s\u00e1bado e no domingo, h\u00e1 tamb\u00e9m a segunda tela, em parceria com a&nbsp;<strong>Voz do Esporte<\/strong>.<\/p>\n","protected":false},"excerpt":{"rendered":"<p>Consultor-esportivo da Red Bull, que domina amplamente a F\u00f3rmula 1 este ano, Helmut Marko disse que Ferrari e Mercedes regrediram em seus conceitos na virada de 2022 para 2023<\/p>\n","protected":false},"author":0,"featured_media":1000633620,"comment_status":"closed","ping_status":"closed","sticky":false,"template":"","format":"standard","meta":{"42wp_featured_image_caption":"","42wp_featured_image_credits":"","42wp_featured_video":"","42wp_featured_image_hidden":false,"42wp_authors_list":[],"footnotes":""},"categories":[2],"tags":[147,6533,207,180,14357,1491,30103,28285,258,82,4486,204],"42wp_author":[47142],"class_list":["post-101874","post","type-post","status-publish","format-standard","has-post-thumbnail","hentry","category-f1","tag-f1","tag-f1-2023","tag-ferrari","tag-formula-1","tag-gp-do-canada","tag-grande-premio","tag-grande-premio-f1","tag-grandepremio","tag-helmut-marko","tag-mercedes","tag-montreal","tag-red-bull","42wp_author-jp-nascimento"],"_links":{"self":[{"href":"https:\/\/grandepremio.com\/br\/wp-json\/wp\/v2\/posts\/101874","targetHints":{"allow":["GET"]}}],"collection":[{"href":"https:\/\/grandepremio.com\/br\/wp-json\/wp\/v2\/posts"}],"about":[{"href":"https:\/\/grandepremio.com\/br\/wp-json\/wp\/v2\/types\/post"}],"replies":[{"embeddable":true,"href":"https:\/\/grandepremio.com\/br\/wp-json\/wp\/v2\/comments?post=101874"}],"version-history":[{"count":0,"href":"https:\/\/grandepremio.com\/br\/wp-json\/wp\/v2\/posts\/101874\/revisions"}],"wp:featuredmedia":[{"embeddable":true,"href":"https:\/\/grandepremio.com\/br\/wp-json\/wp\/v2\/media\/1000633620"}],"wp:attachment":[{"href":"https:\/\/grandepremio.com\/br\/wp-json\/wp\/v2\/media?parent=101874"}],"wp:term":[{"taxonomy":"category","embeddable":true,"href":"https:\/\/grandepremio.com\/br\/wp-json\/wp\/v2\/categories?post=101874"},{"taxonomy":"post_tag","embeddable":true,"href":"https:\/\/grandepremio.com\/br\/wp-json\/wp\/v2\/tags?post=101874"},{"taxonomy":"42wp_author","embeddable":true,"href":"https:\/\/grandepremio.com\/br\/wp-json\/wp\/v2\/42wp_author?post=101874"}],"curies":[{"name":"wp","href":"https:\/\/api.w.org\/{rel}","templated":true}]}}