{"id":101891,"date":"2023-06-20T08:46:47","date_gmt":"2023-06-20T11:46:47","guid":{"rendered":"https:\/\/grandepremio.com\/br\/noticias\/nyck-de-vries-minimiza-incidente-corrida-kevin-magnussen-canada-passei-direto\/"},"modified":"2023-06-20T09:44:44","modified_gmt":"2023-06-20T12:44:44","slug":"nyck-de-vries-minimiza-incidente-corrida-kevin-magnussen-canada-passei-direto","status":"publish","type":"post","link":"https:\/\/grandepremio.com\/br\/f1\/nyck-de-vries-minimiza-incidente-corrida-kevin-magnussen-canada-passei-direto\/","title":{"rendered":"De Vries minimiza &#8220;incidente de corrida&#8221; com Magnussen no Canad\u00e1: &#8220;Passei direto&#8221;"},"content":{"rendered":"\n<figure class=\"wp-block-embed is-type-video is-provider-youtube wp-block-embed-youtube wp-embed-aspect-16-9 wp-has-aspect-ratio\"><div class=\"wp-block-embed__wrapper\">\n<iframe loading=\"lazy\" title=\"VERSTAPPEN IGUALA SENNA NO CANAD\u00c1 + HAMILTON x ALONSO PELO VICE DA F1? | Paddock GP #334\" width=\"500\" height=\"281\" src=\"https:\/\/www.youtube.com\/embed\/JKIDX6clEKM?feature=oembed\" frameborder=\"0\" allow=\"accelerometer; autoplay; clipboard-write; encrypted-media; gyroscope; picture-in-picture; web-share\" referrerpolicy=\"strict-origin-when-cross-origin\" allowfullscreen><\/iframe>\n<\/div><\/figure>\n\n\n\n<p class=\"wp-block-paragraph\"><strong>Nyck de Vries <\/strong><a href=\"https:\/\/www.grandepremio.com\/br\/f1\/noticias\/batida-roda-travada-nyck-de-vries-gera-incidente-bizarro-kevin-magnussen-canada\/\" class=\"ek-link\">protagonizou o momento mais bizarro<\/a> do <strong>GP do Canad\u00e1<\/strong>, ao perder totalmente o ponto de freada na curva 3 quando disputava posi\u00e7\u00e3o com <strong>Kevin Magnussen<\/strong> e levar consigo para a \u00e1rea de escape o piloto da <strong>Haas<\/strong>. Uma manobra, no entanto, que n\u00e3o passou de &#8220;uma esp\u00e9cie de incidente de corrida&#8221;, na opini\u00e3o do novato.<\/p>\n\n\n\n<p class=\"wp-block-paragraph\">A disputa em quest\u00e3o valia o 12\u00ba lugar e aconteceu no giro 35 da prova realizada no \u00faltimo domingo (18). Ao final da reta principal, o piloto da <strong>AlphaTauri <\/strong>colocou o carro por fora, enquanto Magnussen veio pela linha de dentro para se defender. Nesse momento, quem levou a melhor foi <strong>George Russell<\/strong>, que vinha logo atr\u00e1s e se valeu do m\u00ednimo espa\u00e7o deixado pela dupla para fazer uma ultrapassagem dupla.<\/p>\n\n\n\n<p class=\"wp-block-paragraph\">Na sa\u00edda da curva 2, ent\u00e3o, Magnussen estava \u00e0 frente de De Vries, que resolveu tentar mais uma vez a manobra para cima do dinamarqu\u00eas e tomou o tra\u00e7ado de dentro para contornar a curva seguinte \u00e0 frente do rival. S\u00f3 que o piloto do carro #21 perdeu o ponto de frenagem e passou reto, levando o representante da Haas consigo.<\/p>\n\n\n\n<figure class=\"wp-block-video\"><video class=\"video-js vjs-big-play-centered\" data-gp-vjs=\"1\" controls poster=\"https:\/\/www.grandepremio.com\/br\/wp-content\/uploads\/2023\/06\/DEV-poster.jpeg\" src=\"https:\/\/www.grandepremio.com\/br\/wp-content\/uploads\/2023\/06\/DEV.mp4\"><\/video><\/figure>\n\n\n\n<p class=\"wp-block-paragraph\">&#8220;Acho que foi uma corrida decente at\u00e9 aquele momento&#8221;, avaliou De Vries aos jornalistas ap\u00f3s a prova. &#8220;Est\u00e1vamos numa disputa acirrada nas curvas 1 e 2, e quando coloquei por dentro, peguei a sujeira. Est\u00e1vamos pressionando um ao outro com for\u00e7a naquele ponto de frenagem, ent\u00e3o travei roda e passei direto. Foi uma esp\u00e9cie de incidente de corrida&#8221;, lamentou.<\/p>\n\n\n\n<p class=\"wp-block-paragraph\">&#8220;Achei que o momento era meu, mas ele quase atravessou a grama e a zebra para me ultrapassar de volta. Est\u00e1vamos simplesmente brigando, isso \u00e9 corrida&#8221;, concluiu o piloto.<\/p>\n\n\n\n<p class=\"wp-block-paragraph\">A dupla ficou &#8216;estacionada&#8217; na \u00e1rea de escape at\u00e9 conseguir manobrar e retornar \u00e0 disputa. Magnussen acredita que levou a pior &#8220;por falta de sorte&#8221;. <\/p>\n\n\n\n<p class=\"wp-block-paragraph\">&#8220;Ele se colocou por dentro, freou e n\u00e3o conseguiu fazer a curva. Eu estava por fora e fui bloqueado. Acabei indo para a \u00e1rea de escape com ele, ent\u00e3o foi falta de sorte. Ele estava correndo de maneira muito \u00e1rdua, sem d\u00favida, n\u00e3o h\u00e1 muito o que reclamar disso. O problema \u00e9 que ele perdeu a frenagem na curva 3 e me levou com ele&#8221;, finalizou.<\/p>\n\n\n\n<p class=\"wp-block-paragraph\">Os comiss\u00e1rios investigaram o incidente, por\u00e9m consideraram que, apesar da &#8220;pequena colis\u00e3o&#8221;, nenhum dos dois foi &#8220;predominantemente culpado&#8221;. Magnussen acabou completando o GP do Canad\u00e1 em 17\u00ba, logo \u00e0 frente de Nyck.<\/p>\n","protected":false},"excerpt":{"rendered":"<p>Nyck de Vries disse que pegou a sujeira quando tentou ultrapassar Kevin Magnussen na curva 3 do circuito de Montreal e por isso perdeu a freada. Os dois foram parar na \u00e1rea de escape<\/p>\n","protected":false},"author":0,"featured_media":1000697562,"comment_status":"closed","ping_status":"closed","sticky":false,"template":"","format":"standard","meta":{"42wp_featured_image_caption":"","42wp_featured_image_credits":"","42wp_featured_video":"","42wp_featured_image_hidden":false,"42wp_authors_list":[],"footnotes":""},"categories":[2],"tags":[26271,25053,5273,147,6533,180,30722,14357,1491,28285,30840,117,4486,35305,31785,1556,31447],"42wp_author":[47147],"class_list":["post-101891","post","type-post","status-publish","format-standard","has-post-thumbnail","hentry","category-f1","tag-calendario-f1","tag-canada","tag-classificacao-f1","tag-f1","tag-f1-2023","tag-formula-1","tag-formula-1-2023","tag-gp-do-canada","tag-grande-premio","tag-grandepremio","tag-horarios-f1","tag-kevin-magnussen","tag-montreal","tag-montreal-2023","tag-montreal-f1","tag-nyck-de-vries","tag-temporada-2023-f1","42wp_author-luana-marino"],"_links":{"self":[{"href":"https:\/\/grandepremio.com\/br\/wp-json\/wp\/v2\/posts\/101891","targetHints":{"allow":["GET"]}}],"collection":[{"href":"https:\/\/grandepremio.com\/br\/wp-json\/wp\/v2\/posts"}],"about":[{"href":"https:\/\/grandepremio.com\/br\/wp-json\/wp\/v2\/types\/post"}],"replies":[{"embeddable":true,"href":"https:\/\/grandepremio.com\/br\/wp-json\/wp\/v2\/comments?post=101891"}],"version-history":[{"count":0,"href":"https:\/\/grandepremio.com\/br\/wp-json\/wp\/v2\/posts\/101891\/revisions"}],"wp:featuredmedia":[{"embeddable":true,"href":"https:\/\/grandepremio.com\/br\/wp-json\/wp\/v2\/media\/1000697562"}],"wp:attachment":[{"href":"https:\/\/grandepremio.com\/br\/wp-json\/wp\/v2\/media?parent=101891"}],"wp:term":[{"taxonomy":"category","embeddable":true,"href":"https:\/\/grandepremio.com\/br\/wp-json\/wp\/v2\/categories?post=101891"},{"taxonomy":"post_tag","embeddable":true,"href":"https:\/\/grandepremio.com\/br\/wp-json\/wp\/v2\/tags?post=101891"},{"taxonomy":"42wp_author","embeddable":true,"href":"https:\/\/grandepremio.com\/br\/wp-json\/wp\/v2\/42wp_author?post=101891"}],"curies":[{"name":"wp","href":"https:\/\/api.w.org\/{rel}","templated":true}]}}