{"id":10190,"date":"2026-04-08T10:40:23","date_gmt":"2026-04-08T13:40:23","guid":{"rendered":"https:\/\/grandepremio.com\/br\/noticias\/opel-anuncia-sophia-florsch-pilota-testes-desenvolvimento-formula-e\/"},"modified":"2026-04-08T10:41:37","modified_gmt":"2026-04-08T13:41:37","slug":"opel-anuncia-sophia-florsch-pilota-testes-desenvolvimento-formula-e","status":"publish","type":"post","link":"https:\/\/grandepremio.com\/br\/formula-e\/opel-anuncia-sophia-florsch-pilota-testes-desenvolvimento-formula-e\/","title":{"rendered":"Opel anuncia Fl\u00f6rsch como pilota de testes e desenvolvimento na F\u00f3rmula E"},"content":{"rendered":"\n<p class=\"wp-block-paragraph\">A <strong>Opel<\/strong> anunciou nesta quarta-feira (8) a contrata\u00e7\u00e3o de <strong>Sophia Fl\u00f6rsch<\/strong> como pilota de testes e desenvolvimento do novo projeto da marca na <strong>Formula E<\/strong>. A alem\u00e3 de 25 anos \u00e9 a primeira integrante confirmada do time de f\u00e1brica para a entrada no grid na temporada 2026\/27, que marca a estreia da <strong>Gen4<\/strong>.<\/p>\n\n\n\n<p class=\"wp-block-paragraph\">Fl\u00f6rsch passa a integrar o programa com foco no desenvolvimento do carro, atuando tanto em simulador quanto nas atividades de pista. A estreia p\u00fablica com a Opel acontecer\u00e1 nos dias 21 e 22 de abril, durante o lan\u00e7amento oficial dos carros Gen4 da categoria, em <strong>Le Castellet<\/strong>.<\/p>\n\n\n\n<figure class=\"wp-block-embed is-type-video is-provider-youtube wp-block-embed-youtube wp-embed-aspect-16-9 wp-has-aspect-ratio\"><div class=\"wp-block-embed__wrapper\">\n<iframe loading=\"lazy\" title=\"ENDURANCE COMO ALTERNATIVA \u00c0 F1. E OS PILOTOS EM RISCO NA INDY | Sprint GP\" width=\"500\" height=\"281\" src=\"https:\/\/www.youtube.com\/embed\/Jpkm2KpUcPA?feature=oembed\" frameborder=\"0\" allow=\"accelerometer; autoplay; clipboard-write; encrypted-media; gyroscope; picture-in-picture; web-share\" referrerpolicy=\"strict-origin-when-cross-origin\" allowfullscreen><\/iframe>\n<\/div><\/figure>\n\n\n\n<h3 class=\"wp-block-heading\" id=\"h-gp-experience-o-novo-produto-do-grande-premio-conecta-voce-aos-maiores-eventos-de-esporte-a-motor-do-mundo-va-para-indianapolis-com-a-gente-saiba-aqui-todos-os-detalhes\"><strong><mark style=\"background-color:rgba(0, 0, 0, 0)\" class=\"has-inline-color has-vivid-red-color\">+ GP EXPERIENCE: o novo produto do GRANDE PR\u00caMIO conecta voc\u00ea aos maiores eventos de esporte a motor do mundo. V\u00e1 para Indian\u00e1polis com a gente:\u00a0<a href=\"https:\/\/gpexperience.tur.br\/\">saiba aqui todos os detalhes<\/a>.<\/mark><\/strong><\/h3>\n\n\n\n<p class=\"wp-block-paragraph\">Com passagem por categorias de base e competi\u00e7\u00f5es de endurance, Fl\u00f6rsch construiu carreira nos monopostos, al\u00e9m de correr tamb\u00e9m em prot\u00f3tipos e GTs. A alem\u00e3 foi a primeira mulher a pontuar e subir ao p\u00f3dio tanto na <strong>F\u00f3rmula 4 Alem\u00e3<\/strong> quanto na <strong>F\u00f3rmula 3<\/strong>, al\u00e9m de ter competido no <strong>Mundial de Endurance (WEC)<\/strong> e nas <strong>24 Horas de Le Mans<\/strong>.<\/p>\n\n\n\n<p class=\"wp-block-paragraph\">Segundo o chefe da equipe, <strong>J\u00f6rg Schrott<\/strong>, a contrata\u00e7\u00e3o de Fl\u00f6rsch refor\u00e7a a tradi\u00e7\u00e3o da Opel de apostar em jovens talentos. Al\u00e9m disso, destacou o papel da pilota na evolu\u00e7\u00e3o t\u00e9cnica do projeto da Gen4.<\/p>\n\n\n\n<figure class=\"wp-block-image size-large\"><img decoding=\"async\" src=\"https:\/\/www.grandepremio.com\/br\/wp-content\/uploads\/2026\/04\/260330_OPEL-1680-1200x800.jpg\" alt=\"\" class=\"wp-image-1075630\"\/><figcaption class=\"wp-element-caption\">Sophia Fl\u00f6rsch participa ativamente do desenvolvimento do carro Gen4 da Opel (Foto: Opel)<\/figcaption><\/figure>\n\n\n\n<p class=\"wp-block-paragraph\">&#8220;Com a contrata\u00e7\u00e3o de Sophia, a Opel manda um claro sinal do comprometimento em promover jovens talentos no automobilismo. O feedback t\u00e9cnico preciso e a forma anal\u00edtica de trabalhar, tanto no simulador quanto na pista, ter\u00e3o papel essencial no desenvolvimento do pacote para a Gen4&#8221;, afirmou.<\/p>\n\n\n\n<p class=\"wp-block-paragraph\">Fl\u00f6rsch destacou a import\u00e2ncia de integrar o projeto da Opel sendo alem\u00e3. Al\u00e9m disso, ressaltou o desafio t\u00e9cnico da F\u00f3rmula E e exaltou a nova gera\u00e7\u00e3o de carros da categoria el\u00e9trica.<\/p>\n\n\n\n<p class=\"wp-block-paragraph\">&#8220;A F\u00f3rmula E \u00e9 atualmente uma das categorias mais desafiadoras do automobilismo. \u00c9 incr\u00edvel ver uma marca com 125 anos de tradi\u00e7\u00e3o como a Opel entrar no grid e, sendo uma pilota alem\u00e3, fazer parte deste projeto de f\u00e1brica \u00e9 mais que um privil\u00e9gio&#8221;, disse.<\/p>\n\n\n\n<p class=\"wp-block-paragraph\">&#8220;O carro Gen4 \u00e9 extremamente avan\u00e7ado e r\u00e1pido. Mal posso esperar para trabalhar com os engenheiros, entender todos os detalhes e extrair o m\u00e1ximo do conjunto&#8221;, concluiu.<\/p>\n\n\n\n<p class=\"wp-block-paragraph\">A F\u00f3rmula E viaja a&nbsp;<strong>Berlim<\/strong>&nbsp;para uma rodada dupla entre os dias&nbsp;<strong>1\u00ba e 3 de maio<\/strong>. A disputa, mais uma vez, acontece no&nbsp;<strong>Aeroporto de Tempelhof<\/strong>, em um tra\u00e7ado j\u00e1 tradicional da categoria. O&nbsp;<strong>GRANDE PR\u00caMIO<\/strong>&nbsp;transmite todas as atividades de pista da temporada&nbsp;<strong>AO VIVO<\/strong>&nbsp;e&nbsp;<strong>COM IMAGENS<\/strong>&nbsp;na&nbsp;<strong><a href=\"https:\/\/www.youtube.com\/c\/GrandePremioTV\" target=\"_blank\" rel=\"noreferrer noopener\">GPTV<\/a><\/strong>.<\/p>\n\n\n\n<p class=\"wp-block-paragraph\">\u25b6\ufe0f\u00a0<strong>Inscreva-se nos dois canais do GRANDE PR\u00caMIO no YouTube:\u00a0<a href=\"https:\/\/www.youtube.com\/channel\/UC9OlHEgxoaY6QY6nWPoiqQg?sub_confirmation=1\">GP<\/a>\u00a0|\u00a0<a href=\"https:\/\/www.youtube.com\/channel\/UC9csiS6q_C3C0FYhyr1rnFA?sub_confirmation=1\">GPTV<\/a><\/strong><a href=\"https:\/\/www.grandepremio.com\/br\/chefao\/\" target=\"_blank\" rel=\"noreferrer noopener\"><\/a><a href=\"https:\/\/www.grandepremio.com\/br\/chefao\/\" target=\"_blank\" rel=\"noreferrer noopener\"><\/a><a href=\"https:\/\/www.grandepremio.com\/br\/chefao\/\" target=\"_blank\" rel=\"noreferrer noopener\"><\/a><a href=\"https:\/\/www.grandepremio.com\/br\/chefao\/\" target=\"_blank\" rel=\"noreferrer noopener\"><\/a><\/p>\n","protected":false},"excerpt":{"rendered":"<p>Sophia Fl\u00f6rsch participar\u00e1 do desenvolvimento do carro Gen4 da Opel. Primeira apari\u00e7\u00e3o da alem\u00e3 pela equipe ser\u00e1 em evento de lan\u00e7amento oficial dos novos carros da F\u00f3rmula E, nos dias 21 e 22 de abril, na Fran\u00e7a<\/p>\n","protected":false},"author":0,"featured_media":1001075633,"comment_status":"closed","ping_status":"closed","sticky":false,"template":"","format":"standard","meta":{"42wp_featured_image_caption":"","42wp_featured_image_credits":"","42wp_featured_video":"","42wp_featured_image_hidden":false,"42wp_authors_list":[],"footnotes":""},"categories":[19],"tags":[28679,6853,840,43531,45540,1491,28285,35442,36219,27138,43530],"42wp_author":[47164],"class_list":["post-10190","post","type-post","status-publish","format-standard","has-post-thumbnail","hentry","category-formula-e","tag-calendario-formula-e","tag-classificacao-formula-e","tag-formula-e","tag-formula-e-2026","tag-formula-e-hoje","tag-grande-premio","tag-grandepremio","tag-horarios-formula-e","tag-onde-assistir-formula-e","tag-sophia-florsch","tag-temporada-2026-da-formula-e","42wp_author-marcos-gil-ribeiro"],"_links":{"self":[{"href":"https:\/\/grandepremio.com\/br\/wp-json\/wp\/v2\/posts\/10190","targetHints":{"allow":["GET"]}}],"collection":[{"href":"https:\/\/grandepremio.com\/br\/wp-json\/wp\/v2\/posts"}],"about":[{"href":"https:\/\/grandepremio.com\/br\/wp-json\/wp\/v2\/types\/post"}],"replies":[{"embeddable":true,"href":"https:\/\/grandepremio.com\/br\/wp-json\/wp\/v2\/comments?post=10190"}],"version-history":[{"count":0,"href":"https:\/\/grandepremio.com\/br\/wp-json\/wp\/v2\/posts\/10190\/revisions"}],"wp:featuredmedia":[{"embeddable":true,"href":"https:\/\/grandepremio.com\/br\/wp-json\/wp\/v2\/media\/1001075633"}],"wp:attachment":[{"href":"https:\/\/grandepremio.com\/br\/wp-json\/wp\/v2\/media?parent=10190"}],"wp:term":[{"taxonomy":"category","embeddable":true,"href":"https:\/\/grandepremio.com\/br\/wp-json\/wp\/v2\/categories?post=10190"},{"taxonomy":"post_tag","embeddable":true,"href":"https:\/\/grandepremio.com\/br\/wp-json\/wp\/v2\/tags?post=10190"},{"taxonomy":"42wp_author","embeddable":true,"href":"https:\/\/grandepremio.com\/br\/wp-json\/wp\/v2\/42wp_author?post=10190"}],"curies":[{"name":"wp","href":"https:\/\/api.w.org\/{rel}","templated":true}]}}