{"id":101911,"date":"2023-06-19T10:36:01","date_gmt":"2023-06-19T13:36:01","guid":{"rendered":"https:\/\/grandepremio.com\/br\/noticias\/igor-fraga-brilha-vence-corrida-3-etapa-sugo-super-formula-lights\/"},"modified":"2024-03-10T14:58:06","modified_gmt":"2024-03-10T17:58:06","slug":"igor-fraga-brilha-vence-corrida-3-etapa-sugo-super-formula-lights","status":"publish","type":"post","link":"https:\/\/grandepremio.com\/br\/super-formula\/igor-fraga-brilha-vence-corrida-3-etapa-sugo-super-formula-lights\/","title":{"rendered":"Fraga brilha e vence corrida 3 da etapa de Sugo da Super F\u00f3rmula Lights"},"content":{"rendered":"\n<p class=\"wp-block-paragraph\">O<a href=\"https:\/\/www.grandepremio.com\/br\/turismo\/noticias\/igot-fraga-acerta-anest-iwasa-estreia-super-gt-2023\/\" class=\"ek-link\"> nipo-brasileiro<\/a><strong> Igor Fraga<\/strong> venceu pela primeira vez na Super F\u00f3rmula Lights. O piloto de 24 anos, que representa a equipe B-Max Racing, faturou a corrida 3 da rodada tripla no circuito de Sugo, localizado em Murata, no Jap\u00e3o, realizada no \u00faltimo domingo (18).<\/p>\n\n\n\n<p class=\"wp-block-paragraph\">Fraga, que \u00e9 mais conhecido pelo t\u00edtulo da Toyota Racing Series de 2020 \u2014 em grid com pilotos como <strong>Yuki Tsunoda <\/strong>e <strong>Liam Lawson <\/strong>\u2014 e pela participa\u00e7\u00e3o na F\u00f3rmula 3, est\u00e1 na temporada de estreia pela categoria de suporte da Super F\u00f3rmula, o principal campeonato japon\u00eas de monopostos. Ele somou o primeiro p\u00f3dio da temporada na corrida 1, disputada no s\u00e1bado.<\/p>\n\n\n\n<p class=\"wp-block-paragraph\"><strong>\u25b6\ufe0f\u00a0Inscreva-se nos dois canais do GRANDE PR\u00caMIO no YouTube:\u00a0<a href=\"https:\/\/www.youtube.com\/channel\/UC9OlHEgxoaY6QY6nWPoiqQg?sub_confirmation=1\" target=\"_blank\" rel=\"noreferrer noopener\">GP<\/a>\u00a0|\u00a0<a href=\"https:\/\/www.youtube.com\/channel\/UC9csiS6q_C3C0FYhyr1rnFA?sub_confirmation=1\" target=\"_blank\" rel=\"noreferrer noopener\">GP2<\/a><\/strong><br><strong>\u25b6\ufe0f\u00a0<a href=\"https:\/\/www.twitch.tv\/grandepremio\" target=\"_blank\" rel=\"noreferrer noopener\">Conhe\u00e7a o canal do GRANDE PR\u00caMIO na Twitch clicando aqui!<\/a><\/strong><\/p>\n\n\n\n<figure class=\"wp-block-image size-large\"><img decoding=\"async\" src=\"https:\/\/www.grandepremio.com\/br\/wp-content\/uploads\/2023\/06\/imagem_2023-06-19_102503786-1024x682.png\" alt=\"\" class=\"wp-image-698110\"\/><figcaption>Fraga, no carro #52, venceu na SF Lights (Foto: SF Lights)<\/figcaption><\/figure>\n\n\n\n<p class=\"wp-block-paragraph\">Fraga foi acompanhado no p\u00f3dio pelo italiano<strong> Enzo Trulli<\/strong> \u2014 filho do ex-F1 Jarno \u2014 e pelo japon\u00eas Syun Koide. O resultado deixou o brasileiro no quarto no lugar no campeonato de pilotos, com 21 pontos at\u00e9 aqui.<\/p>\n\n\n\n<p class=\"wp-block-paragraph\">A Super F\u00f3rmula Lights retorna entre os dias 30 de junho e 2 de julho com a rodada tripla de Suzuka, que marcar\u00e1 a metade da temporada 2023 do certame. Etapas em Fuji, Okayama e Motegi s\u00e3o previstas at\u00e9 o fim do campeonato, marcado para novembro. O l\u00edder do campeonato \u00e9 o japon\u00eas Iori Kimura.<\/p>\n","protected":false},"excerpt":{"rendered":"<p>Igor Fraga faturou corrida 3 da rodada tripla da Super F\u00f3rmula Lights em Sugo. Brasileiro venceu pela primeira vez na categoria de suporte do principal campeonato japon\u00eas de monopostos<\/p>\n","protected":false},"author":0,"featured_media":1000698109,"comment_status":"closed","ping_status":"closed","sticky":false,"template":"","format":"standard","meta":{"42wp_featured_image_caption":"","42wp_featured_image_credits":"","42wp_featured_video":"","42wp_featured_image_hidden":false,"42wp_authors_list":[],"footnotes":""},"categories":[55],"tags":[1491,28285,289,24855,1512],"42wp_author":[47119],"class_list":["post-101911","post","type-post","status-publish","format-standard","has-post-thumbnail","hentry","category-super-formula","tag-grande-premio","tag-grandepremio","tag-igor-fraga","tag-japao","tag-super-formula","42wp_author-gabriel-carvalho"],"_links":{"self":[{"href":"https:\/\/grandepremio.com\/br\/wp-json\/wp\/v2\/posts\/101911","targetHints":{"allow":["GET"]}}],"collection":[{"href":"https:\/\/grandepremio.com\/br\/wp-json\/wp\/v2\/posts"}],"about":[{"href":"https:\/\/grandepremio.com\/br\/wp-json\/wp\/v2\/types\/post"}],"replies":[{"embeddable":true,"href":"https:\/\/grandepremio.com\/br\/wp-json\/wp\/v2\/comments?post=101911"}],"version-history":[{"count":0,"href":"https:\/\/grandepremio.com\/br\/wp-json\/wp\/v2\/posts\/101911\/revisions"}],"wp:featuredmedia":[{"embeddable":true,"href":"https:\/\/grandepremio.com\/br\/wp-json\/wp\/v2\/media\/1000698109"}],"wp:attachment":[{"href":"https:\/\/grandepremio.com\/br\/wp-json\/wp\/v2\/media?parent=101911"}],"wp:term":[{"taxonomy":"category","embeddable":true,"href":"https:\/\/grandepremio.com\/br\/wp-json\/wp\/v2\/categories?post=101911"},{"taxonomy":"post_tag","embeddable":true,"href":"https:\/\/grandepremio.com\/br\/wp-json\/wp\/v2\/tags?post=101911"},{"taxonomy":"42wp_author","embeddable":true,"href":"https:\/\/grandepremio.com\/br\/wp-json\/wp\/v2\/42wp_author?post=101911"}],"curies":[{"name":"wp","href":"https:\/\/api.w.org\/{rel}","templated":true}]}}