{"id":101926,"date":"2023-06-19T04:15:00","date_gmt":"2023-06-19T07:15:00","guid":{"rendered":"https:\/\/grandepremio.com\/br\/noticias\/confira-voltas-mais-rapidas-gp-do-canada-f1-2023\/"},"modified":"2023-06-19T09:24:44","modified_gmt":"2023-06-19T12:24:44","slug":"confira-voltas-mais-rapidas-gp-do-canada-f1-2023","status":"publish","type":"post","link":"https:\/\/grandepremio.com\/br\/f1\/confira-voltas-mais-rapidas-gp-do-canada-f1-2023\/","title":{"rendered":"Confira voltas mais r\u00e1pidas de cada piloto no GP do Canad\u00e1 da F1 2023"},"content":{"rendered":"\n<figure class=\"wp-block-embed is-type-video is-provider-youtube wp-block-embed-youtube wp-embed-aspect-16-9 wp-has-aspect-ratio\"><div class=\"wp-block-embed__wrapper\">\n<iframe loading=\"lazy\" title=\"F1 2023: VERSTAPPEN 1\u00ba, ALONSO 2\u00ba E HAMILTON 3\u00ba NO CANAD\u00c1 | Briefing\" width=\"500\" height=\"281\" src=\"https:\/\/www.youtube.com\/embed\/4fnT4aJsumU?feature=oembed\" frameborder=\"0\" allow=\"accelerometer; autoplay; clipboard-write; encrypted-media; gyroscope; picture-in-picture; web-share\" referrerpolicy=\"strict-origin-when-cross-origin\" allowfullscreen><\/iframe>\n<\/div><figcaption>F1 2023: VERSTAPPEN 1\u00ba, ALONSO 2\u00ba E HAMILTON 3\u00ba NO CANAD\u00c1 | Briefing<\/figcaption><\/figure>\n\n\n\n<p class=\"wp-block-paragraph\">Sem a possibilidade de se aproximar das <strong>Ferrari <\/strong>de <strong>Charles Leclerc<\/strong>, quarto colocado, e <strong>Carlos Sainz<\/strong>, quinto, <strong>Sergio P\u00e9rez<\/strong>, sexto, colocou pneus macios em parada nos boxes na volta 69 \u2014 pen\u00faltima do <strong>GP do Canad\u00e1<\/strong>, <a href=\"https:\/\/www.grandepremio.com\/br\/f1\/noticias\/max-verstappen-vence-gp-do-canada-empata-ayrton-senna-f1-fernando-alonso-lewis-hamilton-vao-podio\/\" target=\"_blank\" aria-label=\"realizado neste domingo (18) (opens in a new tab)\" rel=\"noreferrer noopener\" class=\"ek-link\">realizado neste domingo (18)<\/a> \u2014 e registrou o tempo de <strong>1m14s481<\/strong> na 70\u00aa para ficar com a volta mais r\u00e1pida da corrida e, por consequ\u00eancia, com o ponto extra na tabela de classifica\u00e7\u00e3o.<\/p>\n\n\n\n<p class=\"wp-block-paragraph\">A <strong>0s915 <\/strong>do giro mais veloz da prova ficou <strong>Lewis Hamilton<\/strong>, segundo colocado no quesito de volta mais r\u00e1pida, com o tempo <strong>1m15s396<\/strong>, alcan\u00e7ado na volta 47. <a href=\"https:\/\/www.grandepremio.com\/br\/f1\/noticias\/max-verstappen-vence-gp-do-canada-empata-ayrton-senna-f1-fernando-alonso-lewis-hamilton-vao-podio\/\" class=\"ek-link\">Vencedor do GP do Canad\u00e1<\/a>, <strong>Max Verstappen <\/strong>completou o top-3, com <strong>1m15s594<\/strong>, registrado na volta 68.<\/p>\n\n\n\n<p class=\"wp-block-paragraph\"><strong>\u25b6\ufe0f&nbsp;<a href=\"https:\/\/www.twitch.tv\/grandepremio\" target=\"_blank\" rel=\"noreferrer noopener\" class=\"ek-link\">Conhe\u00e7a o canal do GRANDE PR\u00caMIO na Twitch clicando aqui!<\/a><\/strong><\/p>\n\n\n\n<figure class=\"wp-block-image size-large\"><img decoding=\"async\" src=\"https:\/\/www.grandepremio.com\/br\/wp-content\/uploads\/2023\/06\/f1-2023-canada-corrida-redbull-maxverstappen-10-1024x683.jpg\" alt=\"\" class=\"wp-image-697702\"\/><figcaption>Vencedor do GP do Canad\u00e1, Max Verstappen ficou com a terceira volta mais r\u00e1pida em Montreal (Foto: Red Bull Content Pool)<\/figcaption><\/figure>\n\n\n\n<p class=\"wp-block-paragraph\">O grupo dos dez melhores colocados no quesito ainda teve, nesta ordem: <strong>Fernando Alonso<\/strong>, <strong>Charles Leclerc<\/strong>, <strong>Carlos Sainz<\/strong>, <strong>Kevin Magnussen<\/strong>, <strong>Lando Norris<\/strong>, <strong>Pierre Gasly<\/strong> e <strong>Lance Stroll<\/strong>.<\/p>\n\n\n\n<p class=\"wp-block-paragraph\">Fora do top-10, o primeiro a aparecer foi <strong>Oscar Piastri<\/strong>, da McLaren, em 11\u00ba, com o tempo de <strong>1m16s598<\/strong>, registrado na volta 59 da corrida em Montreal. <strong>Valtteri Bottas <\/strong>(12\u00ba), <strong>Nyck de Vries <\/strong>(13\u00ba), <strong>Yuki Tsunoda <\/strong>(14\u00ba), <strong>Esteban Ocon <\/strong>(15\u00ba), <strong>Alexander Albon <\/strong>(16\u00ba), <strong>Guanyu Zhou <\/strong>(17\u00ba), <strong>George Russell <\/strong>(18\u00ba), <strong>Nico H\u00fclkenberg <\/strong>(19\u00ba) e <strong>Logan Sargeant <\/strong>(20\u00ba) completam o ranking em suas respectivas posi\u00e7\u00f5es.<\/p>\n\n\n\n<p class=\"wp-block-paragraph\">O\u00a0<strong>GRANDE PR\u00caMIO\u00a0<\/strong>acompanha todas as atividades da <a href=\"https:\/\/www.grandepremio.com\/formula-1\/\" target=\"_blank\" rel=\"noreferrer noopener\">F\u00f3rmula 1<\/a>\u00a02023\u00a0<strong>AO VIVO<\/strong>\u00a0e\u00a0<strong>EM\u00a0<a href=\"https:\/\/www.grandepremio.com\/br\/ao-vivo\/\" target=\"_blank\" rel=\"noreferrer noopener\">TEMPO REAL<\/a><\/strong>. A pr\u00f3xima etapa est\u00e1 marcada para acontecer entre 30 de junho e 2 de julho, com o<strong>\u00a0GP da \u00c1ustria<\/strong>. No s\u00e1bado e no domingo, h\u00e1 tamb\u00e9m a segunda tela, em parceria com a\u00a0<strong>Voz do Esporte<\/strong>.<\/p>\n\n\n\n<h2 class=\"wp-block-heading\" id=\"h-f1-2023-gp-do-canada-voltas-mais-rapidas\"><strong>F1 2023, GP do Canad\u00e1, Voltas Mais R\u00e1pidas:<\/strong><\/h2>\n\n\n\n<figure class=\"wp-block-table\"><table><tbody><tr><td>1<\/td><td>S\u00e9rgio P\u00e9rez<\/td><td>Red Bull Honda<\/td><td>1m14s481<\/td><td><\/td><td>70<\/td><\/tr><tr><td>2<\/td><td>Lewis Hamilton<\/td><td>Mercedes<\/td><td>1m15s396<\/td><td>0s915<\/td><td>47<\/td><\/tr><tr><td>3<\/td><td>Max Verstappen<\/td><td>Red Bull Honda<\/td><td>1m15s594<\/td><td>1s113<\/td><td>68<\/td><\/tr><tr><td>4<\/td><td>Fernando Alonso<\/td><td>Aston Martin Mercedes<\/td><td>1m15s779<\/td><td>1s298<\/td><td>62<\/td><\/tr><tr><td>5<\/td><td>Charles Leclerc<\/td><td>Ferrari<\/td><td>1m15s907<\/td><td>1s426<\/td><td>47<\/td><\/tr><tr><td>6<\/td><td>Carlos Sainz<\/td><td>Ferrari<\/td><td>1m15s911<\/td><td>1s430<\/td><td>47<\/td><\/tr><tr><td>7<\/td><td>Kevin Magnussen<\/td><td>Haas Ferrari<\/td><td>1m16s126<\/td><td>1s645<\/td><td>55<\/td><\/tr><tr><td>8<\/td><td>Lando Norris<\/td><td>McLaren Mercedes<\/td><td>1m16s374<\/td><td>1s893<\/td><td>65<\/td><\/tr><tr><td>9<\/td><td>Pierre Gasly<\/td><td>Alpine <\/td><td>1m16s425<\/td><td>1s944<\/td><td>67<\/td><\/tr><tr><td>10<\/td><td>Lance Stroll<\/td><td>Aston Martin Mercedes<\/td><td>1m16s564<\/td><td>2s083<\/td><td>58<\/td><\/tr><tr><td>11<\/td><td>Oscar Piastri<\/td><td>McLaren Mercedes<\/td><td>1m16s598<\/td><td>2s117<\/td><td>59<\/td><\/tr><tr><td>12<\/td><td>Valtteri Bottas<\/td><td>Alfa Romeo Ferrari<\/td><td>1m16s625<\/td><td>2s144<\/td><td>52<\/td><\/tr><tr><td>13<\/td><td>Nyck de Vries<\/td><td>AlphaTauri Honda<\/td><td>1m16s656<\/td><td>2s175<\/td><td>52<\/td><\/tr><tr><td>14<\/td><td>Yuki Tsunoda<\/td><td>AlphaTauri Honda<\/td><td>1m16s666<\/td><td>2s185<\/td><td>68<\/td><\/tr><tr><td>15<\/td><td>Esteban Ocon<\/td><td>Alpine<\/td><td>1m16s782<\/td><td>2s301<\/td><td>63<\/td><\/tr><tr><td>16<\/td><td>Alexander Albon<\/td><td>Williams Mercedes<\/td><td>1m16s917<\/td><td>2s436<\/td><td>68<\/td><\/tr><tr><td>17<\/td><td>Guanyu Zhou<\/td><td>Alfa Romeo Ferrari<\/td><td>1m17s090<\/td><td>2s609<\/td><td>58<\/td><\/tr><tr><td>18<\/td><td>George Russell<\/td><td>Mercedes<\/td><td>1m17s097<\/td><td>2s616<\/td><td>44<\/td><\/tr><tr><td>19<\/td><td>Nico H\u00fclkenberg<\/td><td>Haas Ferrari<\/td><td>1m17s232<\/td><td>2s751<\/td><td>37<\/td><\/tr><tr><td>20<\/td><td>Logan Sargeant<\/td><td>Williams Mercedes<\/td><td>1m18s437<\/td><td>3s956<\/td><td>4<\/td><\/tr><\/tbody><\/table><\/figure>\n","protected":false},"excerpt":{"rendered":"<p>Longe da briga pelo p\u00f3dio, S\u00e9rgio P\u00e9rez colocou pneus macios para a volta final e registrou o tempo mais r\u00e1pido do GP do Canad\u00e1, com 1m14s481. Confira a lista completa<\/p>\n","protected":false},"author":0,"featured_media":1000697556,"comment_status":"closed","ping_status":"closed","sticky":false,"template":"","format":"standard","meta":{"42wp_featured_image_caption":"","42wp_featured_image_credits":"","42wp_featured_video":"","42wp_featured_image_hidden":false,"42wp_authors_list":[],"footnotes":""},"categories":[2],"tags":[546,209,302,6533,176,31793,25044,28285,32667,117,485,547,87,25553,203,4486,1521,1556,2916,676,24863,33558,31447,597],"42wp_author":[47145],"class_list":["post-101926","post","type-post","status-publish","format-standard","has-post-thumbnail","hentry","category-f1","tag-carlos-sainz","tag-charles-leclerc","tag-esteban-ocon","tag-f1-2023","tag-fernando-alonso","tag-gp-canada","tag-gp-do-canada-2","tag-grandepremio","tag-grandepremio-f1","tag-kevin-magnussen","tag-lance-stroll","tag-lando-norris","tag-lewis-hamilton","tag-logan-sargeant","tag-max-verstappen","tag-montreal","tag-nico-hulkenberg","tag-nyck-de-vries","tag-oscar-piastri","tag-pierre-gasly","tag-sergio-perez-2","tag-temporada-2023-da-f1","tag-temporada-2023-f1","tag-yuki-tsunoda","42wp_author-alessandro-pinheiro"],"_links":{"self":[{"href":"https:\/\/grandepremio.com\/br\/wp-json\/wp\/v2\/posts\/101926","targetHints":{"allow":["GET"]}}],"collection":[{"href":"https:\/\/grandepremio.com\/br\/wp-json\/wp\/v2\/posts"}],"about":[{"href":"https:\/\/grandepremio.com\/br\/wp-json\/wp\/v2\/types\/post"}],"replies":[{"embeddable":true,"href":"https:\/\/grandepremio.com\/br\/wp-json\/wp\/v2\/comments?post=101926"}],"version-history":[{"count":0,"href":"https:\/\/grandepremio.com\/br\/wp-json\/wp\/v2\/posts\/101926\/revisions"}],"wp:featuredmedia":[{"embeddable":true,"href":"https:\/\/grandepremio.com\/br\/wp-json\/wp\/v2\/media\/1000697556"}],"wp:attachment":[{"href":"https:\/\/grandepremio.com\/br\/wp-json\/wp\/v2\/media?parent=101926"}],"wp:term":[{"taxonomy":"category","embeddable":true,"href":"https:\/\/grandepremio.com\/br\/wp-json\/wp\/v2\/categories?post=101926"},{"taxonomy":"post_tag","embeddable":true,"href":"https:\/\/grandepremio.com\/br\/wp-json\/wp\/v2\/tags?post=101926"},{"taxonomy":"42wp_author","embeddable":true,"href":"https:\/\/grandepremio.com\/br\/wp-json\/wp\/v2\/42wp_author?post=101926"}],"curies":[{"name":"wp","href":"https:\/\/api.w.org\/{rel}","templated":true}]}}