{"id":10197,"date":"2026-04-08T07:30:40","date_gmt":"2026-04-08T10:30:40","guid":{"rendered":"https:\/\/grandepremio.com\/br\/noticias\/leonardo-fornaroli-completa-testes-carro-2023-mclaren-silverstone\/"},"modified":"2026-04-08T07:32:35","modified_gmt":"2026-04-08T10:32:35","slug":"leonardo-fornaroli-completa-testes-carro-2023-mclaren-silverstone","status":"publish","type":"post","link":"https:\/\/grandepremio.com\/br\/f1\/leonardo-fornaroli-completa-testes-carro-2023-mclaren-silverstone\/","title":{"rendered":"Fornaroli completa testes com carro de 2023 da McLaren em Silverstone"},"content":{"rendered":"\n<p class=\"wp-block-paragraph\">Embora tenha conquistado os t\u00edtulos da <strong>F\u00f3rmula 3<\/strong> e da <strong>F\u00f3rmula 2<\/strong> nas \u00faltimas duas temporadas, <strong>Leonardo Fornaroli<\/strong> n\u00e3o conseguiu uma vaga como titular na <strong>F\u00f3rmula 1<\/strong>, mas atua como piloto de testes da <strong>McLaren<\/strong>. Em meio \u00e0s atribui\u00e7\u00f5es, completou mais um teste com a equipe, desta vez em <strong>Silverstone<\/strong>, utilizando o <strong>MCL60<\/strong>, carro da temporada de 2023.<\/p>\n\n\n\n<p class=\"wp-block-paragraph\">Esta n\u00e3o \u00e9 a primeira vez que <strong>Fornaroli <\/strong>pilota um carro da <strong>McLaren<\/strong>. Depois de ser <a href=\"https:\/\/www.grandepremio.com\/br\/f1\/noticias\/mclaren-anuncia-leonardo-fornaroli-richard-verschoor-programa-desenvolvimento-pilotos\/\">anunciado no programa de jovens pilotos<\/a> da equipe brit\u00e2nica em dezembro do ano passado, o italiano foi a <strong>Barcelona<\/strong>, <a href=\"https:\/\/www.grandepremio.com\/br\/f1\/noticias\/leonardo-fornaroli-mclaren-2023-barcelona-carro-f1-1a-vez\/\">tamb\u00e9m com o carro de 2023<\/a>, para realizar alguns testes.<\/p>\n\n\n\n<figure class=\"wp-block-embed is-type-video is-provider-youtube wp-block-embed-youtube wp-embed-aspect-16-9 wp-has-aspect-ratio\"><div class=\"wp-block-embed__wrapper\">\n<iframe loading=\"lazy\" title=\"MOTOR V8 DE VOLTA NA F1? BEARMAN TEM FUTURO NA FERRARI | Paddock GP #450\" width=\"500\" height=\"281\" src=\"https:\/\/www.youtube.com\/embed\/Xkq4w6Zrcvc?feature=oembed\" frameborder=\"0\" allow=\"accelerometer; autoplay; clipboard-write; encrypted-media; gyroscope; picture-in-picture; web-share\" referrerpolicy=\"strict-origin-when-cross-origin\" allowfullscreen><\/iframe>\n<\/div><\/figure>\n\n\n\n<h3 class=\"wp-block-heading has-vivid-red-color has-text-color has-link-color wp-elements-1\" id=\"h-gp-experience-o-novo-produto-do-grande-premio-conecta-voce-aos-maiores-eventos-de-esporte-a-motor-do-mundo-va-para-indianapolis-com-a-gente-saiba-aqui-todos-os-detalhes\"><strong>+ GP EXPERIENCE: o novo produto do GRANDE PR\u00caMIO conecta voc\u00ea aos maiores eventos de esporte a motor do mundo. V\u00e1 para Indian\u00e1polis com a gente:\u00a0<a href=\"https:\/\/gpexperience.tur.br\/\">saiba aqui todos os detalhes<\/a>.<\/strong><\/h3>\n\n\n\n<p class=\"wp-block-paragraph\">Agora, a <strong>McLaren <\/strong>escolheu outro circuito e levou o italiano a <strong>Silverstone<\/strong>. Por j\u00e1 ter experi\u00eancia pr\u00e9via com o carro da equipe, <strong>Fornaroli <\/strong>destacou que p\u00f4de realizar um programa de testes mais avan\u00e7ado no circuito brit\u00e2nico.<\/p>\n\n\n\n<p class=\"wp-block-paragraph\">\u201cMais um \u00f3timo dia na pista, foi incr\u00edvel estar de volta ao MCL60. Silverstone \u00e9 um dos meus circuitos favoritos, ent\u00e3o sou grato \u00e0 McLaren pela oportunidade de voltar a pilotar um carro de F1 l\u00e1. Como este foi meu segundo teste, o plano de voltas estava mais avan\u00e7ado, ent\u00e3o pude experimentar diferentes configura\u00e7\u00f5es e n\u00edveis de combust\u00edvel, o que continua aprimorando meu entendimento de como pilotar um carro de <strong>F\u00f3rmula 1<\/strong>\u201d, disse <strong>Fornaroli<\/strong>.<\/p>\n\n\n\n<figure class=\"wp-block-image size-full\"><img decoding=\"async\" src=\"https:\/\/www.grandepremio.com\/br\/wp-content\/uploads\/2026\/04\/Leonardo-Fornaroli-McLaren-2023-Silverstone-Foto-McLaren.jpg\" alt=\"\" class=\"wp-image-1075609\"\/><figcaption class=\"wp-element-caption\">Silverstone foi o circuito escolhido dessa vez (Foto: Mclaren)<\/figcaption><\/figure>\n\n\n\n<p class=\"wp-block-paragraph\">\u201cEstou muito feliz com o resultado de hoje e continuo evoluindo desde o meu teste de algumas semanas atr\u00e1s, ficando ainda mais confort\u00e1vel com esses carros. Espero continuar testando este ano, algo muito importante para o meu papel como <strong>Piloto Reserva<\/strong> da <strong>McLaren <\/strong>e para o meu desenvolvimento dentro do programa <strong>DDP<\/strong>\u201d, finalizou <strong>Fornaroli<\/strong>.<\/p>\n\n\n\n<p class=\"wp-block-paragraph\">A\u00a0<strong>F\u00f3rmula 1<\/strong>\u00a0agora entra em hiato ap\u00f3s a suspens\u00e3o dos GPs do\u00a0<strong>Bahrein\u00a0<\/strong>e da<strong>\u00a0Ar\u00e1bia Saudita<\/strong>\u00a0e retorna de 1\u00ba a 3 de maio com o\u00a0<strong>GP de Miami<\/strong>.<\/p>\n\n\n\n<p class=\"wp-block-paragraph\">\u25b6\ufe0f Inscreva-se nos dois canais do GRANDE PR\u00caMIO no YouTube: <strong><a href=\"https:\/\/www.youtube.com\/channel\/UC9OlHEgxoaY6QY6nWPoiqQg?sub_confirmation=1\">GP<\/a>\u00a0|\u00a0<a href=\"https:\/\/www.youtube.com\/channel\/UC9csiS6q_C3C0FYhyr1rnFA?sub_confirmation=1\">GPTV<\/a><\/strong><\/p>\n\n\n\n<h2 class=\"wp-block-heading\" id=\"h-f1-hoje-saiba-aqui-as-noticias-mais-importantes-do-dia-da-formula-1\"><strong>F1 hoje: saiba aqui as not\u00edcias mais importantes do dia da F\u00f3rmula 1<\/strong><\/h2>\n\n\n\n<p class=\"wp-block-paragraph\">A reda\u00e7\u00e3o do&nbsp;<strong>GRANDE PR\u00caMIO<\/strong>&nbsp;selecionou as not\u00edcias mais importantes das \u00faltimas horas para voc\u00ea ficar por dentro de tudo que acontece na F1.<\/p>\n\n\n\n<p class=\"wp-block-paragraph\">\u25b6\ufe0f <a href=\"https:\/\/www.grandepremio.com\/br\/f1\/noticias\/pirelli-confirma-teste-pneus-f1-mercedes-mclaren-nurburgring\/\"><strong>Pirelli confirma teste de pneus da F1 com Mercedes e McLaren em N\u00fcrburgring<\/strong><\/a><br>\u25b6\ufe0f <strong><a href=\"https:\/\/www.grandepremio.com\/br\/f1\/noticias\/christian-horner-audi-por-que-ideia-dor-cabeca-totalmente-dispensavel-equipe-alema\/\">Horner na Audi? Por que ideia \u00e9 dor de cabe\u00e7a totalmente dispens\u00e1vel para equipe alem\u00e3<\/a><\/strong><br>\u25b6\ufe0f <strong><a href=\"https:\/\/www.grandepremio.com\/br\/web-stories\/f1\/por-que-f1-antecipou-debates-sobre-motor-de-2031\/\">Por que F1 antecipou debates sobre motor de 2031<\/a><\/strong><br>\u25b6\ufe0f <strong><a href=\"https:\/\/www.grandepremio.com\/br\/galeria\/f1\/inalcancavel-fraquezas-ainda-expoem-mercedes-temporada-2026-f1\/\">Inalcan\u00e7\u00e1vel? As fraquezas que ainda exp\u00f5em Mercedes na temporada 2026 da F1<\/a><\/strong><br>\u25b6\ufe0f <strong><a href=\"https:\/\/www.grandepremio.com\/br\/f1\/noticias\/charles-leclerc-reforca-unica-chance-ferrari-f1-2026-irritar-mercedes\/\">Leclerc refor\u00e7a \u201c\u00fanica chance\u201d da Ferrari na F1 2026: \u201cIrritar a Mercedes\u201d<\/a><\/strong><br>\u25b6\ufe0f <a href=\"https:\/\/www.grandepremio.com\/br\/f1\/noticias\/honda-traca-plano-recuperacao-f1-foca-evolucao-confiabilidade\/\"><strong>Honda tra\u00e7a plano de recupera\u00e7\u00e3o na F1 e foca em evolu\u00e7\u00e3o de confiabilidade<\/strong><\/a><\/p>\n","protected":false},"excerpt":{"rendered":"<p>A McLaren levou Leonardo Fornaroli a Silverstone para mais uma bateria de testes utilizando o MCL60, carro da temporada 2023 da F\u00f3rmula 1<\/p>\n","protected":false},"author":0,"featured_media":1001071464,"comment_status":"closed","ping_status":"closed","sticky":false,"template":"","format":"standard","meta":{"42wp_featured_image_caption":"","42wp_featured_image_credits":"","42wp_featured_video":"","42wp_featured_image_hidden":false,"42wp_authors_list":[],"footnotes":""},"categories":[2],"tags":[1491,28285,35154,33757,90,4928,37605,3632],"42wp_author":[47149],"class_list":["post-10197","post","type-post","status-publish","format-standard","has-post-thumbnail","hentry","category-f1","tag-grande-premio","tag-grandepremio","tag-leonardo-fornaroli","tag-mcl60","tag-mclaren","tag-mclaren-f1","tag-mclaren-formula-1","tag-silverstone","42wp_author-bernardo-castro"],"_links":{"self":[{"href":"https:\/\/grandepremio.com\/br\/wp-json\/wp\/v2\/posts\/10197","targetHints":{"allow":["GET"]}}],"collection":[{"href":"https:\/\/grandepremio.com\/br\/wp-json\/wp\/v2\/posts"}],"about":[{"href":"https:\/\/grandepremio.com\/br\/wp-json\/wp\/v2\/types\/post"}],"replies":[{"embeddable":true,"href":"https:\/\/grandepremio.com\/br\/wp-json\/wp\/v2\/comments?post=10197"}],"version-history":[{"count":0,"href":"https:\/\/grandepremio.com\/br\/wp-json\/wp\/v2\/posts\/10197\/revisions"}],"wp:featuredmedia":[{"embeddable":true,"href":"https:\/\/grandepremio.com\/br\/wp-json\/wp\/v2\/media\/1001071464"}],"wp:attachment":[{"href":"https:\/\/grandepremio.com\/br\/wp-json\/wp\/v2\/media?parent=10197"}],"wp:term":[{"taxonomy":"category","embeddable":true,"href":"https:\/\/grandepremio.com\/br\/wp-json\/wp\/v2\/categories?post=10197"},{"taxonomy":"post_tag","embeddable":true,"href":"https:\/\/grandepremio.com\/br\/wp-json\/wp\/v2\/tags?post=10197"},{"taxonomy":"42wp_author","embeddable":true,"href":"https:\/\/grandepremio.com\/br\/wp-json\/wp\/v2\/42wp_author?post=10197"}],"curies":[{"name":"wp","href":"https:\/\/api.w.org\/{rel}","templated":true}]}}