{"id":102009,"date":"2023-06-17T19:25:39","date_gmt":"2023-06-17T22:25:39","guid":{"rendered":"https:\/\/grandepremio.com\/br\/noticias\/charles-leclerc-irrita-culpa-ferrari-erro-decisao-facil-pneus-q2-canada\/"},"modified":"2023-06-17T19:26:43","modified_gmt":"2023-06-17T22:26:43","slug":"charles-leclerc-irrita-culpa-ferrari-erro-decisao-facil-pneus-q2-canada","status":"publish","type":"post","link":"https:\/\/grandepremio.com\/br\/f1\/charles-leclerc-irrita-culpa-ferrari-erro-decisao-facil-pneus-q2-canada\/","title":{"rendered":"Leclerc se irrita e culpa Ferrari por erro em &#8220;decis\u00e3o f\u00e1cil&#8221; de pneus no Q2 do Canad\u00e1"},"content":{"rendered":"\n<figure class=\"wp-block-embed is-type-video is-provider-youtube wp-block-embed-youtube wp-embed-aspect-16-9 wp-has-aspect-ratio\"><div class=\"wp-block-embed__wrapper\">\n<iframe loading=\"lazy\" title=\"F1 2023 CLASSIFICA\u00c7\u00c3O NO CANAD\u00c1: VERSTAPPEN POLE. H\u00dcLKENBERG 2\u00ba | Briefing\" width=\"500\" height=\"281\" src=\"https:\/\/www.youtube.com\/embed\/ji6TauYS7Zw?feature=oembed\" frameborder=\"0\" allow=\"accelerometer; autoplay; clipboard-write; encrypted-media; gyroscope; picture-in-picture; web-share\" referrerpolicy=\"strict-origin-when-cross-origin\" allowfullscreen><\/iframe>\n<\/div><figcaption>\ud83d\udd34F1 2023 NO CANAD\u00c1 AO VIVO: VERSTAPPEN BRILHA E GARANTE POLE. H\u00dcLKENBERG 2\u00ba | Briefing<\/figcaption><\/figure>\n\n\n\n<p class=\"wp-block-paragraph\"><strong>Charles Leclerc <\/strong>n\u00e3o passou da <a href=\"https:\/\/www.grandepremio.com\/br\/f1\/noticias\/max-verstappen-show-molhado-crava-pole-gp-do-canada-nico-hulkenberg-larga-2o\/\" class=\"ek-link\">11\u00aa coloca\u00e7\u00e3o na classifica\u00e7\u00e3o<\/a> da <strong>F\u00f3rmula 1<\/strong> para o <strong>GP do Canad\u00e1<\/strong>, realizada neste s\u00e1bado (17), e n\u00e3o se furtou de colocar o resultado na conta da <strong>Ferrari <\/strong>\u2014 que demorou para interpretar a pista e entender a necessidade de usar pneus slicks. Quando o monegasco tentou suas \u00faltimas voltas r\u00e1pidas no Q2, j\u00e1 n\u00e3o havia mais condi\u00e7\u00f5es de melhorar seu tempo, o que gerou uma s\u00e9rie de reclama\u00e7\u00f5es por parte do piloto.<\/p>\n\n\n\n<p class=\"wp-block-paragraph\">&#8220;Dessa vez, n\u00e3o era dif\u00edcil de ler que a pista estava seca&#8221;, disparou Leclerc em entrevista ap\u00f3s a classifica\u00e7\u00e3o em Montreal. &#8220;Eu disse isso na volta de sa\u00edda. N\u00e3o sei o motivo de termos continuado com pneus intermedi\u00e1rios em uma pista seca&#8221;, afirmou o monegasco, que pela segunda classifica\u00e7\u00e3o consecutiva n\u00e3o avan\u00e7ou ao Q3.<\/p>\n\n\n\n<p class=\"wp-block-paragraph\"><strong>\u25b6\ufe0f&nbsp;<a href=\"https:\/\/www.twitch.tv\/grandepremio\" target=\"_blank\" rel=\"noreferrer noopener\">Conhe\u00e7a o canal do GRANDE PR\u00caMIO na Twitch clicando aqui!<\/a><\/strong><\/p>\n\n\n\n<figure class=\"wp-block-image size-large\"><img decoding=\"async\" src=\"https:\/\/www.grandepremio.com\/br\/wp-content\/uploads\/2023\/06\/f1-2023-canada-classificacao-ferrari-charlesleclerc-01-1-1024x683.jpg\" alt=\"\" class=\"wp-image-696616\"\/><figcaption>Charles Leclerc sofre em classifica\u00e7\u00e3o chuvosa e vai largar da 11\u00aa posi\u00e7\u00e3o no GP do Canad\u00e1 (Foto: Ferrari)<\/figcaption><\/figure>\n\n\n\n<p class=\"wp-block-paragraph\"><strong>\u25b6\ufe0f&nbsp;Inscreva-se nos dois canais do GRANDE PR\u00caMIO no YouTube:&nbsp;<a href=\"https:\/\/www.youtube.com\/channel\/UC9OlHEgxoaY6QY6nWPoiqQg?sub_confirmation=1\" target=\"_blank\" rel=\"noreferrer noopener\">GP&nbsp;|&nbsp;GP2<\/a><\/strong><\/p>\n\n\n\n<p class=\"wp-block-paragraph\">A primeira equipe a tentar pneus para pista seca foi a <strong>Williams<\/strong>, que logo conseguiu colocar <strong>Alexander Albon <\/strong>no topo da tabela. Entretanto, depois de <strong>Oscar Piastri <\/strong>paralisar a atividade com uma bandeira vermelha, o tra\u00e7ado j\u00e1 se apresentava em condi\u00e7\u00f5es bem piores \u2014 o que fez com que nenhum piloto conseguisse melhorar seu tempo.<\/p>\n\n\n\n<p class=\"wp-block-paragraph\">De acordo com Leclerc, caso a Ferrari tivesse antecipado a troca do pneu macio no Q2, o monegasco teria terminado classifica\u00e7\u00e3o em uma coloca\u00e7\u00e3o condizente com o desempenho nos treinos livres, quando sempre fechou entre os cinco primeiros. <\/p>\n\n\n\n<p class=\"wp-block-paragraph\">&#8220;N\u00f3s fomos [para a pista] com pneus macios quando come\u00e7ou a chover&#8221;, reclamou. &#8220;Deveria ter sido uma sess\u00e3o f\u00e1cil, ent\u00e3o, eu discordo da [decis\u00e3o da] equipe&#8221;, completou.<\/p>\n\n\n\n<p class=\"wp-block-paragraph\">O&nbsp;<strong>GRANDE PR\u00caMIO&nbsp;<\/strong>acompanha todas as atividades do fim de semana da<strong>&nbsp;<\/strong><a href=\"https:\/\/www.grandepremio.com\/formula-1\/\" target=\"_blank\" rel=\"noreferrer noopener\">F\u00f3rmula 1<\/a>&nbsp;no Canad\u00e1&nbsp;<strong>AO VIVO<\/strong>&nbsp;e&nbsp;<strong>EM&nbsp;<a href=\"https:\/\/www.grandepremio.com\/br\/ao-vivo\/\" target=\"_blank\" rel=\"noreferrer noopener\">TEMPO REAL<\/a><\/strong>. No domingo, o GP do Canad\u00e1 est\u00e1 previsto para come\u00e7ar \u00e0s&nbsp;<strong>15h<\/strong>. 20 minutos antes, o GRANDE PR\u00caMIO inicia segunda tela no&nbsp;<a href=\"https:\/\/www.youtube.com\/@GrandePremio1\">canal 1 no YouTube<\/a>.<\/p>\n","protected":false},"excerpt":{"rendered":"<p>Charles Leclerc ficou sem entender o motivo da Ferrari ter escolhido pneus intermedi\u00e1rios ao inv\u00e9s de macios na classifica\u00e7\u00e3o do GP do Canad\u00e1, o que resultou em elimina\u00e7\u00e3o no Q2<\/p>\n","protected":false},"author":0,"featured_media":1000696647,"comment_status":"closed","ping_status":"closed","sticky":false,"template":"","format":"standard","meta":{"42wp_featured_image_caption":"","42wp_featured_image_credits":"","42wp_featured_video":"","42wp_featured_image_hidden":false,"42wp_authors_list":[],"footnotes":""},"categories":[2],"tags":[1566,209,147,6533,207,25044,28285,4486,33558,31447],"42wp_author":[47145,47142],"class_list":["post-102009","post","type-post","status-publish","format-standard","has-post-thumbnail","hentry","category-f1","tag-ao-vivo","tag-charles-leclerc","tag-f1","tag-f1-2023","tag-ferrari","tag-gp-do-canada-2","tag-grandepremio","tag-montreal","tag-temporada-2023-da-f1","tag-temporada-2023-f1","42wp_author-alessandro-pinheiro","42wp_author-jp-nascimento"],"_links":{"self":[{"href":"https:\/\/grandepremio.com\/br\/wp-json\/wp\/v2\/posts\/102009","targetHints":{"allow":["GET"]}}],"collection":[{"href":"https:\/\/grandepremio.com\/br\/wp-json\/wp\/v2\/posts"}],"about":[{"href":"https:\/\/grandepremio.com\/br\/wp-json\/wp\/v2\/types\/post"}],"replies":[{"embeddable":true,"href":"https:\/\/grandepremio.com\/br\/wp-json\/wp\/v2\/comments?post=102009"}],"version-history":[{"count":0,"href":"https:\/\/grandepremio.com\/br\/wp-json\/wp\/v2\/posts\/102009\/revisions"}],"wp:featuredmedia":[{"embeddable":true,"href":"https:\/\/grandepremio.com\/br\/wp-json\/wp\/v2\/media\/1000696647"}],"wp:attachment":[{"href":"https:\/\/grandepremio.com\/br\/wp-json\/wp\/v2\/media?parent=102009"}],"wp:term":[{"taxonomy":"category","embeddable":true,"href":"https:\/\/grandepremio.com\/br\/wp-json\/wp\/v2\/categories?post=102009"},{"taxonomy":"post_tag","embeddable":true,"href":"https:\/\/grandepremio.com\/br\/wp-json\/wp\/v2\/tags?post=102009"},{"taxonomy":"42wp_author","embeddable":true,"href":"https:\/\/grandepremio.com\/br\/wp-json\/wp\/v2\/42wp_author?post=102009"}],"curies":[{"name":"wp","href":"https:\/\/api.w.org\/{rel}","templated":true}]}}