{"id":102015,"date":"2023-06-17T18:15:54","date_gmt":"2023-06-17T21:15:54","guid":{"rendered":"https:\/\/grandepremio.com\/br\/noticias\/scott-dixon-admite-culpa-batida-will-power-pede-desculpas-estou-frustrado\/"},"modified":"2023-06-17T18:18:45","modified_gmt":"2023-06-17T21:18:45","slug":"scott-dixon-admite-culpa-batida-will-power-pede-desculpas-estou-frustrado","status":"publish","type":"post","link":"https:\/\/grandepremio.com\/br\/indy\/scott-dixon-admite-culpa-batida-will-power-pede-desculpas-estou-frustrado\/","title":{"rendered":"Dixon admite culpa em batida com Power e pede desculpas: &#8220;Estou frustrado&#8221;"},"content":{"rendered":"\n<p class=\"wp-block-paragraph\">A segunda sess\u00e3o de treino livre do <strong>GP de Elkhart Lake<\/strong> da <strong>Indy<\/strong>, realizada neste s\u00e1bado (17), ficou marcada <a href=\"https:\/\/www.grandepremio.com\/br\/indy\/noticias\/will-power-empurra-scott-dixon-acidente-esquisito-treino-livre-indy-road-america\/\" class=\"ek-link\">pelo acidente e pelo desentendimento que envolveram <strong>Scott Dixon<\/strong>, da <strong>Ganassi<\/strong>, e <strong>Will Power<\/strong>, da <strong>Penske<\/strong><\/a>. A colis\u00e3o aconteceu no momento em que restavam 33 minutos de atividade, quando o neozeland\u00eas abriu espa\u00e7o para que <strong>Romain Grosjean<\/strong> pudesse ultrapass\u00e1-lo e, ao voltar \u00e0 linha anterior na pista, n\u00e3o viu o australiano no retrovisor.<\/p>\n\n\n\n<p class=\"wp-block-paragraph\">Logo na sequ\u00eancia, o p\u00fablico foi surpreendido por uma confus\u00e3o. Enfurecido, Power foi para cima de Dixon para tirar satisfa\u00e7\u00f5es e o piloto da Penske chegou a empurrar o rival. Ambos foram contidos pela equipe que fazia o resgate. Em entrevista \u00e0 emissora americana <em>NBC <\/em>ap\u00f3s a sess\u00e3o, o dono do carro <strong>#9<\/strong> explicou o erro e pediu desculpas ao advers\u00e1rio.<\/p>\n\n\n\n<p class=\"wp-block-paragraph\">&#8220;Est\u00e1vamos com pneus muito velhos, talvez umas 20 voltas neles, e tentando apenas fazer alguns ajustes de equil\u00edbrio. Acabei rodando um pouco ao entrar na curva 12 e ent\u00e3o vi [Romain] Grosjean pelo espelho depois de me recuperar, e nem percebi que Power estava l\u00e1. Realmente pe\u00e7o desculpas a ele e, obviamente, \u00e0 sua equipe. Foi um erro da minha parte e estou frustrado por ter danificado meu carro e o dele tamb\u00e9m&#8221;, disse Dixon.<\/p>\n\n\n\n<p class=\"wp-block-paragraph\"><strong>\u25b6\ufe0f\u00a0Inscreva-se nos dois canais do GRANDE PR\u00caMIO no YouTube:\u00a0<a href=\"https:\/\/www.youtube.com\/channel\/UC9OlHEgxoaY6QY6nWPoiqQg?sub_confirmation=1\" target=\"_blank\" rel=\"noreferrer noopener\">GP<\/a>\u00a0|\u00a0<a href=\"https:\/\/www.youtube.com\/channel\/UC9csiS6q_C3C0FYhyr1rnFA?sub_confirmation=1\" target=\"_blank\" rel=\"noreferrer noopener\">GP2<\/a><\/strong><br><strong>\u25b6\ufe0f\u00a0<a href=\"https:\/\/www.twitch.tv\/grandepremio\" target=\"_blank\" rel=\"noreferrer noopener\">Conhe\u00e7a o canal do GRANDE PR\u00caMIO na Twitch clicando aqui!<\/a><\/strong><\/p>\n\n\n\n<figure class=\"wp-block-video\"><video class=\"video-js vjs-big-play-centered\" data-gp-vjs=\"1\" controls poster=\"https:\/\/www.grandepremio.com\/br\/wp-content\/uploads\/2023\/06\/ssstwitter.com_1687015402507-poster.jpeg\" src=\"https:\/\/www.grandepremio.com\/br\/wp-content\/uploads\/2023\/06\/ssstwitter.com_1687015402507.mp4\"><\/video><figcaption>Will Power e Scott Dixon se desentenderam ap\u00f3s acidente no TL2 do GP de Elkhart Lake (V\u00eddeo: Reprodu\u00e7\u00e3o \/ Indy)<\/figcaption><\/figure>\n\n\n\n<p class=\"wp-block-paragraph\">O piloto da Ganassi ainda revelou que o tom da discuss\u00e3o amenizou quando ambos entraram no carro m\u00e9dico. Com os \u00e2nimos arrefecidos, Power compreendeu a situa\u00e7\u00e3o e aceitou as desculpas do rival: &#8220;Acabamos entrando juntos no carro m\u00e9dico, ele estava bem depois disso. Todo mundo fica bastante exaltado, especialmente com a competi\u00e7\u00e3o acirrada no momento. \u00c9 o que \u00e9, mas sinto muito pela situa\u00e7\u00e3o.&#8221;<\/p>\n\n\n\n<p class=\"wp-block-paragraph\">O dia de Dixon em <strong>Road America<\/strong> foi bastante complicado. Al\u00e9m da confus\u00e3o no TL2, <a href=\"https:\/\/www.grandepremio.com\/br\/indy\/noticias\/colton-herta-sinal-vida-bate-pato-oward-crava-pole-gp-road-america-indy\/\" class=\"ek-link\">o neozeland\u00eas rodou sozinho quando estava com os pneus macios<\/a> na reta final do grupo 1 da classifica\u00e7\u00e3o. Com isso, o dono do carro #9 ir\u00e1 largar da 23\u00aa coloca\u00e7\u00e3o. O pole-position foi <strong>Colton Herta<\/strong>, da <strong>Andretti<\/strong>.<\/p>\n\n\n\n<p class=\"wp-block-paragraph\">A Indy volta neste domingo (18) com a corrida do GP de Elkhart Lake, agendada para as 14h15 (de <strong>Bras\u00edlia<\/strong>, GMT-3). O <strong>GRANDE PR\u00caMIO<\/strong> acompanha todas as atividades da temporada 2023.<\/p>\n","protected":false},"excerpt":{"rendered":"<p>Scott Dixon explicou que n\u00e3o viu Will Power no retrovisor e por isso acertou o rival no TL2 do GP de Elkhart Lake. Piloto neozeland\u00eas se disse frustrado por ter danificado o seu carro e o do australiano<\/p>\n","protected":false},"author":0,"featured_media":1000696085,"comment_status":"closed","ping_status":"closed","sticky":false,"template":"","format":"standard","meta":{"42wp_featured_image_caption":"","42wp_featured_image_credits":"","42wp_featured_video":"","42wp_featured_image_hidden":false,"42wp_authors_list":[],"footnotes":""},"categories":[3],"tags":[566,5660,26357,14614,619,1595,25222,35231,1491,28285,93,25977,28095,265,24043,3838,35378,732,1708,2048,3133],"42wp_author":[47153],"class_list":["post-102015","post","type-post","status-publish","format-standard","has-post-thumbnail","hentry","category-indy","tag-batida","tag-classificacao","tag-confusao","tag-dixon","tag-formula-indy","tag-ganassi","tag-gp-de-elkhart-lake","tag-gp-de-elkhart-lake-2023","tag-grande-premio","tag-grandepremio","tag-indy","tag-indy-2023","tag-indycar-series","tag-penske","tag-power","tag-road-america","tag-road-america-2023","tag-scott-dixon","tag-tl2","tag-treino-livre-2","tag-will-power","42wp_author-gabriel-pitor"],"_links":{"self":[{"href":"https:\/\/grandepremio.com\/br\/wp-json\/wp\/v2\/posts\/102015","targetHints":{"allow":["GET"]}}],"collection":[{"href":"https:\/\/grandepremio.com\/br\/wp-json\/wp\/v2\/posts"}],"about":[{"href":"https:\/\/grandepremio.com\/br\/wp-json\/wp\/v2\/types\/post"}],"replies":[{"embeddable":true,"href":"https:\/\/grandepremio.com\/br\/wp-json\/wp\/v2\/comments?post=102015"}],"version-history":[{"count":0,"href":"https:\/\/grandepremio.com\/br\/wp-json\/wp\/v2\/posts\/102015\/revisions"}],"wp:featuredmedia":[{"embeddable":true,"href":"https:\/\/grandepremio.com\/br\/wp-json\/wp\/v2\/media\/1000696085"}],"wp:attachment":[{"href":"https:\/\/grandepremio.com\/br\/wp-json\/wp\/v2\/media?parent=102015"}],"wp:term":[{"taxonomy":"category","embeddable":true,"href":"https:\/\/grandepremio.com\/br\/wp-json\/wp\/v2\/categories?post=102015"},{"taxonomy":"post_tag","embeddable":true,"href":"https:\/\/grandepremio.com\/br\/wp-json\/wp\/v2\/tags?post=102015"},{"taxonomy":"42wp_author","embeddable":true,"href":"https:\/\/grandepremio.com\/br\/wp-json\/wp\/v2\/42wp_author?post=102015"}],"curies":[{"name":"wp","href":"https:\/\/api.w.org\/{rel}","templated":true}]}}