{"id":10203,"date":"2026-04-07T16:10:17","date_gmt":"2026-04-07T19:10:17","guid":{"rendered":"https:\/\/grandepremio.com\/br\/noticias\/fia-f1-planejam-2-reuniao-votacao-mudancas-regulamento-2026\/"},"modified":"2026-04-07T16:16:55","modified_gmt":"2026-04-07T19:16:55","slug":"fia-f1-planejam-2-reuniao-votacao-mudancas-regulamento-2026","status":"publish","type":"post","link":"https:\/\/grandepremio.com\/br\/f1\/fia-f1-planejam-2-reuniao-votacao-mudancas-regulamento-2026\/","title":{"rendered":"FIA e F1 planejam 2\u00aa reuni\u00e3o para vota\u00e7\u00e3o em mudan\u00e7as do regulamento de 2026"},"content":{"rendered":"\n<p class=\"wp-block-paragraph\">A reuni\u00e3o entre a <strong>Federa\u00e7\u00e3o Internacional de Automobilismo<\/strong> (<strong>FIA<\/strong>), a <strong>Formula One Management<\/strong> (<strong>FOM<\/strong>) e as equipes, para avaliar poss\u00edveis mudan\u00e7as no regulamento da <strong>F\u00f3rmula 1<\/strong>, ser\u00e1 de car\u00e1ter menos decisivo do que era esperado anteriormente. Isso porque o encontro do pr\u00f3ximo dia 9, que acontece de maneira virtual, tem como objetivo focar em trabalhos preparat\u00f3rios, e n\u00e3o na tomada de decis\u00f5es finais.<\/p>\n\n\n\n<p class=\"wp-block-paragraph\">A informa\u00e7\u00e3o \u00e9 do portal neerland\u00eas <em>RacingNews365<\/em> desta ter\u00e7a-feira (7), que deixou claro que a conversa vai focar em mudan\u00e7as imediatas e de curto prazo que podem ser implementadas j\u00e1 no <strong>GP de Miami<\/strong>, pr\u00f3xima etapa da temporada 2026, no in\u00edcio de maio. O ve\u00edculo ainda informou que um segundo encontro, programado para 20 de abril, ser\u00e1 o que realmente importa, j\u00e1 que acontecer\u00e1 a vota\u00e7\u00e3o das propostas para ajustes das regras.<\/p>\n\n\n\n<figure class=\"wp-block-embed is-type-video is-provider-youtube wp-block-embed-youtube wp-embed-aspect-16-9 wp-has-aspect-ratio\"><div class=\"wp-block-embed__wrapper\">\n<iframe loading=\"lazy\" title=\"MOTOR V8 DE VOLTA NA F1? BEARMAN TEM FUTURO NA FERRARI | Paddock GP #450\" width=\"500\" height=\"281\" src=\"https:\/\/www.youtube.com\/embed\/Xkq4w6Zrcvc?feature=oembed\" frameborder=\"0\" allow=\"accelerometer; autoplay; clipboard-write; encrypted-media; gyroscope; picture-in-picture; web-share\" referrerpolicy=\"strict-origin-when-cross-origin\" allowfullscreen><\/iframe>\n<\/div><\/figure>\n\n\n\n<h3 class=\"wp-block-heading has-vivid-red-color has-text-color has-link-color wp-elements-1\" id=\"h-gp-experience-o-novo-produto-do-grande-premio-conecta-voce-aos-maiores-eventos-de-esporte-a-motor-do-mundo-va-para-indianapolis-com-a-gente-saiba-aqui-todos-os-detalhes\"><strong>+ GP EXPERIENCE: o novo produto do GRANDE PR\u00caMIO conecta voc\u00ea aos maiores eventos de esporte a motor do mundo. V\u00e1 para Indian\u00e1polis com a gente:\u00a0<a href=\"https:\/\/gpexperience.tur.br\/\">saiba aqui todos os detalhes<\/a>.<\/strong><\/h3>\n\n\n\n<p class=\"wp-block-paragraph\">Com a unidade de pot\u00eancia agora dividida igualitariamente entre parte el\u00e9trica e motor a combust\u00e3o, os pilotos precisam adotar estrat\u00e9gias contraintuitivas para recuperar e utilizar energia no decorrer da corrida \u2014 o que tem causado preocupa\u00e7\u00f5es em rela\u00e7\u00e3o \u00e0 seguran\u00e7a. No\u00a0<strong>Circuito de Suzuka<\/strong>,\u00a0<a href=\"https:\/\/www.grandepremio.com\/br\/f1\/noticias\/kimi-antonelli-vale-safety-car-largada-ruim-vence-gp-japao-gabriel-bortoleto-13o\/\">h\u00e1 quase dez dias<\/a>, <strong>Oliver Bearman<\/strong>\u00a0<a href=\"https:\/\/www.grandepremio.com\/br\/video\/f1\/oliver-bearman-perde-controle-alta-velocidade-bate-forte-gp-do-japao\/\">se tornou a primeira v\u00edtima dessa abordagem<\/a>\u00a0um tanto incomum ao ter de desviar de\u00a0<strong>Franco Colapinto<\/strong>\u00a0na aproxima\u00e7\u00e3o da Curva 13.<\/p>\n\n\n\n<p class=\"wp-block-paragraph\">Ao sofrer um impacto de 50G a uma velocidade de 308 km\/h, o titular da <strong>Haas<\/strong> recebeu o apoio dos colegas de profiss\u00e3o.\u00a0<strong>Lewis Hamilton<\/strong>\u00a0e\u00a0<strong>Carlos Sainz<\/strong>, por exemplo,\u00a0<a href=\"https:\/\/www.grandepremio.com\/br\/f1\/noticias\/lewis-hamilton-duvida-ajustes-regulamento-f1-dispara-pilotos-nao-tem-voz\/\">declararam publicamente<\/a>\u00a0que a <strong>F1<\/strong> <a href=\"https:\/\/www.grandepremio.com\/br\/f1\/noticias\/carlos-sainz-diz-pilotos-nao-tem-voz-critica-f1-novo-regulamento-so-ouve-equipes\/\">precisa escutar mais a opini\u00e3o dos pilotos<\/a>, enquanto\u00a0<strong>Max Verstappen<\/strong>\u00a0<a href=\"https:\/\/www.grandepremio.com\/br\/f1\/noticias\/max-verstappen-questiona-vale-pena-considera-deixar-f1-fim-temporada-2026\/\">tem amea\u00e7ado seriamente deixar a competi\u00e7\u00e3o<\/a>\u00a0se nenhuma medida for tomada nos pr\u00f3ximos meses.<\/p>\n\n\n\n<p class=\"wp-block-paragraph\">Como resultado, a\u00a0FIA\u00a0<a href=\"https:\/\/www.grandepremio.com\/br\/f1\/noticias\/fia-promete-revisao-regulamento-f1-apos-acidente-oliver-bearman-japao\/\">anunciou que vai aproveitar o hiato de cinco semanas sem corridas para discutir poss\u00edveis mudan\u00e7as<\/a>. No in\u00edcio de abril, o portal ingl\u00eas <em>The Race<\/em> <a href=\"https:\/\/www.grandepremio.com\/br\/f1\/noticias\/o-que-esta-em-debate-reuniao-crucial-alteracoes-regulamento-f1-2026\/\">levantou algumas pautas que estariam em discuss\u00e3o nessa reuni\u00e3o<\/a>, que v\u00e3o desde aumentar a quantidade de energia que pode ser recuperada durante o super clipping at\u00e9 uma revis\u00e3o completa das regras do uso da aerodin\u00e2mica ativa.<\/p>\n\n\n\n\n\n\n\n<p class=\"wp-block-paragraph\">Sendo assim, no pr\u00f3ximo dia 9, as partes envolvidas, agora munidas de dados reais e de uma avalia\u00e7\u00e3o das tr\u00eas primeiras corridas \u2014 <strong>Austr\u00e1lia<\/strong>, <strong>China<\/strong> e <strong>Jap\u00e3o<\/strong> \u2014, v\u00e3o discutir os primeiros passos para aprimorar as regras de 2026. Embora ajustes no m\u00e9todo de gest\u00e3o de energia dos carros possam ser feitos, o <em>RN365<\/em> alertou que altera\u00e7\u00f5es mais substanciais v\u00e3o exigir um tempo maior para serem implementadas.<\/p>\n\n\n\n<p class=\"wp-block-paragraph\">Para esta quinta-feira, tamb\u00e9m \u00e9 esperada uma decis\u00e3o sobre quando vai acontecer a primeira revis\u00e3o das <strong>Oportunidades Adicionais de Desenvolvimento e Atualiza\u00e7\u00e3o<\/strong> (<strong>ADUO<\/strong>, da sigla em ingl\u00eas). Com o adiamento das etapas no <strong>Bahrein<\/strong> e na <strong>Ar\u00e1bia Saudita<\/strong>, ainda n\u00e3o se sabe se a data original ser\u00e1 mantida, no caso, ap\u00f3s <strong>Miami<\/strong>, ou se o prazo ser\u00e1 empurrado para o <strong>GP de M\u00f4naco<\/strong>, que agora se tornou a sexta prova do calend\u00e1rio.<\/p>\n\n\n\n<p class=\"wp-block-paragraph\">A&nbsp;<strong>F\u00f3rmula 1<\/strong>&nbsp;agora entra em hiato ap\u00f3s a suspens\u00e3o dos GPs do&nbsp;<strong>Bahrein&nbsp;<\/strong>e da<strong>&nbsp;Ar\u00e1bia Saudita<\/strong>&nbsp;e retorna de 1\u00ba a 3 de maio com o&nbsp;<strong>GP de Miami<\/strong>.<\/p>\n\n\n\n<p class=\"wp-block-paragraph\">\u25b6\ufe0f\u00a0<strong>Inscreva-se nos dois canais do GRANDE PR\u00caMIO no YouTube:\u00a0<a href=\"https:\/\/www.youtube.com\/channel\/UC9OlHEgxoaY6QY6nWPoiqQg?sub_confirmation=1\">GP<\/a>\u00a0|\u00a0<a href=\"https:\/\/www.youtube.com\/channel\/UC9csiS6q_C3C0FYhyr1rnFA?sub_confirmation=1\">GPTV<\/a><\/strong><\/p>\n\n\n\n<p class=\"wp-block-paragraph\" id=\"h-f1-hoje-saiba-aqui-as-noticias-mais-importantes-do-dia-da-formula-1\" style=\"font-size:30px\"><strong>F1 hoje: saiba aqui as not\u00edcias mais importantes do dia da F\u00f3rmula 1<\/strong><\/p>\n\n\n\n<p class=\"wp-block-paragraph\">A reda\u00e7\u00e3o do&nbsp;<strong>GRANDE PR\u00caMIO<\/strong>&nbsp;selecionou as not\u00edcias mais importantes das \u00faltimas horas para voc\u00ea ficar por dentro de tudo que acontece na F1.<\/p>\n\n\n\n<p class=\"wp-block-paragraph\">\u25b6\ufe0f\u00a0<a href=\"https:\/\/www.grandepremio.com\/br\/f1\/noticias\/pirelli-confirma-teste-pneus-f1-mercedes-mclaren-nurburgring\/\"><strong>Pirelli confirma teste de pneus da F1 com Mercedes e McLaren em N\u00fcrburgring<\/strong><\/a><br>\u25b6\ufe0f <strong><a href=\"https:\/\/www.grandepremio.com\/br\/f1\/noticias\/brilho-oliver-bearman-promessa-dilema-rafael-camara-ferrari-pode-sobrar-esteban-ocon\/\"><\/a><a href=\"https:\/\/www.grandepremio.com\/br\/f1\/noticias\/christian-horner-audi-por-que-ideia-dor-cabeca-totalmente-dispensavel-equipe-alema\/\">Horner na Audi? Por que ideia \u00e9 dor de cabe\u00e7a totalmente dispens\u00e1vel para equipe alem\u00e3<\/a><\/strong><br>\u25b6\ufe0f\u00a0<a href=\"https:\/\/www.grandepremio.com\/br\/f1\/noticias\/f1-antecipa-debate-sobre-regras-2031-volta-considerar-retorno-motores-v8\/\"><\/a><strong><a href=\"https:\/\/www.grandepremio.com\/br\/web-stories\/f1\/por-que-f1-antecipou-debates-sobre-motor-de-2031\/\">Por que F1 antecipou debates sobre motor de 2031<\/a><\/strong><br>\u25b6\ufe0f\u00a0<strong><a href=\"https:\/\/www.grandepremio.com\/br\/f1\/noticias\/pierre-gasly-se-empolga-salto-alpine-projeta-briga-ferrari-mclaren-formula-1-2026\/\"><\/a><a href=\"https:\/\/www.grandepremio.com\/br\/galeria\/f1\/inalcancavel-fraquezas-ainda-expoem-mercedes-temporada-2026-f1\/\">Inalcan\u00e7\u00e1vel? As fraquezas que ainda exp\u00f5em Mercedes na temporada 2026 da F1<\/a><\/strong><br>\u25b6\ufe0f\u00a0<strong><a href=\"https:\/\/www.grandepremio.com\/br\/f1\/noticias\/max-verstappen-exalta-pai-participacoes-rali-risco-nao-quero-assumir\/\"><\/a><a href=\"https:\/\/www.grandepremio.com\/br\/f1\/noticias\/charles-leclerc-reforca-unica-chance-ferrari-f1-2026-irritar-mercedes\/\">Leclerc refor\u00e7a \u201c\u00fanica chance\u201d da Ferrari na F1 2026: \u201cIrritar a Mercedes\u201d<\/a><\/strong><br>\u25b6\ufe0f <a href=\"https:\/\/www.grandepremio.com\/br\/f1\/noticias\/honda-traca-plano-recuperacao-f1-foca-evolucao-confiabilidade\/\"><strong>Honda tra\u00e7a plano de recupera\u00e7\u00e3o na F1 e foca em evolu\u00e7\u00e3o de confiabilidade<\/strong><\/a><\/p>\n","protected":false},"excerpt":{"rendered":"<p>Com a reuni\u00e3o da pr\u00f3xima quinta-feira, dia 9, assumindo um papel introdut\u00f3rio nas discuss\u00f5es sobre mudan\u00e7as no regulamento, as equipes ter\u00e3o um encontro mais decisivo com a FIA em 20 de abril<\/p>\n","protected":false},"author":0,"featured_media":1001073203,"comment_status":"closed","ping_status":"closed","sticky":false,"template":"","format":"standard","meta":{"42wp_featured_image_caption":"","42wp_featured_image_credits":"","42wp_featured_video":"","42wp_featured_image_hidden":false,"42wp_authors_list":[],"footnotes":""},"categories":[2],"tags":[27776,34186,27487,38407,45462,5660,8235,45463,969,147,29516,642,11958,160,45554,103,4838,180,31425,1491,30103,28285],"42wp_author":[47160],"class_list":["post-10203","post","type-post","status-publish","format-standard","has-post-thumbnail","hentry","category-f1","tag-assistir-f1-ao-vivo","tag-assistir-f1-gratis","tag-assistir-f1-online","tag-calendario-f1-2026","tag-calendario-f1-2026-horarios","tag-classificacao","tag-classificacao-da-f1","tag-classificacao-f1-2026","tag-corrida","tag-f1","tag-f1-2026","tag-f1-ao-vivo","tag-f1-live","tag-f1-tv","tag-f1-tv-2026","tag-fia","tag-fom","tag-formula-1","tag-formula-1-2026","tag-grande-premio","tag-grande-premio-f1","tag-grandepremio","42wp_author-vicente-soella"],"_links":{"self":[{"href":"https:\/\/grandepremio.com\/br\/wp-json\/wp\/v2\/posts\/10203","targetHints":{"allow":["GET"]}}],"collection":[{"href":"https:\/\/grandepremio.com\/br\/wp-json\/wp\/v2\/posts"}],"about":[{"href":"https:\/\/grandepremio.com\/br\/wp-json\/wp\/v2\/types\/post"}],"replies":[{"embeddable":true,"href":"https:\/\/grandepremio.com\/br\/wp-json\/wp\/v2\/comments?post=10203"}],"version-history":[{"count":0,"href":"https:\/\/grandepremio.com\/br\/wp-json\/wp\/v2\/posts\/10203\/revisions"}],"wp:featuredmedia":[{"embeddable":true,"href":"https:\/\/grandepremio.com\/br\/wp-json\/wp\/v2\/media\/1001073203"}],"wp:attachment":[{"href":"https:\/\/grandepremio.com\/br\/wp-json\/wp\/v2\/media?parent=10203"}],"wp:term":[{"taxonomy":"category","embeddable":true,"href":"https:\/\/grandepremio.com\/br\/wp-json\/wp\/v2\/categories?post=10203"},{"taxonomy":"post_tag","embeddable":true,"href":"https:\/\/grandepremio.com\/br\/wp-json\/wp\/v2\/tags?post=10203"},{"taxonomy":"42wp_author","embeddable":true,"href":"https:\/\/grandepremio.com\/br\/wp-json\/wp\/v2\/42wp_author?post=10203"}],"curies":[{"name":"wp","href":"https:\/\/api.w.org\/{rel}","templated":true}]}}